{"id":3,"count":14,"description":"IREMOS INSERTANDO POST con las notas de prensa que aparezcan en \u00e1mbito local o nacional sobre el PICUDO NEGRO Scyphophorus acupunctatus\r\nSi conseguimos informar a la poblaci\u00f3n la lucha ser\u00e1 m\u00e1s eficaz.","link":"https:\/\/elpicudonegro.com\/web\/category\/notas-prensa-sobre-picudo-negro\/","name":"Noticias en prensa sobre el PICUDO NEGRO","slug":"notas-prensa-sobre-picudo-negro","taxonomy":"category","parent":0,"meta":[],"yoast_head":"<!-- This site is optimized with the Yoast SEO plugin v27.5 - https:\/\/yoast.com\/product\/yoast-seo-wordpress\/ -->\n<title>Noticias en prensa sobre el PICUDO NEGRO Archivos - EL PICUDO NEGRO<\/title>\n<meta name=\"robots\" content=\"index, follow, max-snippet:-1, max-image-preview:large, max-video-preview:-1\" \/>\n<link rel=\"canonical\" href=\"https:\/\/elpicudonegro.com\/web\/category\/notas-prensa-sobre-picudo-negro\/\" \/>\n<meta property=\"og:locale\" content=\"es_ES\" \/>\n<meta property=\"og:type\" content=\"article\" \/>\n<meta property=\"og:title\" content=\"Noticias en prensa sobre el PICUDO NEGRO Archivos - EL PICUDO NEGRO\" \/>\n<meta property=\"og:description\" content=\"IREMOS INSERTANDO POST con las notas de prensa que aparezcan en \u00e1mbito local o nacional sobre el PICUDO NEGRO Scyphophorus acupunctatus Si conseguimos informar a la poblaci\u00f3n la lucha ser\u00e1 m\u00e1s eficaz.\" \/>\n<meta property=\"og:url\" content=\"https:\/\/elpicudonegro.com\/web\/category\/notas-prensa-sobre-picudo-negro\/\" \/>\n<meta property=\"og:site_name\" content=\"EL PICUDO NEGRO\" \/>\n<meta name=\"twitter:card\" content=\"summary_large_image\" \/>\n<script type=\"application\/ld+json\" class=\"yoast-schema-graph\">{\"@context\":\"https:\\\/\\\/schema.org\",\"@graph\":[{\"@type\":\"CollectionPage\",\"@id\":\"https:\\\/\\\/elpicudonegro.com\\\/web\\\/category\\\/notas-prensa-sobre-picudo-negro\\\/\",\"url\":\"https:\\\/\\\/elpicudonegro.com\\\/web\\\/category\\\/notas-prensa-sobre-picudo-negro\\\/\",\"name\":\"Noticias en prensa sobre el PICUDO NEGRO Archivos - EL PICUDO NEGRO\",\"isPartOf\":{\"@id\":\"https:\\\/\\\/elpicudonegro.com\\\/web\\\/#website\"},\"breadcrumb\":{\"@id\":\"https:\\\/\\\/elpicudonegro.com\\\/web\\\/category\\\/notas-prensa-sobre-picudo-negro\\\/#breadcrumb\"},\"inLanguage\":\"es\"},{\"@type\":\"BreadcrumbList\",\"@id\":\"https:\\\/\\\/elpicudonegro.com\\\/web\\\/category\\\/notas-prensa-sobre-picudo-negro\\\/#breadcrumb\",\"itemListElement\":[{\"@type\":\"ListItem\",\"position\":1,\"name\":\"Portada\",\"item\":\"https:\\\/\\\/elpicudonegro.com\\\/web\\\/\"},{\"@type\":\"ListItem\",\"position\":2,\"name\":\"Noticias en prensa sobre el PICUDO NEGRO\"}]},{\"@type\":\"WebSite\",\"@id\":\"https:\\\/\\\/elpicudonegro.com\\\/web\\\/#website\",\"url\":\"https:\\\/\\\/elpicudonegro.com\\\/web\\\/\",\"name\":\"EL PICUDO NEGRO\",\"description\":\"Control de la plaga de picudo negro en las pitas de Almeria\",\"potentialAction\":[{\"@type\":\"SearchAction\",\"target\":{\"@type\":\"EntryPoint\",\"urlTemplate\":\"https:\\\/\\\/elpicudonegro.com\\\/web\\\/?s={search_term_string}\"},\"query-input\":{\"@type\":\"PropertyValueSpecification\",\"valueRequired\":true,\"valueName\":\"search_term_string\"}}],\"inLanguage\":\"es\"}]}<\/script>\n<!-- \/ Yoast SEO plugin. -->","yoast_head_json":{"title":"Noticias en prensa sobre el PICUDO NEGRO Archivos - EL PICUDO NEGRO","robots":{"index":"index","follow":"follow","max-snippet":"max-snippet:-1","max-image-preview":"max-image-preview:large","max-video-preview":"max-video-preview:-1"},"canonical":"https:\/\/elpicudonegro.com\/web\/category\/notas-prensa-sobre-picudo-negro\/","og_locale":"es_ES","og_type":"article","og_title":"Noticias en prensa sobre el PICUDO NEGRO Archivos - EL PICUDO NEGRO","og_description":"IREMOS INSERTANDO POST con las notas de prensa que aparezcan en \u00e1mbito local o nacional sobre el PICUDO NEGRO Scyphophorus acupunctatus Si conseguimos informar a la poblaci\u00f3n la lucha ser\u00e1 m\u00e1s eficaz.","og_url":"https:\/\/elpicudonegro.com\/web\/category\/notas-prensa-sobre-picudo-negro\/","og_site_name":"EL PICUDO NEGRO","twitter_card":"summary_large_image","schema":{"@context":"https:\/\/schema.org","@graph":[{"@type":"CollectionPage","@id":"https:\/\/elpicudonegro.com\/web\/category\/notas-prensa-sobre-picudo-negro\/","url":"https:\/\/elpicudonegro.com\/web\/category\/notas-prensa-sobre-picudo-negro\/","name":"Noticias en prensa sobre el PICUDO NEGRO Archivos - EL PICUDO NEGRO","isPartOf":{"@id":"https:\/\/elpicudonegro.com\/web\/#website"},"breadcrumb":{"@id":"https:\/\/elpicudonegro.com\/web\/category\/notas-prensa-sobre-picudo-negro\/#breadcrumb"},"inLanguage":"es"},{"@type":"BreadcrumbList","@id":"https:\/\/elpicudonegro.com\/web\/category\/notas-prensa-sobre-picudo-negro\/#breadcrumb","itemListElement":[{"@type":"ListItem","position":1,"name":"Portada","item":"https:\/\/elpicudonegro.com\/web\/"},{"@type":"ListItem","position":2,"name":"Noticias en prensa sobre el PICUDO NEGRO"}]},{"@type":"WebSite","@id":"https:\/\/elpicudonegro.com\/web\/#website","url":"https:\/\/elpicudonegro.com\/web\/","name":"EL PICUDO NEGRO","description":"Control de la plaga de picudo negro en las pitas de Almeria","potentialAction":[{"@type":"SearchAction","target":{"@type":"EntryPoint","urlTemplate":"https:\/\/elpicudonegro.com\/web\/?s={search_term_string}"},"query-input":{"@type":"PropertyValueSpecification","valueRequired":true,"valueName":"search_term_string"}}],"inLanguage":"es"}]}},"_links":{"self":[{"href":"https:\/\/elpicudonegro.com\/web\/wp-json\/wp\/v2\/categories\/3","targetHints":{"allow":["GET"]}}],"collection":[{"href":"https:\/\/elpicudonegro.com\/web\/wp-json\/wp\/v2\/categories"}],"about":[{"href":"https:\/\/elpicudonegro.com\/web\/wp-json\/wp\/v2\/taxonomies\/category"}],"wp:post_type":[{"href":"https:\/\/elpicudonegro.com\/web\/wp-json\/wp\/v2\/posts?categories=3"}],"curies":[{"name":"wp","href":"https:\/\/api.w.org\/{rel}","templated":true}]}}