{"id":1002,"date":"2017-08-17T21:50:27","date_gmt":"2017-08-17T21:50:27","guid":{"rendered":"http:\/\/elpicudonegro.com\/web\/?p=1002"},"modified":"2017-08-17T22:02:16","modified_gmt":"2017-08-17T22:02:16","slug":"prensa-local-picudo-negro","status":"publish","type":"post","link":"https:\/\/elpicudonegro.com\/web\/2017\/08\/17\/prensa-local-picudo-negro\/","title":{"rendered":"El picudo negro en prensa local"},"content":{"rendered":"<p>Despu\u00e9s de un tiempo sin aparecer en prensa, esta semana vuelve a la prensa local de Almer\u00eda una referencia sobre el grave problema que las<strong> pitas<\/strong> tienen en el litoral mediterr\u00e1neo y principalmente en Almer\u00eda.<\/p>\n<p>La noticia que se expone a continuaci\u00f3n, no proviene de una nota enviada desde esta web, aunque en cualquier caso, lo m\u00e1s importante es la <strong>concienciaci\u00f3n<\/strong> sobre la terrible situaci\u00f3n de nuestras PITAS, esas plantas emblem\u00e1ticas en este territorio.<\/p>\n<p>Ver enlace:<br \/>\n<strong><a href=\"http:\/\/www.elalmeria.es\/almeria\/pitas-peligro-picudo-negro_0_1163883638.html\" target=\"_blank\" rel=\"noopener noreferrer\">EL DIARIO DE ALMER\u00cdA &#8211; ROSA GALLARDO 17\/08\/2017<\/a><\/strong><br \/>\n<a href=\"http:\/\/www.elalmeria.es\/almeria\/pitas-peligro-picudo-negro_0_1163883638.html\" target=\"_blank\" rel=\"noopener noreferrer\"><img data-recalc-dims=\"1\" loading=\"lazy\" decoding=\"async\" data-attachment-id=\"1003\" data-permalink=\"https:\/\/elpicudonegro.com\/web\/2017\/08\/17\/prensa-local-picudo-negro\/eldiario-de-almeria\/\" data-orig-file=\"https:\/\/i0.wp.com\/elpicudonegro.com\/web\/wp-content\/uploads\/2017\/08\/ELDIARIO-DE-ALMERIA.jpg?fit=885%2C596&amp;ssl=1\" data-orig-size=\"885,596\" data-comments-opened=\"1\" data-image-meta=\"{&quot;aperture&quot;:&quot;0&quot;,&quot;credit&quot;:&quot;&quot;,&quot;camera&quot;:&quot;&quot;,&quot;caption&quot;:&quot;&quot;,&quot;created_timestamp&quot;:&quot;0&quot;,&quot;copyright&quot;:&quot;&quot;,&quot;focal_length&quot;:&quot;0&quot;,&quot;iso&quot;:&quot;0&quot;,&quot;shutter_speed&quot;:&quot;0&quot;,&quot;title&quot;:&quot;&quot;,&quot;orientation&quot;:&quot;0&quot;}\" data-image-title=\"ELDIARIO DE ALMERIA\" data-image-description=\"\" data-image-caption=\"\" data-large-file=\"https:\/\/i0.wp.com\/elpicudonegro.com\/web\/wp-content\/uploads\/2017\/08\/ELDIARIO-DE-ALMERIA.jpg?fit=474%2C319&amp;ssl=1\" class=\"aligncenter wp-image-1003 size-medium\" title=\"foto de la noticia en el diario de almeria\" src=\"https:\/\/i0.wp.com\/elpicudonegro.com\/web\/wp-content\/uploads\/2017\/08\/ELDIARIO-DE-ALMERIA.jpg?resize=300%2C202\" alt=\"\" width=\"300\" height=\"202\" srcset=\"https:\/\/i0.wp.com\/elpicudonegro.com\/web\/wp-content\/uploads\/2017\/08\/ELDIARIO-DE-ALMERIA.jpg?resize=300%2C202&amp;ssl=1 300w, https:\/\/i0.wp.com\/elpicudonegro.com\/web\/wp-content\/uploads\/2017\/08\/ELDIARIO-DE-ALMERIA.jpg?resize=768%2C517&amp;ssl=1 768w, https:\/\/i0.wp.com\/elpicudonegro.com\/web\/wp-content\/uploads\/2017\/08\/ELDIARIO-DE-ALMERIA.jpg?w=885&amp;ssl=1 885w\" sizes=\"auto, (max-width: 300px) 100vw, 300px\" \/><\/a><\/p>\n<p>Enlace para ver las numerosas notas publicadas desde nuestros comienzos <a href=\"http:\/\/elpicudonegro.com\/web\/category\/notas-prensa-sobre-picudo-negro\/\" target=\"_blank\" rel=\"noopener noreferrer\">PINCHA AQU\u00cd<\/a><br \/>\nDivulga y comparte. Muchas gracias<\/p>\n<p>&nbsp;<\/p>\n<p>&nbsp;<\/p>\n","protected":false},"excerpt":{"rendered":"<p>Despu\u00e9s de un tiempo sin aparecer en prensa, esta semana vuelve a la prensa local de Almer\u00eda una referencia sobre el grave problema que las pitas tienen en el litoral mediterr\u00e1neo y principalmente en Almer\u00eda. La noticia que se expone a continuaci\u00f3n, no proviene de una nota enviada desde esta web, aunque en cualquier caso, &hellip; <a href=\"https:\/\/elpicudonegro.com\/web\/2017\/08\/17\/prensa-local-picudo-negro\/\" class=\"more-link\">Seguir leyendo <span class=\"screen-reader-text\">El picudo negro en prensa local<\/span> <span class=\"meta-nav\">&rarr;<\/span><\/a><\/p>\n","protected":false},"author":1,"featured_media":0,"comment_status":"open","ping_status":"open","sticky":false,"template":"","format":"standard","meta":{"jetpack_post_was_ever_published":false,"_jetpack_newsletter_access":"","_jetpack_dont_email_post_to_subs":false,"_jetpack_newsletter_tier_id":0,"_jetpack_memberships_contains_paywalled_content":false,"_jetpack_memberships_contains_paid_content":false,"footnotes":"","jetpack_publicize_message":"","jetpack_publicize_feature_enabled":true,"jetpack_social_post_already_shared":true,"jetpack_social_options":{"image_generator_settings":{"template":"highway","default_image_id":0,"font":"","enabled":false},"version":2}},"categories":[3],"tags":[11],"class_list":["post-1002","post","type-post","status-publish","format-standard","hentry","category-notas-prensa-sobre-picudo-negro","tag-picudo-negro-en-prensa"],"yoast_head":"<!-- This site is optimized with the Yoast SEO plugin v27.4 - https:\/\/yoast.com\/product\/yoast-seo-wordpress\/ -->\n<title>picudo negro en prensa local<\/title>\n<meta name=\"description\" content=\"Esta semana vuelve a la prensa local de Almer\u00eda una referencia sobre el PICUDO NEGRO de las pitas en Almer\u00eda.\" \/>\n<meta name=\"robots\" content=\"index, follow, max-snippet:-1, max-image-preview:large, max-video-preview:-1\" \/>\n<link rel=\"canonical\" href=\"https:\/\/elpicudonegro.com\/web\/2017\/08\/17\/prensa-local-picudo-negro\/\" \/>\n<meta property=\"og:locale\" content=\"es_ES\" \/>\n<meta property=\"og:type\" content=\"article\" \/>\n<meta property=\"og:title\" content=\"picudo negro en prensa local\" \/>\n<meta property=\"og:description\" content=\"Esta semana vuelve a la prensa local de Almer\u00eda una referencia sobre el PICUDO NEGRO de las pitas en Almer\u00eda.\" \/>\n<meta property=\"og:url\" content=\"https:\/\/elpicudonegro.com\/web\/2017\/08\/17\/prensa-local-picudo-negro\/\" \/>\n<meta property=\"og:site_name\" content=\"EL PICUDO NEGRO\" \/>\n<meta property=\"article:published_time\" content=\"2017-08-17T21:50:27+00:00\" \/>\n<meta property=\"article:modified_time\" content=\"2017-08-17T22:02:16+00:00\" \/>\n<meta property=\"og:image\" content=\"http:\/\/elpicudonegro.com\/web\/wp-content\/uploads\/2017\/08\/ELDIARIO-DE-ALMERIA-300x202.jpg\" \/>\n<meta name=\"author\" content=\"administrador\" \/>\n<meta name=\"twitter:card\" content=\"summary_large_image\" \/>\n<meta name=\"twitter:label1\" content=\"Escrito por\" \/>\n\t<meta name=\"twitter:data1\" content=\"administrador\" \/>\n\t<meta name=\"twitter:label2\" content=\"Tiempo de lectura\" \/>\n\t<meta name=\"twitter:data2\" content=\"1 minuto\" \/>\n<script type=\"application\/ld+json\" class=\"yoast-schema-graph\">{\"@context\":\"https:\\\/\\\/schema.org\",\"@graph\":[{\"@type\":\"Article\",\"@id\":\"https:\\\/\\\/elpicudonegro.com\\\/web\\\/2017\\\/08\\\/17\\\/prensa-local-picudo-negro\\\/#article\",\"isPartOf\":{\"@id\":\"https:\\\/\\\/elpicudonegro.com\\\/web\\\/2017\\\/08\\\/17\\\/prensa-local-picudo-negro\\\/\"},\"author\":{\"name\":\"administrador\",\"@id\":\"https:\\\/\\\/elpicudonegro.com\\\/web\\\/#\\\/schema\\\/person\\\/94d2eca306e3e8bd545803f8d23f19d1\"},\"headline\":\"El picudo negro en prensa local\",\"datePublished\":\"2017-08-17T21:50:27+00:00\",\"dateModified\":\"2017-08-17T22:02:16+00:00\",\"mainEntityOfPage\":{\"@id\":\"https:\\\/\\\/elpicudonegro.com\\\/web\\\/2017\\\/08\\\/17\\\/prensa-local-picudo-negro\\\/\"},\"wordCount\":118,\"commentCount\":2,\"image\":{\"@id\":\"https:\\\/\\\/elpicudonegro.com\\\/web\\\/2017\\\/08\\\/17\\\/prensa-local-picudo-negro\\\/#primaryimage\"},\"thumbnailUrl\":\"http:\\\/\\\/elpicudonegro.com\\\/web\\\/wp-content\\\/uploads\\\/2017\\\/08\\\/ELDIARIO-DE-ALMERIA-300x202.jpg\",\"keywords\":[\"picudo negro en prensa\"],\"articleSection\":[\"Noticias en prensa sobre el PICUDO NEGRO\"],\"inLanguage\":\"es\",\"potentialAction\":[{\"@type\":\"CommentAction\",\"name\":\"Comment\",\"target\":[\"https:\\\/\\\/elpicudonegro.com\\\/web\\\/2017\\\/08\\\/17\\\/prensa-local-picudo-negro\\\/#respond\"]}]},{\"@type\":\"WebPage\",\"@id\":\"https:\\\/\\\/elpicudonegro.com\\\/web\\\/2017\\\/08\\\/17\\\/prensa-local-picudo-negro\\\/\",\"url\":\"https:\\\/\\\/elpicudonegro.com\\\/web\\\/2017\\\/08\\\/17\\\/prensa-local-picudo-negro\\\/\",\"name\":\"picudo negro en prensa local\",\"isPartOf\":{\"@id\":\"https:\\\/\\\/elpicudonegro.com\\\/web\\\/#website\"},\"primaryImageOfPage\":{\"@id\":\"https:\\\/\\\/elpicudonegro.com\\\/web\\\/2017\\\/08\\\/17\\\/prensa-local-picudo-negro\\\/#primaryimage\"},\"image\":{\"@id\":\"https:\\\/\\\/elpicudonegro.com\\\/web\\\/2017\\\/08\\\/17\\\/prensa-local-picudo-negro\\\/#primaryimage\"},\"thumbnailUrl\":\"http:\\\/\\\/elpicudonegro.com\\\/web\\\/wp-content\\\/uploads\\\/2017\\\/08\\\/ELDIARIO-DE-ALMERIA-300x202.jpg\",\"datePublished\":\"2017-08-17T21:50:27+00:00\",\"dateModified\":\"2017-08-17T22:02:16+00:00\",\"author\":{\"@id\":\"https:\\\/\\\/elpicudonegro.com\\\/web\\\/#\\\/schema\\\/person\\\/94d2eca306e3e8bd545803f8d23f19d1\"},\"description\":\"Esta semana vuelve a la prensa local de Almer\u00eda una referencia sobre el PICUDO NEGRO de las pitas en Almer\u00eda.\",\"breadcrumb\":{\"@id\":\"https:\\\/\\\/elpicudonegro.com\\\/web\\\/2017\\\/08\\\/17\\\/prensa-local-picudo-negro\\\/#breadcrumb\"},\"inLanguage\":\"es\",\"potentialAction\":[{\"@type\":\"ReadAction\",\"target\":[\"https:\\\/\\\/elpicudonegro.com\\\/web\\\/2017\\\/08\\\/17\\\/prensa-local-picudo-negro\\\/\"]}]},{\"@type\":\"ImageObject\",\"inLanguage\":\"es\",\"@id\":\"https:\\\/\\\/elpicudonegro.com\\\/web\\\/2017\\\/08\\\/17\\\/prensa-local-picudo-negro\\\/#primaryimage\",\"url\":\"https:\\\/\\\/i0.wp.com\\\/elpicudonegro.com\\\/web\\\/wp-content\\\/uploads\\\/2017\\\/08\\\/ELDIARIO-DE-ALMERIA.jpg?fit=885%2C596&ssl=1\",\"contentUrl\":\"https:\\\/\\\/i0.wp.com\\\/elpicudonegro.com\\\/web\\\/wp-content\\\/uploads\\\/2017\\\/08\\\/ELDIARIO-DE-ALMERIA.jpg?fit=885%2C596&ssl=1\",\"width\":885,\"height\":596},{\"@type\":\"BreadcrumbList\",\"@id\":\"https:\\\/\\\/elpicudonegro.com\\\/web\\\/2017\\\/08\\\/17\\\/prensa-local-picudo-negro\\\/#breadcrumb\",\"itemListElement\":[{\"@type\":\"ListItem\",\"position\":1,\"name\":\"Portada\",\"item\":\"https:\\\/\\\/elpicudonegro.com\\\/web\\\/\"},{\"@type\":\"ListItem\",\"position\":2,\"name\":\"El picudo negro en prensa local\"}]},{\"@type\":\"WebSite\",\"@id\":\"https:\\\/\\\/elpicudonegro.com\\\/web\\\/#website\",\"url\":\"https:\\\/\\\/elpicudonegro.com\\\/web\\\/\",\"name\":\"EL PICUDO NEGRO\",\"description\":\"Control de la plaga de picudo negro en las pitas de Almeria\",\"potentialAction\":[{\"@type\":\"SearchAction\",\"target\":{\"@type\":\"EntryPoint\",\"urlTemplate\":\"https:\\\/\\\/elpicudonegro.com\\\/web\\\/?s={search_term_string}\"},\"query-input\":{\"@type\":\"PropertyValueSpecification\",\"valueRequired\":true,\"valueName\":\"search_term_string\"}}],\"inLanguage\":\"es\"},{\"@type\":\"Person\",\"@id\":\"https:\\\/\\\/elpicudonegro.com\\\/web\\\/#\\\/schema\\\/person\\\/94d2eca306e3e8bd545803f8d23f19d1\",\"name\":\"administrador\",\"image\":{\"@type\":\"ImageObject\",\"inLanguage\":\"es\",\"@id\":\"https:\\\/\\\/secure.gravatar.com\\\/avatar\\\/7a8b4df9d6c0d9e6ae7583f139d0d0dfea955d3a05ac5a6a6961b1a34334d20b?s=96&d=mm&r=g\",\"url\":\"https:\\\/\\\/secure.gravatar.com\\\/avatar\\\/7a8b4df9d6c0d9e6ae7583f139d0d0dfea955d3a05ac5a6a6961b1a34334d20b?s=96&d=mm&r=g\",\"contentUrl\":\"https:\\\/\\\/secure.gravatar.com\\\/avatar\\\/7a8b4df9d6c0d9e6ae7583f139d0d0dfea955d3a05ac5a6a6961b1a34334d20b?s=96&d=mm&r=g\",\"caption\":\"administrador\"},\"url\":\"https:\\\/\\\/elpicudonegro.com\\\/web\\\/author\\\/administrador\\\/\"}]}<\/script>\n<!-- \/ Yoast SEO plugin. -->","yoast_head_json":{"title":"picudo negro en prensa local","description":"Esta semana vuelve a la prensa local de Almer\u00eda una referencia sobre el PICUDO NEGRO de las pitas en Almer\u00eda.","robots":{"index":"index","follow":"follow","max-snippet":"max-snippet:-1","max-image-preview":"max-image-preview:large","max-video-preview":"max-video-preview:-1"},"canonical":"https:\/\/elpicudonegro.com\/web\/2017\/08\/17\/prensa-local-picudo-negro\/","og_locale":"es_ES","og_type":"article","og_title":"picudo negro en prensa local","og_description":"Esta semana vuelve a la prensa local de Almer\u00eda una referencia sobre el PICUDO NEGRO de las pitas en Almer\u00eda.","og_url":"https:\/\/elpicudonegro.com\/web\/2017\/08\/17\/prensa-local-picudo-negro\/","og_site_name":"EL PICUDO NEGRO","article_published_time":"2017-08-17T21:50:27+00:00","article_modified_time":"2017-08-17T22:02:16+00:00","og_image":[{"url":"http:\/\/elpicudonegro.com\/web\/wp-content\/uploads\/2017\/08\/ELDIARIO-DE-ALMERIA-300x202.jpg","type":"","width":"","height":""}],"author":"administrador","twitter_card":"summary_large_image","twitter_misc":{"Escrito por":"administrador","Tiempo de lectura":"1 minuto"},"schema":{"@context":"https:\/\/schema.org","@graph":[{"@type":"Article","@id":"https:\/\/elpicudonegro.com\/web\/2017\/08\/17\/prensa-local-picudo-negro\/#article","isPartOf":{"@id":"https:\/\/elpicudonegro.com\/web\/2017\/08\/17\/prensa-local-picudo-negro\/"},"author":{"name":"administrador","@id":"https:\/\/elpicudonegro.com\/web\/#\/schema\/person\/94d2eca306e3e8bd545803f8d23f19d1"},"headline":"El picudo negro en prensa local","datePublished":"2017-08-17T21:50:27+00:00","dateModified":"2017-08-17T22:02:16+00:00","mainEntityOfPage":{"@id":"https:\/\/elpicudonegro.com\/web\/2017\/08\/17\/prensa-local-picudo-negro\/"},"wordCount":118,"commentCount":2,"image":{"@id":"https:\/\/elpicudonegro.com\/web\/2017\/08\/17\/prensa-local-picudo-negro\/#primaryimage"},"thumbnailUrl":"http:\/\/elpicudonegro.com\/web\/wp-content\/uploads\/2017\/08\/ELDIARIO-DE-ALMERIA-300x202.jpg","keywords":["picudo negro en prensa"],"articleSection":["Noticias en prensa sobre el PICUDO NEGRO"],"inLanguage":"es","potentialAction":[{"@type":"CommentAction","name":"Comment","target":["https:\/\/elpicudonegro.com\/web\/2017\/08\/17\/prensa-local-picudo-negro\/#respond"]}]},{"@type":"WebPage","@id":"https:\/\/elpicudonegro.com\/web\/2017\/08\/17\/prensa-local-picudo-negro\/","url":"https:\/\/elpicudonegro.com\/web\/2017\/08\/17\/prensa-local-picudo-negro\/","name":"picudo negro en prensa local","isPartOf":{"@id":"https:\/\/elpicudonegro.com\/web\/#website"},"primaryImageOfPage":{"@id":"https:\/\/elpicudonegro.com\/web\/2017\/08\/17\/prensa-local-picudo-negro\/#primaryimage"},"image":{"@id":"https:\/\/elpicudonegro.com\/web\/2017\/08\/17\/prensa-local-picudo-negro\/#primaryimage"},"thumbnailUrl":"http:\/\/elpicudonegro.com\/web\/wp-content\/uploads\/2017\/08\/ELDIARIO-DE-ALMERIA-300x202.jpg","datePublished":"2017-08-17T21:50:27+00:00","dateModified":"2017-08-17T22:02:16+00:00","author":{"@id":"https:\/\/elpicudonegro.com\/web\/#\/schema\/person\/94d2eca306e3e8bd545803f8d23f19d1"},"description":"Esta semana vuelve a la prensa local de Almer\u00eda una referencia sobre el PICUDO NEGRO de las pitas en Almer\u00eda.","breadcrumb":{"@id":"https:\/\/elpicudonegro.com\/web\/2017\/08\/17\/prensa-local-picudo-negro\/#breadcrumb"},"inLanguage":"es","potentialAction":[{"@type":"ReadAction","target":["https:\/\/elpicudonegro.com\/web\/2017\/08\/17\/prensa-local-picudo-negro\/"]}]},{"@type":"ImageObject","inLanguage":"es","@id":"https:\/\/elpicudonegro.com\/web\/2017\/08\/17\/prensa-local-picudo-negro\/#primaryimage","url":"https:\/\/i0.wp.com\/elpicudonegro.com\/web\/wp-content\/uploads\/2017\/08\/ELDIARIO-DE-ALMERIA.jpg?fit=885%2C596&ssl=1","contentUrl":"https:\/\/i0.wp.com\/elpicudonegro.com\/web\/wp-content\/uploads\/2017\/08\/ELDIARIO-DE-ALMERIA.jpg?fit=885%2C596&ssl=1","width":885,"height":596},{"@type":"BreadcrumbList","@id":"https:\/\/elpicudonegro.com\/web\/2017\/08\/17\/prensa-local-picudo-negro\/#breadcrumb","itemListElement":[{"@type":"ListItem","position":1,"name":"Portada","item":"https:\/\/elpicudonegro.com\/web\/"},{"@type":"ListItem","position":2,"name":"El picudo negro en prensa local"}]},{"@type":"WebSite","@id":"https:\/\/elpicudonegro.com\/web\/#website","url":"https:\/\/elpicudonegro.com\/web\/","name":"EL PICUDO NEGRO","description":"Control de la plaga de picudo negro en las pitas de Almeria","potentialAction":[{"@type":"SearchAction","target":{"@type":"EntryPoint","urlTemplate":"https:\/\/elpicudonegro.com\/web\/?s={search_term_string}"},"query-input":{"@type":"PropertyValueSpecification","valueRequired":true,"valueName":"search_term_string"}}],"inLanguage":"es"},{"@type":"Person","@id":"https:\/\/elpicudonegro.com\/web\/#\/schema\/person\/94d2eca306e3e8bd545803f8d23f19d1","name":"administrador","image":{"@type":"ImageObject","inLanguage":"es","@id":"https:\/\/secure.gravatar.com\/avatar\/7a8b4df9d6c0d9e6ae7583f139d0d0dfea955d3a05ac5a6a6961b1a34334d20b?s=96&d=mm&r=g","url":"https:\/\/secure.gravatar.com\/avatar\/7a8b4df9d6c0d9e6ae7583f139d0d0dfea955d3a05ac5a6a6961b1a34334d20b?s=96&d=mm&r=g","contentUrl":"https:\/\/secure.gravatar.com\/avatar\/7a8b4df9d6c0d9e6ae7583f139d0d0dfea955d3a05ac5a6a6961b1a34334d20b?s=96&d=mm&r=g","caption":"administrador"},"url":"https:\/\/elpicudonegro.com\/web\/author\/administrador\/"}]}},"jetpack_publicize_connections":[],"jetpack_featured_media_url":"","jetpack_sharing_enabled":true,"jetpack_shortlink":"https:\/\/wp.me\/p7lxPt-ga","jetpack-related-posts":[],"_links":{"self":[{"href":"https:\/\/elpicudonegro.com\/web\/wp-json\/wp\/v2\/posts\/1002","targetHints":{"allow":["GET"]}}],"collection":[{"href":"https:\/\/elpicudonegro.com\/web\/wp-json\/wp\/v2\/posts"}],"about":[{"href":"https:\/\/elpicudonegro.com\/web\/wp-json\/wp\/v2\/types\/post"}],"author":[{"embeddable":true,"href":"https:\/\/elpicudonegro.com\/web\/wp-json\/wp\/v2\/users\/1"}],"replies":[{"embeddable":true,"href":"https:\/\/elpicudonegro.com\/web\/wp-json\/wp\/v2\/comments?post=1002"}],"version-history":[{"count":4,"href":"https:\/\/elpicudonegro.com\/web\/wp-json\/wp\/v2\/posts\/1002\/revisions"}],"predecessor-version":[{"id":1007,"href":"https:\/\/elpicudonegro.com\/web\/wp-json\/wp\/v2\/posts\/1002\/revisions\/1007"}],"wp:attachment":[{"href":"https:\/\/elpicudonegro.com\/web\/wp-json\/wp\/v2\/media?parent=1002"}],"wp:term":[{"taxonomy":"category","embeddable":true,"href":"https:\/\/elpicudonegro.com\/web\/wp-json\/wp\/v2\/categories?post=1002"},{"taxonomy":"post_tag","embeddable":true,"href":"https:\/\/elpicudonegro.com\/web\/wp-json\/wp\/v2\/tags?post=1002"}],"curies":[{"name":"wp","href":"https:\/\/api.w.org\/{rel}","templated":true}]}}