{"id":1015,"date":"2017-10-01T10:44:46","date_gmt":"2017-10-01T10:44:46","guid":{"rendered":"http:\/\/elpicudonegro.com\/web\/?p=1015"},"modified":"2017-10-01T10:54:05","modified_gmt":"2017-10-01T10:54:05","slug":"picudos-marineros","status":"publish","type":"post","link":"https:\/\/elpicudonegro.com\/web\/2017\/10\/01\/picudos-marineros\/","title":{"rendered":"Picudos marineros"},"content":{"rendered":"<p>El t\u00edtulo de esta publicaci\u00f3n \u00abPICUDOS MARINEROS\u00bb se refiere al hecho de que se ha encontrado en varias ocasiones en el litoral de Almer\u00eda al Scyphophorus acupunctatus llegando a una embarcaci\u00f3n, que estaba a m\u00e1s de 4 millas de la costa en el Cabo de Gata.<\/p>\n<figure id=\"attachment_1016\" aria-describedby=\"caption-attachment-1016\" style=\"width: 161px\" class=\"wp-caption aligncenter\"><img data-recalc-dims=\"1\" loading=\"lazy\" decoding=\"async\" data-attachment-id=\"1016\" data-permalink=\"https:\/\/elpicudonegro.com\/web\/2017\/10\/01\/picudos-marineros\/img-20170911-wa0001\/\" data-orig-file=\"https:\/\/i0.wp.com\/elpicudonegro.com\/web\/wp-content\/uploads\/2017\/10\/IMG-20170911-WA0001.jpg?fit=640%2C1136&amp;ssl=1\" data-orig-size=\"640,1136\" data-comments-opened=\"1\" data-image-meta=\"{&quot;aperture&quot;:&quot;0&quot;,&quot;credit&quot;:&quot;&quot;,&quot;camera&quot;:&quot;&quot;,&quot;caption&quot;:&quot;&quot;,&quot;created_timestamp&quot;:&quot;0&quot;,&quot;copyright&quot;:&quot;&quot;,&quot;focal_length&quot;:&quot;0&quot;,&quot;iso&quot;:&quot;0&quot;,&quot;shutter_speed&quot;:&quot;0&quot;,&quot;title&quot;:&quot;&quot;,&quot;orientation&quot;:&quot;0&quot;}\" data-image-title=\"IMG-20170911-WA0001\" data-image-description=\"\" data-image-caption=\"\" data-large-file=\"https:\/\/i0.wp.com\/elpicudonegro.com\/web\/wp-content\/uploads\/2017\/10\/IMG-20170911-WA0001.jpg?fit=474%2C841&amp;ssl=1\" class=\"wp-image-1016\" src=\"https:\/\/i0.wp.com\/elpicudonegro.com\/web\/wp-content\/uploads\/2017\/10\/IMG-20170911-WA0001.jpg?resize=161%2C285\" alt=\"\" width=\"161\" height=\"285\" srcset=\"https:\/\/i0.wp.com\/elpicudonegro.com\/web\/wp-content\/uploads\/2017\/10\/IMG-20170911-WA0001.jpg?resize=169%2C300&amp;ssl=1 169w, https:\/\/i0.wp.com\/elpicudonegro.com\/web\/wp-content\/uploads\/2017\/10\/IMG-20170911-WA0001.jpg?resize=577%2C1024&amp;ssl=1 577w, https:\/\/i0.wp.com\/elpicudonegro.com\/web\/wp-content\/uploads\/2017\/10\/IMG-20170911-WA0001.jpg?w=640&amp;ssl=1 640w\" sizes=\"auto, (max-width: 161px) 100vw, 161px\" \/><figcaption id=\"caption-attachment-1016\" class=\"wp-caption-text\">Picudo negro \u00abnavegando\u00bb<\/figcaption><\/figure>\n<p>Como la captura de picudo, se ha repetido tres veces en diferentes d\u00edas, la casualidad queda descartada y es otro motivo, a\u00fan desconocido, el que mueve a este bicho a volar hacia mar adentro.<br \/>\nEn cualquier caso queda aqu\u00ed documentado este hecho.<\/p>\n<p>A continuaci\u00f3n insertamos un video muy breve de nuestros \u00ab<strong>picudos marineros<\/strong>\u00ab.<\/p>\n<p><span class=\"embed-youtube\" style=\"text-align:center; display: block;\"><iframe loading=\"lazy\" class=\"youtube-player\" width=\"474\" height=\"267\" src=\"https:\/\/www.youtube.com\/embed\/f8n2TO9Qwrw?version=3&#038;rel=1&#038;showsearch=0&#038;showinfo=1&#038;iv_load_policy=1&#038;fs=1&#038;hl=es-ES&#038;autohide=2&#038;wmode=transparent\" allowfullscreen=\"true\" style=\"border:0;\" sandbox=\"allow-scripts allow-same-origin allow-popups allow-presentation allow-popups-to-escape-sandbox\"><\/iframe><\/span><\/p>\n<p>Muchas gracias por su atenci\u00f3n.<br \/>\nY un saludo afectuoso a Am\u00f3s G. P\u00e1ez .<\/p>\n","protected":false},"excerpt":{"rendered":"<p>El t\u00edtulo de esta publicaci\u00f3n \u00abPICUDOS MARINEROS\u00bb se refiere al hecho de que se ha encontrado en varias ocasiones en el litoral de Almer\u00eda al Scyphophorus acupunctatus llegando a una embarcaci\u00f3n, que estaba a m\u00e1s de 4 millas de la costa en el Cabo de Gata. Como la captura de picudo, se ha repetido tres &hellip; <a href=\"https:\/\/elpicudonegro.com\/web\/2017\/10\/01\/picudos-marineros\/\" class=\"more-link\">Seguir leyendo <span class=\"screen-reader-text\">Picudos marineros<\/span> <span class=\"meta-nav\">&rarr;<\/span><\/a><\/p>\n","protected":false},"author":1,"featured_media":0,"comment_status":"open","ping_status":"open","sticky":false,"template":"","format":"standard","meta":{"jetpack_post_was_ever_published":false,"_jetpack_newsletter_access":"","_jetpack_dont_email_post_to_subs":false,"_jetpack_newsletter_tier_id":0,"_jetpack_memberships_contains_paywalled_content":false,"_jetpack_memberships_contains_paid_content":false,"footnotes":"","jetpack_publicize_message":"","jetpack_publicize_feature_enabled":true,"jetpack_social_post_already_shared":true,"jetpack_social_options":{"image_generator_settings":{"template":"highway","default_image_id":0,"font":"","enabled":false},"version":2}},"categories":[17],"tags":[18],"class_list":["post-1015","post","type-post","status-publish","format-standard","hentry","category-otras-noticias-picudo-negro","tag-otras-noticias-relevantes"],"yoast_head":"<!-- This site is optimized with the Yoast SEO plugin v27.4 - https:\/\/yoast.com\/product\/yoast-seo-wordpress\/ -->\n<title>Picudos marineros<\/title>\n<meta name=\"description\" content=\"Se ha encontrado en varias ocasiones en el litoral de Almer\u00eda al picudo negro volando hacia mar adentro, &quot;picudos marineros&quot;\" \/>\n<meta name=\"robots\" content=\"index, follow, max-snippet:-1, max-image-preview:large, max-video-preview:-1\" \/>\n<link rel=\"canonical\" href=\"https:\/\/elpicudonegro.com\/web\/2017\/10\/01\/picudos-marineros\/\" \/>\n<meta property=\"og:locale\" content=\"es_ES\" \/>\n<meta property=\"og:type\" content=\"article\" \/>\n<meta property=\"og:title\" content=\"Picudos marineros\" \/>\n<meta property=\"og:description\" content=\"Se ha encontrado en varias ocasiones en el litoral de Almer\u00eda al picudo negro volando hacia mar adentro, &quot;picudos marineros&quot;\" \/>\n<meta property=\"og:url\" content=\"https:\/\/elpicudonegro.com\/web\/2017\/10\/01\/picudos-marineros\/\" \/>\n<meta property=\"og:site_name\" content=\"EL PICUDO NEGRO\" \/>\n<meta property=\"article:published_time\" content=\"2017-10-01T10:44:46+00:00\" \/>\n<meta property=\"article:modified_time\" content=\"2017-10-01T10:54:05+00:00\" \/>\n<meta property=\"og:image\" content=\"http:\/\/elpicudonegro.com\/web\/wp-content\/uploads\/2017\/10\/IMG-20170911-WA0001-169x300.jpg\" \/>\n<meta name=\"author\" content=\"administrador\" \/>\n<meta name=\"twitter:card\" content=\"summary_large_image\" \/>\n<meta name=\"twitter:label1\" content=\"Escrito por\" \/>\n\t<meta name=\"twitter:data1\" content=\"administrador\" \/>\n\t<meta name=\"twitter:label2\" content=\"Tiempo de lectura\" \/>\n\t<meta name=\"twitter:data2\" content=\"1 minuto\" \/>\n<script type=\"application\/ld+json\" class=\"yoast-schema-graph\">{\"@context\":\"https:\\\/\\\/schema.org\",\"@graph\":[{\"@type\":\"Article\",\"@id\":\"https:\\\/\\\/elpicudonegro.com\\\/web\\\/2017\\\/10\\\/01\\\/picudos-marineros\\\/#article\",\"isPartOf\":{\"@id\":\"https:\\\/\\\/elpicudonegro.com\\\/web\\\/2017\\\/10\\\/01\\\/picudos-marineros\\\/\"},\"author\":{\"name\":\"administrador\",\"@id\":\"https:\\\/\\\/elpicudonegro.com\\\/web\\\/#\\\/schema\\\/person\\\/94d2eca306e3e8bd545803f8d23f19d1\"},\"headline\":\"Picudos marineros\",\"datePublished\":\"2017-10-01T10:44:46+00:00\",\"dateModified\":\"2017-10-01T10:54:05+00:00\",\"mainEntityOfPage\":{\"@id\":\"https:\\\/\\\/elpicudonegro.com\\\/web\\\/2017\\\/10\\\/01\\\/picudos-marineros\\\/\"},\"wordCount\":141,\"commentCount\":2,\"image\":{\"@id\":\"https:\\\/\\\/elpicudonegro.com\\\/web\\\/2017\\\/10\\\/01\\\/picudos-marineros\\\/#primaryimage\"},\"thumbnailUrl\":\"http:\\\/\\\/elpicudonegro.com\\\/web\\\/wp-content\\\/uploads\\\/2017\\\/10\\\/IMG-20170911-WA0001-169x300.jpg\",\"keywords\":[\"Otras noticias relevantes\"],\"articleSection\":[\"Otras noticias relevantes sobre el picudo negro\"],\"inLanguage\":\"es\",\"potentialAction\":[{\"@type\":\"CommentAction\",\"name\":\"Comment\",\"target\":[\"https:\\\/\\\/elpicudonegro.com\\\/web\\\/2017\\\/10\\\/01\\\/picudos-marineros\\\/#respond\"]}]},{\"@type\":\"WebPage\",\"@id\":\"https:\\\/\\\/elpicudonegro.com\\\/web\\\/2017\\\/10\\\/01\\\/picudos-marineros\\\/\",\"url\":\"https:\\\/\\\/elpicudonegro.com\\\/web\\\/2017\\\/10\\\/01\\\/picudos-marineros\\\/\",\"name\":\"Picudos marineros\",\"isPartOf\":{\"@id\":\"https:\\\/\\\/elpicudonegro.com\\\/web\\\/#website\"},\"primaryImageOfPage\":{\"@id\":\"https:\\\/\\\/elpicudonegro.com\\\/web\\\/2017\\\/10\\\/01\\\/picudos-marineros\\\/#primaryimage\"},\"image\":{\"@id\":\"https:\\\/\\\/elpicudonegro.com\\\/web\\\/2017\\\/10\\\/01\\\/picudos-marineros\\\/#primaryimage\"},\"thumbnailUrl\":\"http:\\\/\\\/elpicudonegro.com\\\/web\\\/wp-content\\\/uploads\\\/2017\\\/10\\\/IMG-20170911-WA0001-169x300.jpg\",\"datePublished\":\"2017-10-01T10:44:46+00:00\",\"dateModified\":\"2017-10-01T10:54:05+00:00\",\"author\":{\"@id\":\"https:\\\/\\\/elpicudonegro.com\\\/web\\\/#\\\/schema\\\/person\\\/94d2eca306e3e8bd545803f8d23f19d1\"},\"description\":\"Se ha encontrado en varias ocasiones en el litoral de Almer\u00eda al picudo negro volando hacia mar adentro, \\\"picudos marineros\\\"\",\"breadcrumb\":{\"@id\":\"https:\\\/\\\/elpicudonegro.com\\\/web\\\/2017\\\/10\\\/01\\\/picudos-marineros\\\/#breadcrumb\"},\"inLanguage\":\"es\",\"potentialAction\":[{\"@type\":\"ReadAction\",\"target\":[\"https:\\\/\\\/elpicudonegro.com\\\/web\\\/2017\\\/10\\\/01\\\/picudos-marineros\\\/\"]}]},{\"@type\":\"ImageObject\",\"inLanguage\":\"es\",\"@id\":\"https:\\\/\\\/elpicudonegro.com\\\/web\\\/2017\\\/10\\\/01\\\/picudos-marineros\\\/#primaryimage\",\"url\":\"https:\\\/\\\/i0.wp.com\\\/elpicudonegro.com\\\/web\\\/wp-content\\\/uploads\\\/2017\\\/10\\\/IMG-20170911-WA0001.jpg?fit=640%2C1136&ssl=1\",\"contentUrl\":\"https:\\\/\\\/i0.wp.com\\\/elpicudonegro.com\\\/web\\\/wp-content\\\/uploads\\\/2017\\\/10\\\/IMG-20170911-WA0001.jpg?fit=640%2C1136&ssl=1\",\"width\":640,\"height\":1136},{\"@type\":\"BreadcrumbList\",\"@id\":\"https:\\\/\\\/elpicudonegro.com\\\/web\\\/2017\\\/10\\\/01\\\/picudos-marineros\\\/#breadcrumb\",\"itemListElement\":[{\"@type\":\"ListItem\",\"position\":1,\"name\":\"Portada\",\"item\":\"https:\\\/\\\/elpicudonegro.com\\\/web\\\/\"},{\"@type\":\"ListItem\",\"position\":2,\"name\":\"Picudos marineros\"}]},{\"@type\":\"WebSite\",\"@id\":\"https:\\\/\\\/elpicudonegro.com\\\/web\\\/#website\",\"url\":\"https:\\\/\\\/elpicudonegro.com\\\/web\\\/\",\"name\":\"EL PICUDO NEGRO\",\"description\":\"Control de la plaga de picudo negro en las pitas de Almeria\",\"potentialAction\":[{\"@type\":\"SearchAction\",\"target\":{\"@type\":\"EntryPoint\",\"urlTemplate\":\"https:\\\/\\\/elpicudonegro.com\\\/web\\\/?s={search_term_string}\"},\"query-input\":{\"@type\":\"PropertyValueSpecification\",\"valueRequired\":true,\"valueName\":\"search_term_string\"}}],\"inLanguage\":\"es\"},{\"@type\":\"Person\",\"@id\":\"https:\\\/\\\/elpicudonegro.com\\\/web\\\/#\\\/schema\\\/person\\\/94d2eca306e3e8bd545803f8d23f19d1\",\"name\":\"administrador\",\"image\":{\"@type\":\"ImageObject\",\"inLanguage\":\"es\",\"@id\":\"https:\\\/\\\/secure.gravatar.com\\\/avatar\\\/7a8b4df9d6c0d9e6ae7583f139d0d0dfea955d3a05ac5a6a6961b1a34334d20b?s=96&d=mm&r=g\",\"url\":\"https:\\\/\\\/secure.gravatar.com\\\/avatar\\\/7a8b4df9d6c0d9e6ae7583f139d0d0dfea955d3a05ac5a6a6961b1a34334d20b?s=96&d=mm&r=g\",\"contentUrl\":\"https:\\\/\\\/secure.gravatar.com\\\/avatar\\\/7a8b4df9d6c0d9e6ae7583f139d0d0dfea955d3a05ac5a6a6961b1a34334d20b?s=96&d=mm&r=g\",\"caption\":\"administrador\"},\"url\":\"https:\\\/\\\/elpicudonegro.com\\\/web\\\/author\\\/administrador\\\/\"}]}<\/script>\n<!-- \/ Yoast SEO plugin. -->","yoast_head_json":{"title":"Picudos marineros","description":"Se ha encontrado en varias ocasiones en el litoral de Almer\u00eda al picudo negro volando hacia mar adentro, \"picudos marineros\"","robots":{"index":"index","follow":"follow","max-snippet":"max-snippet:-1","max-image-preview":"max-image-preview:large","max-video-preview":"max-video-preview:-1"},"canonical":"https:\/\/elpicudonegro.com\/web\/2017\/10\/01\/picudos-marineros\/","og_locale":"es_ES","og_type":"article","og_title":"Picudos marineros","og_description":"Se ha encontrado en varias ocasiones en el litoral de Almer\u00eda al picudo negro volando hacia mar adentro, \"picudos marineros\"","og_url":"https:\/\/elpicudonegro.com\/web\/2017\/10\/01\/picudos-marineros\/","og_site_name":"EL PICUDO NEGRO","article_published_time":"2017-10-01T10:44:46+00:00","article_modified_time":"2017-10-01T10:54:05+00:00","og_image":[{"url":"http:\/\/elpicudonegro.com\/web\/wp-content\/uploads\/2017\/10\/IMG-20170911-WA0001-169x300.jpg","type":"","width":"","height":""}],"author":"administrador","twitter_card":"summary_large_image","twitter_misc":{"Escrito por":"administrador","Tiempo de lectura":"1 minuto"},"schema":{"@context":"https:\/\/schema.org","@graph":[{"@type":"Article","@id":"https:\/\/elpicudonegro.com\/web\/2017\/10\/01\/picudos-marineros\/#article","isPartOf":{"@id":"https:\/\/elpicudonegro.com\/web\/2017\/10\/01\/picudos-marineros\/"},"author":{"name":"administrador","@id":"https:\/\/elpicudonegro.com\/web\/#\/schema\/person\/94d2eca306e3e8bd545803f8d23f19d1"},"headline":"Picudos marineros","datePublished":"2017-10-01T10:44:46+00:00","dateModified":"2017-10-01T10:54:05+00:00","mainEntityOfPage":{"@id":"https:\/\/elpicudonegro.com\/web\/2017\/10\/01\/picudos-marineros\/"},"wordCount":141,"commentCount":2,"image":{"@id":"https:\/\/elpicudonegro.com\/web\/2017\/10\/01\/picudos-marineros\/#primaryimage"},"thumbnailUrl":"http:\/\/elpicudonegro.com\/web\/wp-content\/uploads\/2017\/10\/IMG-20170911-WA0001-169x300.jpg","keywords":["Otras noticias relevantes"],"articleSection":["Otras noticias relevantes sobre el picudo negro"],"inLanguage":"es","potentialAction":[{"@type":"CommentAction","name":"Comment","target":["https:\/\/elpicudonegro.com\/web\/2017\/10\/01\/picudos-marineros\/#respond"]}]},{"@type":"WebPage","@id":"https:\/\/elpicudonegro.com\/web\/2017\/10\/01\/picudos-marineros\/","url":"https:\/\/elpicudonegro.com\/web\/2017\/10\/01\/picudos-marineros\/","name":"Picudos marineros","isPartOf":{"@id":"https:\/\/elpicudonegro.com\/web\/#website"},"primaryImageOfPage":{"@id":"https:\/\/elpicudonegro.com\/web\/2017\/10\/01\/picudos-marineros\/#primaryimage"},"image":{"@id":"https:\/\/elpicudonegro.com\/web\/2017\/10\/01\/picudos-marineros\/#primaryimage"},"thumbnailUrl":"http:\/\/elpicudonegro.com\/web\/wp-content\/uploads\/2017\/10\/IMG-20170911-WA0001-169x300.jpg","datePublished":"2017-10-01T10:44:46+00:00","dateModified":"2017-10-01T10:54:05+00:00","author":{"@id":"https:\/\/elpicudonegro.com\/web\/#\/schema\/person\/94d2eca306e3e8bd545803f8d23f19d1"},"description":"Se ha encontrado en varias ocasiones en el litoral de Almer\u00eda al picudo negro volando hacia mar adentro, \"picudos marineros\"","breadcrumb":{"@id":"https:\/\/elpicudonegro.com\/web\/2017\/10\/01\/picudos-marineros\/#breadcrumb"},"inLanguage":"es","potentialAction":[{"@type":"ReadAction","target":["https:\/\/elpicudonegro.com\/web\/2017\/10\/01\/picudos-marineros\/"]}]},{"@type":"ImageObject","inLanguage":"es","@id":"https:\/\/elpicudonegro.com\/web\/2017\/10\/01\/picudos-marineros\/#primaryimage","url":"https:\/\/i0.wp.com\/elpicudonegro.com\/web\/wp-content\/uploads\/2017\/10\/IMG-20170911-WA0001.jpg?fit=640%2C1136&ssl=1","contentUrl":"https:\/\/i0.wp.com\/elpicudonegro.com\/web\/wp-content\/uploads\/2017\/10\/IMG-20170911-WA0001.jpg?fit=640%2C1136&ssl=1","width":640,"height":1136},{"@type":"BreadcrumbList","@id":"https:\/\/elpicudonegro.com\/web\/2017\/10\/01\/picudos-marineros\/#breadcrumb","itemListElement":[{"@type":"ListItem","position":1,"name":"Portada","item":"https:\/\/elpicudonegro.com\/web\/"},{"@type":"ListItem","position":2,"name":"Picudos marineros"}]},{"@type":"WebSite","@id":"https:\/\/elpicudonegro.com\/web\/#website","url":"https:\/\/elpicudonegro.com\/web\/","name":"EL PICUDO NEGRO","description":"Control de la plaga de picudo negro en las pitas de Almeria","potentialAction":[{"@type":"SearchAction","target":{"@type":"EntryPoint","urlTemplate":"https:\/\/elpicudonegro.com\/web\/?s={search_term_string}"},"query-input":{"@type":"PropertyValueSpecification","valueRequired":true,"valueName":"search_term_string"}}],"inLanguage":"es"},{"@type":"Person","@id":"https:\/\/elpicudonegro.com\/web\/#\/schema\/person\/94d2eca306e3e8bd545803f8d23f19d1","name":"administrador","image":{"@type":"ImageObject","inLanguage":"es","@id":"https:\/\/secure.gravatar.com\/avatar\/7a8b4df9d6c0d9e6ae7583f139d0d0dfea955d3a05ac5a6a6961b1a34334d20b?s=96&d=mm&r=g","url":"https:\/\/secure.gravatar.com\/avatar\/7a8b4df9d6c0d9e6ae7583f139d0d0dfea955d3a05ac5a6a6961b1a34334d20b?s=96&d=mm&r=g","contentUrl":"https:\/\/secure.gravatar.com\/avatar\/7a8b4df9d6c0d9e6ae7583f139d0d0dfea955d3a05ac5a6a6961b1a34334d20b?s=96&d=mm&r=g","caption":"administrador"},"url":"https:\/\/elpicudonegro.com\/web\/author\/administrador\/"}]}},"jetpack_publicize_connections":[],"jetpack_featured_media_url":"","jetpack_sharing_enabled":true,"jetpack_shortlink":"https:\/\/wp.me\/p7lxPt-gn","jetpack-related-posts":[],"_links":{"self":[{"href":"https:\/\/elpicudonegro.com\/web\/wp-json\/wp\/v2\/posts\/1015","targetHints":{"allow":["GET"]}}],"collection":[{"href":"https:\/\/elpicudonegro.com\/web\/wp-json\/wp\/v2\/posts"}],"about":[{"href":"https:\/\/elpicudonegro.com\/web\/wp-json\/wp\/v2\/types\/post"}],"author":[{"embeddable":true,"href":"https:\/\/elpicudonegro.com\/web\/wp-json\/wp\/v2\/users\/1"}],"replies":[{"embeddable":true,"href":"https:\/\/elpicudonegro.com\/web\/wp-json\/wp\/v2\/comments?post=1015"}],"version-history":[{"count":4,"href":"https:\/\/elpicudonegro.com\/web\/wp-json\/wp\/v2\/posts\/1015\/revisions"}],"predecessor-version":[{"id":1020,"href":"https:\/\/elpicudonegro.com\/web\/wp-json\/wp\/v2\/posts\/1015\/revisions\/1020"}],"wp:attachment":[{"href":"https:\/\/elpicudonegro.com\/web\/wp-json\/wp\/v2\/media?parent=1015"}],"wp:term":[{"taxonomy":"category","embeddable":true,"href":"https:\/\/elpicudonegro.com\/web\/wp-json\/wp\/v2\/categories?post=1015"},{"taxonomy":"post_tag","embeddable":true,"href":"https:\/\/elpicudonegro.com\/web\/wp-json\/wp\/v2\/tags?post=1015"}],"curies":[{"name":"wp","href":"https:\/\/api.w.org\/{rel}","templated":true}]}}