{"id":346,"date":"2016-03-19T09:50:26","date_gmt":"2016-03-19T09:50:26","guid":{"rendered":"http:\/\/elpicudonegro.com\/web\/?p=346"},"modified":"2016-06-11T21:45:37","modified_gmt":"2016-06-11T21:45:37","slug":"plaga-almeria-picudo-negro","status":"publish","type":"post","link":"https:\/\/elpicudonegro.com\/web\/2016\/03\/19\/plaga-almeria-picudo-negro\/","title":{"rendered":"La Voz de Almeria y el picudo negro"},"content":{"rendered":"<p style=\"text-align: justify;\">Noticia sobre la preocupante situaci\u00f3n de la plaga de picudo negro en Almer\u00eda. Esta vez es <strong>La Voz<\/strong> quien se hace eco de las\u00a0reivindicaciones de nuestra Plataforma.<\/p>\n<p style=\"text-align: justify;\"><a href=\"http:\/\/www.lavozdealmeria.es\/Noticias\/102792\/3\/El-temido-picudo-negro-avanza-y-devora-las-piteras-en-Sorbas,-Lucainena-y-N%C3%ADjar\" target=\"_blank\">La Voz de Almer\u00eda \u00a0 \u00a0Javier M. de la Horra \u00a0 19\/03\/2016<\/a><\/p>\n<figure id=\"attachment_157\" aria-describedby=\"caption-attachment-157\" style=\"width: 300px\" class=\"wp-caption aligncenter\"><img data-recalc-dims=\"1\" loading=\"lazy\" decoding=\"async\" data-attachment-id=\"157\" data-permalink=\"https:\/\/elpicudonegro.com\/web\/2016\/02\/29\/picudo-negro-donde\/picudo-negro-en-fernan-perez\/\" data-orig-file=\"https:\/\/i0.wp.com\/elpicudonegro.com\/web\/wp-content\/uploads\/2016\/02\/picudo-negro-en-fernan-perez-e1456775799419.jpg?fit=1200%2C900&amp;ssl=1\" data-orig-size=\"1200,900\" data-comments-opened=\"1\" data-image-meta=\"{&quot;aperture&quot;:&quot;0&quot;,&quot;credit&quot;:&quot;&quot;,&quot;camera&quot;:&quot;&quot;,&quot;caption&quot;:&quot;&quot;,&quot;created_timestamp&quot;:&quot;0&quot;,&quot;copyright&quot;:&quot;&quot;,&quot;focal_length&quot;:&quot;0&quot;,&quot;iso&quot;:&quot;0&quot;,&quot;shutter_speed&quot;:&quot;0&quot;,&quot;title&quot;:&quot;&quot;,&quot;orientation&quot;:&quot;0&quot;}\" data-image-title=\"picudo negro en fernan perez\" data-image-description=\"\" data-image-caption=\"&lt;p&gt;Pitas afectadas&lt;br \/&gt;\nAl fondo acueducto de Fernan P\u00e9rez&lt;\/p&gt;\n\" data-large-file=\"https:\/\/i0.wp.com\/elpicudonegro.com\/web\/wp-content\/uploads\/2016\/02\/picudo-negro-en-fernan-perez-e1456775799419.jpg?fit=474%2C356&amp;ssl=1\" class=\"size-medium wp-image-157\" src=\"https:\/\/i0.wp.com\/elpicudonegro.com\/web\/wp-content\/uploads\/2016\/02\/picudo-negro-en-fernan-perez-e1456775799419-300x225.jpg?resize=300%2C225\" alt=\"Pitas afectadas Al fondo acueducto de Fernan P\u00e9rez\" width=\"300\" height=\"225\" srcset=\"https:\/\/i0.wp.com\/elpicudonegro.com\/web\/wp-content\/uploads\/2016\/02\/picudo-negro-en-fernan-perez-e1456775799419.jpg?resize=300%2C225&amp;ssl=1 300w, https:\/\/i0.wp.com\/elpicudonegro.com\/web\/wp-content\/uploads\/2016\/02\/picudo-negro-en-fernan-perez-e1456775799419.jpg?resize=768%2C576&amp;ssl=1 768w, https:\/\/i0.wp.com\/elpicudonegro.com\/web\/wp-content\/uploads\/2016\/02\/picudo-negro-en-fernan-perez-e1456775799419.jpg?resize=1024%2C768&amp;ssl=1 1024w, https:\/\/i0.wp.com\/elpicudonegro.com\/web\/wp-content\/uploads\/2016\/02\/picudo-negro-en-fernan-perez-e1456775799419.jpg?w=1200&amp;ssl=1 1200w, https:\/\/i0.wp.com\/elpicudonegro.com\/web\/wp-content\/uploads\/2016\/02\/picudo-negro-en-fernan-perez-e1456775799419.jpg?w=948 948w\" sizes=\"auto, (max-width: 300px) 100vw, 300px\" \/><figcaption id=\"caption-attachment-157\" class=\"wp-caption-text\">Pitas afectadas<br \/>Al fondo acueducto de Fern\u00e1n P\u00e9rez<\/figcaption><\/figure>\n<p style=\"text-align: justify;\">\n","protected":false},"excerpt":{"rendered":"<p>Noticia sobre la preocupante situaci\u00f3n de la plaga de picudo negro en Almer\u00eda. Esta vez es La Voz quien se hace eco de las\u00a0reivindicaciones de nuestra Plataforma. La Voz de Almer\u00eda \u00a0 \u00a0Javier M. de la Horra \u00a0 19\/03\/2016<\/p>\n","protected":false},"author":1,"featured_media":0,"comment_status":"open","ping_status":"open","sticky":false,"template":"","format":"standard","meta":{"jetpack_post_was_ever_published":false,"_jetpack_newsletter_access":"","_jetpack_dont_email_post_to_subs":false,"_jetpack_newsletter_tier_id":0,"_jetpack_memberships_contains_paywalled_content":false,"_jetpack_memberships_contains_paid_content":false,"footnotes":"","jetpack_publicize_message":"","jetpack_publicize_feature_enabled":true,"jetpack_social_post_already_shared":true,"jetpack_social_options":{"image_generator_settings":{"template":"highway","default_image_id":0,"font":"","enabled":false},"version":2}},"categories":[3],"tags":[11],"class_list":["post-346","post","type-post","status-publish","format-standard","hentry","category-notas-prensa-sobre-picudo-negro","tag-picudo-negro-en-prensa"],"yoast_head":"<!-- This site is optimized with the Yoast SEO plugin v27.4 - https:\/\/yoast.com\/product\/yoast-seo-wordpress\/ -->\n<title>La Voz de Almeria y el picudo negro - EL PICUDO NEGRO<\/title>\n<meta name=\"description\" content=\"Noticia sobre la preocupante situaci\u00f3n de la plaga de picudo negro en Almer\u00eda Los agaves est\u00e1n en peligro en la provincia de Almer\u00eda\" \/>\n<meta name=\"robots\" content=\"index, follow, max-snippet:-1, max-image-preview:large, max-video-preview:-1\" \/>\n<link rel=\"canonical\" href=\"https:\/\/elpicudonegro.com\/web\/2016\/03\/19\/plaga-almeria-picudo-negro\/\" \/>\n<meta property=\"og:locale\" content=\"es_ES\" \/>\n<meta property=\"og:type\" content=\"article\" \/>\n<meta property=\"og:title\" content=\"La Voz de Almeria y el picudo negro - EL PICUDO NEGRO\" \/>\n<meta property=\"og:description\" content=\"Noticia sobre la preocupante situaci\u00f3n de la plaga de picudo negro en Almer\u00eda Los agaves est\u00e1n en peligro en la provincia de Almer\u00eda\" \/>\n<meta property=\"og:url\" content=\"https:\/\/elpicudonegro.com\/web\/2016\/03\/19\/plaga-almeria-picudo-negro\/\" \/>\n<meta property=\"og:site_name\" content=\"EL PICUDO NEGRO\" \/>\n<meta property=\"article:published_time\" content=\"2016-03-19T09:50:26+00:00\" \/>\n<meta property=\"article:modified_time\" content=\"2016-06-11T21:45:37+00:00\" \/>\n<meta property=\"og:image\" content=\"http:\/\/elpicudonegro.com\/web\/wp-content\/uploads\/2016\/02\/picudo-negro-en-fernan-perez-e1456775799419-300x225.jpg\" \/>\n<meta name=\"author\" content=\"administrador\" \/>\n<meta name=\"twitter:card\" content=\"summary_large_image\" \/>\n<meta name=\"twitter:label1\" content=\"Escrito por\" \/>\n\t<meta name=\"twitter:data1\" content=\"administrador\" \/>\n<script type=\"application\/ld+json\" class=\"yoast-schema-graph\">{\"@context\":\"https:\\\/\\\/schema.org\",\"@graph\":[{\"@type\":\"Article\",\"@id\":\"https:\\\/\\\/elpicudonegro.com\\\/web\\\/2016\\\/03\\\/19\\\/plaga-almeria-picudo-negro\\\/#article\",\"isPartOf\":{\"@id\":\"https:\\\/\\\/elpicudonegro.com\\\/web\\\/2016\\\/03\\\/19\\\/plaga-almeria-picudo-negro\\\/\"},\"author\":{\"name\":\"administrador\",\"@id\":\"https:\\\/\\\/elpicudonegro.com\\\/web\\\/#\\\/schema\\\/person\\\/94d2eca306e3e8bd545803f8d23f19d1\"},\"headline\":\"La Voz de Almeria y el picudo negro\",\"datePublished\":\"2016-03-19T09:50:26+00:00\",\"dateModified\":\"2016-06-11T21:45:37+00:00\",\"mainEntityOfPage\":{\"@id\":\"https:\\\/\\\/elpicudonegro.com\\\/web\\\/2016\\\/03\\\/19\\\/plaga-almeria-picudo-negro\\\/\"},\"wordCount\":64,\"commentCount\":0,\"image\":{\"@id\":\"https:\\\/\\\/elpicudonegro.com\\\/web\\\/2016\\\/03\\\/19\\\/plaga-almeria-picudo-negro\\\/#primaryimage\"},\"thumbnailUrl\":\"http:\\\/\\\/elpicudonegro.com\\\/web\\\/wp-content\\\/uploads\\\/2016\\\/02\\\/picudo-negro-en-fernan-perez-e1456775799419-300x225.jpg\",\"keywords\":[\"picudo negro en prensa\"],\"articleSection\":[\"Noticias en prensa sobre el PICUDO NEGRO\"],\"inLanguage\":\"es\",\"potentialAction\":[{\"@type\":\"CommentAction\",\"name\":\"Comment\",\"target\":[\"https:\\\/\\\/elpicudonegro.com\\\/web\\\/2016\\\/03\\\/19\\\/plaga-almeria-picudo-negro\\\/#respond\"]}]},{\"@type\":\"WebPage\",\"@id\":\"https:\\\/\\\/elpicudonegro.com\\\/web\\\/2016\\\/03\\\/19\\\/plaga-almeria-picudo-negro\\\/\",\"url\":\"https:\\\/\\\/elpicudonegro.com\\\/web\\\/2016\\\/03\\\/19\\\/plaga-almeria-picudo-negro\\\/\",\"name\":\"La Voz de Almeria y el picudo negro - EL PICUDO NEGRO\",\"isPartOf\":{\"@id\":\"https:\\\/\\\/elpicudonegro.com\\\/web\\\/#website\"},\"primaryImageOfPage\":{\"@id\":\"https:\\\/\\\/elpicudonegro.com\\\/web\\\/2016\\\/03\\\/19\\\/plaga-almeria-picudo-negro\\\/#primaryimage\"},\"image\":{\"@id\":\"https:\\\/\\\/elpicudonegro.com\\\/web\\\/2016\\\/03\\\/19\\\/plaga-almeria-picudo-negro\\\/#primaryimage\"},\"thumbnailUrl\":\"http:\\\/\\\/elpicudonegro.com\\\/web\\\/wp-content\\\/uploads\\\/2016\\\/02\\\/picudo-negro-en-fernan-perez-e1456775799419-300x225.jpg\",\"datePublished\":\"2016-03-19T09:50:26+00:00\",\"dateModified\":\"2016-06-11T21:45:37+00:00\",\"author\":{\"@id\":\"https:\\\/\\\/elpicudonegro.com\\\/web\\\/#\\\/schema\\\/person\\\/94d2eca306e3e8bd545803f8d23f19d1\"},\"description\":\"Noticia sobre la preocupante situaci\u00f3n de la plaga de picudo negro en Almer\u00eda Los agaves est\u00e1n en peligro en la provincia de Almer\u00eda\",\"breadcrumb\":{\"@id\":\"https:\\\/\\\/elpicudonegro.com\\\/web\\\/2016\\\/03\\\/19\\\/plaga-almeria-picudo-negro\\\/#breadcrumb\"},\"inLanguage\":\"es\",\"potentialAction\":[{\"@type\":\"ReadAction\",\"target\":[\"https:\\\/\\\/elpicudonegro.com\\\/web\\\/2016\\\/03\\\/19\\\/plaga-almeria-picudo-negro\\\/\"]}]},{\"@type\":\"ImageObject\",\"inLanguage\":\"es\",\"@id\":\"https:\\\/\\\/elpicudonegro.com\\\/web\\\/2016\\\/03\\\/19\\\/plaga-almeria-picudo-negro\\\/#primaryimage\",\"url\":\"https:\\\/\\\/i0.wp.com\\\/elpicudonegro.com\\\/web\\\/wp-content\\\/uploads\\\/2016\\\/02\\\/picudo-negro-en-fernan-perez-e1456775799419.jpg?fit=1200%2C900&ssl=1\",\"contentUrl\":\"https:\\\/\\\/i0.wp.com\\\/elpicudonegro.com\\\/web\\\/wp-content\\\/uploads\\\/2016\\\/02\\\/picudo-negro-en-fernan-perez-e1456775799419.jpg?fit=1200%2C900&ssl=1\",\"width\":1200,\"height\":900,\"caption\":\"Pitas afectadas Al fondo acueducto de Fernan P\u00e9rez\"},{\"@type\":\"BreadcrumbList\",\"@id\":\"https:\\\/\\\/elpicudonegro.com\\\/web\\\/2016\\\/03\\\/19\\\/plaga-almeria-picudo-negro\\\/#breadcrumb\",\"itemListElement\":[{\"@type\":\"ListItem\",\"position\":1,\"name\":\"Portada\",\"item\":\"https:\\\/\\\/elpicudonegro.com\\\/web\\\/\"},{\"@type\":\"ListItem\",\"position\":2,\"name\":\"La Voz de Almeria y el picudo negro\"}]},{\"@type\":\"WebSite\",\"@id\":\"https:\\\/\\\/elpicudonegro.com\\\/web\\\/#website\",\"url\":\"https:\\\/\\\/elpicudonegro.com\\\/web\\\/\",\"name\":\"EL PICUDO NEGRO\",\"description\":\"Control de la plaga de picudo negro en las pitas de Almeria\",\"potentialAction\":[{\"@type\":\"SearchAction\",\"target\":{\"@type\":\"EntryPoint\",\"urlTemplate\":\"https:\\\/\\\/elpicudonegro.com\\\/web\\\/?s={search_term_string}\"},\"query-input\":{\"@type\":\"PropertyValueSpecification\",\"valueRequired\":true,\"valueName\":\"search_term_string\"}}],\"inLanguage\":\"es\"},{\"@type\":\"Person\",\"@id\":\"https:\\\/\\\/elpicudonegro.com\\\/web\\\/#\\\/schema\\\/person\\\/94d2eca306e3e8bd545803f8d23f19d1\",\"name\":\"administrador\",\"image\":{\"@type\":\"ImageObject\",\"inLanguage\":\"es\",\"@id\":\"https:\\\/\\\/secure.gravatar.com\\\/avatar\\\/7a8b4df9d6c0d9e6ae7583f139d0d0dfea955d3a05ac5a6a6961b1a34334d20b?s=96&d=mm&r=g\",\"url\":\"https:\\\/\\\/secure.gravatar.com\\\/avatar\\\/7a8b4df9d6c0d9e6ae7583f139d0d0dfea955d3a05ac5a6a6961b1a34334d20b?s=96&d=mm&r=g\",\"contentUrl\":\"https:\\\/\\\/secure.gravatar.com\\\/avatar\\\/7a8b4df9d6c0d9e6ae7583f139d0d0dfea955d3a05ac5a6a6961b1a34334d20b?s=96&d=mm&r=g\",\"caption\":\"administrador\"},\"url\":\"https:\\\/\\\/elpicudonegro.com\\\/web\\\/author\\\/administrador\\\/\"}]}<\/script>\n<!-- \/ Yoast SEO plugin. -->","yoast_head_json":{"title":"La Voz de Almeria y el picudo negro - EL PICUDO NEGRO","description":"Noticia sobre la preocupante situaci\u00f3n de la plaga de picudo negro en Almer\u00eda Los agaves est\u00e1n en peligro en la provincia de Almer\u00eda","robots":{"index":"index","follow":"follow","max-snippet":"max-snippet:-1","max-image-preview":"max-image-preview:large","max-video-preview":"max-video-preview:-1"},"canonical":"https:\/\/elpicudonegro.com\/web\/2016\/03\/19\/plaga-almeria-picudo-negro\/","og_locale":"es_ES","og_type":"article","og_title":"La Voz de Almeria y el picudo negro - EL PICUDO NEGRO","og_description":"Noticia sobre la preocupante situaci\u00f3n de la plaga de picudo negro en Almer\u00eda Los agaves est\u00e1n en peligro en la provincia de Almer\u00eda","og_url":"https:\/\/elpicudonegro.com\/web\/2016\/03\/19\/plaga-almeria-picudo-negro\/","og_site_name":"EL PICUDO NEGRO","article_published_time":"2016-03-19T09:50:26+00:00","article_modified_time":"2016-06-11T21:45:37+00:00","og_image":[{"url":"http:\/\/elpicudonegro.com\/web\/wp-content\/uploads\/2016\/02\/picudo-negro-en-fernan-perez-e1456775799419-300x225.jpg","type":"","width":"","height":""}],"author":"administrador","twitter_card":"summary_large_image","twitter_misc":{"Escrito por":"administrador"},"schema":{"@context":"https:\/\/schema.org","@graph":[{"@type":"Article","@id":"https:\/\/elpicudonegro.com\/web\/2016\/03\/19\/plaga-almeria-picudo-negro\/#article","isPartOf":{"@id":"https:\/\/elpicudonegro.com\/web\/2016\/03\/19\/plaga-almeria-picudo-negro\/"},"author":{"name":"administrador","@id":"https:\/\/elpicudonegro.com\/web\/#\/schema\/person\/94d2eca306e3e8bd545803f8d23f19d1"},"headline":"La Voz de Almeria y el picudo negro","datePublished":"2016-03-19T09:50:26+00:00","dateModified":"2016-06-11T21:45:37+00:00","mainEntityOfPage":{"@id":"https:\/\/elpicudonegro.com\/web\/2016\/03\/19\/plaga-almeria-picudo-negro\/"},"wordCount":64,"commentCount":0,"image":{"@id":"https:\/\/elpicudonegro.com\/web\/2016\/03\/19\/plaga-almeria-picudo-negro\/#primaryimage"},"thumbnailUrl":"http:\/\/elpicudonegro.com\/web\/wp-content\/uploads\/2016\/02\/picudo-negro-en-fernan-perez-e1456775799419-300x225.jpg","keywords":["picudo negro en prensa"],"articleSection":["Noticias en prensa sobre el PICUDO NEGRO"],"inLanguage":"es","potentialAction":[{"@type":"CommentAction","name":"Comment","target":["https:\/\/elpicudonegro.com\/web\/2016\/03\/19\/plaga-almeria-picudo-negro\/#respond"]}]},{"@type":"WebPage","@id":"https:\/\/elpicudonegro.com\/web\/2016\/03\/19\/plaga-almeria-picudo-negro\/","url":"https:\/\/elpicudonegro.com\/web\/2016\/03\/19\/plaga-almeria-picudo-negro\/","name":"La Voz de Almeria y el picudo negro - EL PICUDO NEGRO","isPartOf":{"@id":"https:\/\/elpicudonegro.com\/web\/#website"},"primaryImageOfPage":{"@id":"https:\/\/elpicudonegro.com\/web\/2016\/03\/19\/plaga-almeria-picudo-negro\/#primaryimage"},"image":{"@id":"https:\/\/elpicudonegro.com\/web\/2016\/03\/19\/plaga-almeria-picudo-negro\/#primaryimage"},"thumbnailUrl":"http:\/\/elpicudonegro.com\/web\/wp-content\/uploads\/2016\/02\/picudo-negro-en-fernan-perez-e1456775799419-300x225.jpg","datePublished":"2016-03-19T09:50:26+00:00","dateModified":"2016-06-11T21:45:37+00:00","author":{"@id":"https:\/\/elpicudonegro.com\/web\/#\/schema\/person\/94d2eca306e3e8bd545803f8d23f19d1"},"description":"Noticia sobre la preocupante situaci\u00f3n de la plaga de picudo negro en Almer\u00eda Los agaves est\u00e1n en peligro en la provincia de Almer\u00eda","breadcrumb":{"@id":"https:\/\/elpicudonegro.com\/web\/2016\/03\/19\/plaga-almeria-picudo-negro\/#breadcrumb"},"inLanguage":"es","potentialAction":[{"@type":"ReadAction","target":["https:\/\/elpicudonegro.com\/web\/2016\/03\/19\/plaga-almeria-picudo-negro\/"]}]},{"@type":"ImageObject","inLanguage":"es","@id":"https:\/\/elpicudonegro.com\/web\/2016\/03\/19\/plaga-almeria-picudo-negro\/#primaryimage","url":"https:\/\/i0.wp.com\/elpicudonegro.com\/web\/wp-content\/uploads\/2016\/02\/picudo-negro-en-fernan-perez-e1456775799419.jpg?fit=1200%2C900&ssl=1","contentUrl":"https:\/\/i0.wp.com\/elpicudonegro.com\/web\/wp-content\/uploads\/2016\/02\/picudo-negro-en-fernan-perez-e1456775799419.jpg?fit=1200%2C900&ssl=1","width":1200,"height":900,"caption":"Pitas afectadas Al fondo acueducto de Fernan P\u00e9rez"},{"@type":"BreadcrumbList","@id":"https:\/\/elpicudonegro.com\/web\/2016\/03\/19\/plaga-almeria-picudo-negro\/#breadcrumb","itemListElement":[{"@type":"ListItem","position":1,"name":"Portada","item":"https:\/\/elpicudonegro.com\/web\/"},{"@type":"ListItem","position":2,"name":"La Voz de Almeria y el picudo negro"}]},{"@type":"WebSite","@id":"https:\/\/elpicudonegro.com\/web\/#website","url":"https:\/\/elpicudonegro.com\/web\/","name":"EL PICUDO NEGRO","description":"Control de la plaga de picudo negro en las pitas de Almeria","potentialAction":[{"@type":"SearchAction","target":{"@type":"EntryPoint","urlTemplate":"https:\/\/elpicudonegro.com\/web\/?s={search_term_string}"},"query-input":{"@type":"PropertyValueSpecification","valueRequired":true,"valueName":"search_term_string"}}],"inLanguage":"es"},{"@type":"Person","@id":"https:\/\/elpicudonegro.com\/web\/#\/schema\/person\/94d2eca306e3e8bd545803f8d23f19d1","name":"administrador","image":{"@type":"ImageObject","inLanguage":"es","@id":"https:\/\/secure.gravatar.com\/avatar\/7a8b4df9d6c0d9e6ae7583f139d0d0dfea955d3a05ac5a6a6961b1a34334d20b?s=96&d=mm&r=g","url":"https:\/\/secure.gravatar.com\/avatar\/7a8b4df9d6c0d9e6ae7583f139d0d0dfea955d3a05ac5a6a6961b1a34334d20b?s=96&d=mm&r=g","contentUrl":"https:\/\/secure.gravatar.com\/avatar\/7a8b4df9d6c0d9e6ae7583f139d0d0dfea955d3a05ac5a6a6961b1a34334d20b?s=96&d=mm&r=g","caption":"administrador"},"url":"https:\/\/elpicudonegro.com\/web\/author\/administrador\/"}]}},"jetpack_publicize_connections":[],"jetpack_featured_media_url":"","jetpack_sharing_enabled":true,"jetpack_shortlink":"https:\/\/wp.me\/p7lxPt-5A","jetpack-related-posts":[],"_links":{"self":[{"href":"https:\/\/elpicudonegro.com\/web\/wp-json\/wp\/v2\/posts\/346","targetHints":{"allow":["GET"]}}],"collection":[{"href":"https:\/\/elpicudonegro.com\/web\/wp-json\/wp\/v2\/posts"}],"about":[{"href":"https:\/\/elpicudonegro.com\/web\/wp-json\/wp\/v2\/types\/post"}],"author":[{"embeddable":true,"href":"https:\/\/elpicudonegro.com\/web\/wp-json\/wp\/v2\/users\/1"}],"replies":[{"embeddable":true,"href":"https:\/\/elpicudonegro.com\/web\/wp-json\/wp\/v2\/comments?post=346"}],"version-history":[{"count":6,"href":"https:\/\/elpicudonegro.com\/web\/wp-json\/wp\/v2\/posts\/346\/revisions"}],"predecessor-version":[{"id":759,"href":"https:\/\/elpicudonegro.com\/web\/wp-json\/wp\/v2\/posts\/346\/revisions\/759"}],"wp:attachment":[{"href":"https:\/\/elpicudonegro.com\/web\/wp-json\/wp\/v2\/media?parent=346"}],"wp:term":[{"taxonomy":"category","embeddable":true,"href":"https:\/\/elpicudonegro.com\/web\/wp-json\/wp\/v2\/categories?post=346"},{"taxonomy":"post_tag","embeddable":true,"href":"https:\/\/elpicudonegro.com\/web\/wp-json\/wp\/v2\/tags?post=346"}],"curies":[{"name":"wp","href":"https:\/\/api.w.org\/{rel}","templated":true}]}}