{"id":374,"date":"2016-03-23T00:07:09","date_gmt":"2016-03-23T00:07:09","guid":{"rendered":"http:\/\/elpicudonegro.com\/web\/?p=374"},"modified":"2016-04-16T16:11:27","modified_gmt":"2016-04-16T16:11:27","slug":"plaga","status":"publish","type":"post","link":"https:\/\/elpicudonegro.com\/web\/2016\/03\/23\/plaga\/","title":{"rendered":"El picudo negro se convierte en plaga"},"content":{"rendered":"<p>La DIRECCI\u00d3N GENERAL DE SANIDAD VEGETAL en M\u00e9xico public\u00f3 la siguiente Ficha T\u00e9cnica\u00a0Scyphophorus acupunctatus<br \/>\nARP-026, se extrae a continuacion la cita siguiente:<\/p>\n<blockquote>\n<p style=\"text-align: justify;\">Normalmente los adultos de picudo negro Scyphophorus acupunctatus tienden a permanecer en el \u00e1rea donde se originaron y generalmente <strong>su dispersi\u00f3n es baja<\/strong>. Esta especie es originaria del Nuevo Mundo y ha expandido considerablemente su distribuci\u00f3n, sin duda, ayudada por el ser humano mediante el movimiento de sus plantas hospedantes (Setliff y Anderson, 2011; Sol\u00eds, 2001).<\/p>\n<\/blockquote>\n<figure id=\"attachment_375\" aria-describedby=\"caption-attachment-375\" style=\"width: 244px\" class=\"wp-caption aligncenter\"><a href=\"http:\/\/elpicudonegro.com\/web\/wp-content\/uploads\/2016\/03\/ficha-tecnica-Scyphophorus-acupunctatus_2011.bmp\" rel=\"attachment wp-att-375\"><img loading=\"lazy\" decoding=\"async\" data-attachment-id=\"375\" data-permalink=\"https:\/\/elpicudonegro.com\/web\/2016\/03\/23\/plaga\/ficha-tecnica-scyphophorus-acupunctatus_2011\/\" data-orig-file=\"https:\/\/elpicudonegro.com\/web\/wp-content\/uploads\/2016\/03\/ficha-tecnica-Scyphophorus-acupunctatus_2011.bmp\" data-orig-size=\"244,163\" data-comments-opened=\"1\" data-image-meta=\"{&quot;aperture&quot;:&quot;0&quot;,&quot;credit&quot;:&quot;&quot;,&quot;camera&quot;:&quot;&quot;,&quot;caption&quot;:&quot;&quot;,&quot;created_timestamp&quot;:&quot;0&quot;,&quot;copyright&quot;:&quot;&quot;,&quot;focal_length&quot;:&quot;0&quot;,&quot;iso&quot;:&quot;0&quot;,&quot;shutter_speed&quot;:&quot;0&quot;,&quot;title&quot;:&quot;&quot;,&quot;orientation&quot;:&quot;0&quot;}\" data-image-title=\"ficha tecnica Scyphophorus acupunctatus_2011\" data-image-description=\"\" data-image-caption=\"&lt;p&gt;Centro Nacional de Referencia Fitosanitaria MEXICO&lt;\/p&gt;\n\" data-large-file=\"https:\/\/elpicudonegro.com\/web\/wp-content\/uploads\/2016\/03\/ficha-tecnica-Scyphophorus-acupunctatus_2011.bmp\" class=\"size-full wp-image-375\" src=\"http:\/\/elpicudonegro.com\/web\/wp-content\/uploads\/2016\/03\/ficha-tecnica-Scyphophorus-acupunctatus_2011.bmp\" alt=\"Centro Nacional de Referencia Fitosanitaria MEXICO\" width=\"244\" height=\"163\" \/><\/a><figcaption id=\"caption-attachment-375\" class=\"wp-caption-text\">Centro Nacional de Referencia Fitosanitaria M\u00c9XICO<\/figcaption><\/figure>\n<p class=\"articulo\" style=\"text-align: justify;\">Aviso a navegantes, en nuestra LEY ORGANICA 10\/1995, de 23 de noviembre, del C\u00f3digo Penal se dice:<\/p>\n<blockquote>\n<p class=\"articulo\" style=\"text-align: justify;\">Art\u00edculo 333. El que introdujera o liberara especies de flora o fauna no aut\u00f3ctona, de modo que perjudique el equilibrio biol\u00f3gico, contraviniendo las Leyes o disposiciones de car\u00e1cter general protectoras de las especies de flora o fauna, ser\u00e1 castigado con la pena de prisi\u00f3n de seis meses a dos a\u00f1os o multa de ocho a veinticuatro meses.<\/p>\n<\/blockquote>\n<p>&nbsp;<\/p>\n","protected":false},"excerpt":{"rendered":"<p>La DIRECCI\u00d3N GENERAL DE SANIDAD VEGETAL en M\u00e9xico public\u00f3 la siguiente Ficha T\u00e9cnica\u00a0Scyphophorus acupunctatus ARP-026, se extrae a continuacion la cita siguiente: Normalmente los adultos de picudo negro Scyphophorus acupunctatus tienden a permanecer en el \u00e1rea donde se originaron y generalmente su dispersi\u00f3n es baja. Esta especie es originaria del Nuevo Mundo y ha expandido &hellip; <a href=\"https:\/\/elpicudonegro.com\/web\/2016\/03\/23\/plaga\/\" class=\"more-link\">Seguir leyendo <span class=\"screen-reader-text\">El picudo negro se convierte en plaga<\/span> <span class=\"meta-nav\">&rarr;<\/span><\/a><\/p>\n","protected":false},"author":1,"featured_media":0,"comment_status":"open","ping_status":"open","sticky":false,"template":"","format":"standard","meta":{"jetpack_post_was_ever_published":false,"_jetpack_newsletter_access":"","_jetpack_dont_email_post_to_subs":false,"_jetpack_newsletter_tier_id":0,"_jetpack_memberships_contains_paywalled_content":false,"_jetpack_memberships_contains_paid_content":false,"footnotes":"","jetpack_publicize_message":"","jetpack_publicize_feature_enabled":true,"jetpack_social_post_already_shared":true,"jetpack_social_options":{"image_generator_settings":{"template":"highway","default_image_id":0,"font":"","enabled":false},"version":2}},"categories":[2],"tags":[6],"class_list":["post-374","post","type-post","status-publish","format-standard","hentry","category-vigilar-el-desarrollo-de-la-plaga-de-picudo-negro-almeria","tag-distribucion-picudo-negro"],"yoast_head":"<!-- This site is optimized with the Yoast SEO plugin v27.4 - https:\/\/yoast.com\/product\/yoast-seo-wordpress\/ -->\n<title>El picudo negro se convierte en plaga - EL PICUDO NEGRO<\/title>\n<meta name=\"robots\" content=\"index, follow, max-snippet:-1, max-image-preview:large, max-video-preview:-1\" \/>\n<link rel=\"canonical\" href=\"https:\/\/elpicudonegro.com\/web\/2016\/03\/23\/plaga\/\" \/>\n<meta property=\"og:locale\" content=\"es_ES\" \/>\n<meta property=\"og:type\" content=\"article\" \/>\n<meta property=\"og:title\" content=\"El picudo negro se convierte en plaga - EL PICUDO NEGRO\" \/>\n<meta property=\"og:description\" content=\"La DIRECCI\u00d3N GENERAL DE SANIDAD VEGETAL en M\u00e9xico public\u00f3 la siguiente Ficha T\u00e9cnica\u00a0Scyphophorus acupunctatus ARP-026, se extrae a continuacion la cita siguiente: Normalmente los adultos de picudo negro Scyphophorus acupunctatus tienden a permanecer en el \u00e1rea donde se originaron y generalmente su dispersi\u00f3n es baja. Esta especie es originaria del Nuevo Mundo y ha expandido &hellip; Seguir leyendo El picudo negro se convierte en plaga &rarr;\" \/>\n<meta property=\"og:url\" content=\"https:\/\/elpicudonegro.com\/web\/2016\/03\/23\/plaga\/\" \/>\n<meta property=\"og:site_name\" content=\"EL PICUDO NEGRO\" \/>\n<meta property=\"article:published_time\" content=\"2016-03-23T00:07:09+00:00\" \/>\n<meta property=\"article:modified_time\" content=\"2016-04-16T16:11:27+00:00\" \/>\n<meta property=\"og:image\" content=\"http:\/\/elpicudonegro.com\/web\/wp-content\/uploads\/2016\/03\/ficha-tecnica-Scyphophorus-acupunctatus_2011.bmp\" \/>\n<meta name=\"author\" content=\"administrador\" \/>\n<meta name=\"twitter:card\" content=\"summary_large_image\" \/>\n<meta name=\"twitter:label1\" content=\"Escrito por\" \/>\n\t<meta name=\"twitter:data1\" content=\"administrador\" \/>\n\t<meta name=\"twitter:label2\" content=\"Tiempo de lectura\" \/>\n\t<meta name=\"twitter:data2\" content=\"1 minuto\" \/>\n<script type=\"application\/ld+json\" class=\"yoast-schema-graph\">{\"@context\":\"https:\\\/\\\/schema.org\",\"@graph\":[{\"@type\":\"Article\",\"@id\":\"https:\\\/\\\/elpicudonegro.com\\\/web\\\/2016\\\/03\\\/23\\\/plaga\\\/#article\",\"isPartOf\":{\"@id\":\"https:\\\/\\\/elpicudonegro.com\\\/web\\\/2016\\\/03\\\/23\\\/plaga\\\/\"},\"author\":{\"name\":\"administrador\",\"@id\":\"https:\\\/\\\/elpicudonegro.com\\\/web\\\/#\\\/schema\\\/person\\\/94d2eca306e3e8bd545803f8d23f19d1\"},\"headline\":\"El picudo negro se convierte en plaga\",\"datePublished\":\"2016-03-23T00:07:09+00:00\",\"dateModified\":\"2016-04-16T16:11:27+00:00\",\"mainEntityOfPage\":{\"@id\":\"https:\\\/\\\/elpicudonegro.com\\\/web\\\/2016\\\/03\\\/23\\\/plaga\\\/\"},\"wordCount\":183,\"commentCount\":0,\"image\":{\"@id\":\"https:\\\/\\\/elpicudonegro.com\\\/web\\\/2016\\\/03\\\/23\\\/plaga\\\/#primaryimage\"},\"thumbnailUrl\":\"http:\\\/\\\/elpicudonegro.com\\\/web\\\/wp-content\\\/uploads\\\/2016\\\/03\\\/ficha-tecnica-Scyphophorus-acupunctatus_2011.bmp\",\"keywords\":[\"distribucion picudo negro\"],\"articleSection\":[\"Avisos de su DISTRIBUCI\u00d3N en Almer\u00eda\"],\"inLanguage\":\"es\",\"potentialAction\":[{\"@type\":\"CommentAction\",\"name\":\"Comment\",\"target\":[\"https:\\\/\\\/elpicudonegro.com\\\/web\\\/2016\\\/03\\\/23\\\/plaga\\\/#respond\"]}]},{\"@type\":\"WebPage\",\"@id\":\"https:\\\/\\\/elpicudonegro.com\\\/web\\\/2016\\\/03\\\/23\\\/plaga\\\/\",\"url\":\"https:\\\/\\\/elpicudonegro.com\\\/web\\\/2016\\\/03\\\/23\\\/plaga\\\/\",\"name\":\"El picudo negro se convierte en plaga - EL PICUDO NEGRO\",\"isPartOf\":{\"@id\":\"https:\\\/\\\/elpicudonegro.com\\\/web\\\/#website\"},\"primaryImageOfPage\":{\"@id\":\"https:\\\/\\\/elpicudonegro.com\\\/web\\\/2016\\\/03\\\/23\\\/plaga\\\/#primaryimage\"},\"image\":{\"@id\":\"https:\\\/\\\/elpicudonegro.com\\\/web\\\/2016\\\/03\\\/23\\\/plaga\\\/#primaryimage\"},\"thumbnailUrl\":\"http:\\\/\\\/elpicudonegro.com\\\/web\\\/wp-content\\\/uploads\\\/2016\\\/03\\\/ficha-tecnica-Scyphophorus-acupunctatus_2011.bmp\",\"datePublished\":\"2016-03-23T00:07:09+00:00\",\"dateModified\":\"2016-04-16T16:11:27+00:00\",\"author\":{\"@id\":\"https:\\\/\\\/elpicudonegro.com\\\/web\\\/#\\\/schema\\\/person\\\/94d2eca306e3e8bd545803f8d23f19d1\"},\"breadcrumb\":{\"@id\":\"https:\\\/\\\/elpicudonegro.com\\\/web\\\/2016\\\/03\\\/23\\\/plaga\\\/#breadcrumb\"},\"inLanguage\":\"es\",\"potentialAction\":[{\"@type\":\"ReadAction\",\"target\":[\"https:\\\/\\\/elpicudonegro.com\\\/web\\\/2016\\\/03\\\/23\\\/plaga\\\/\"]}]},{\"@type\":\"ImageObject\",\"inLanguage\":\"es\",\"@id\":\"https:\\\/\\\/elpicudonegro.com\\\/web\\\/2016\\\/03\\\/23\\\/plaga\\\/#primaryimage\",\"url\":\"https:\\\/\\\/elpicudonegro.com\\\/web\\\/wp-content\\\/uploads\\\/2016\\\/03\\\/ficha-tecnica-Scyphophorus-acupunctatus_2011.bmp\",\"contentUrl\":\"https:\\\/\\\/elpicudonegro.com\\\/web\\\/wp-content\\\/uploads\\\/2016\\\/03\\\/ficha-tecnica-Scyphophorus-acupunctatus_2011.bmp\",\"width\":244,\"height\":163,\"caption\":\"Centro Nacional de Referencia Fitosanitaria MEXICO\"},{\"@type\":\"BreadcrumbList\",\"@id\":\"https:\\\/\\\/elpicudonegro.com\\\/web\\\/2016\\\/03\\\/23\\\/plaga\\\/#breadcrumb\",\"itemListElement\":[{\"@type\":\"ListItem\",\"position\":1,\"name\":\"Portada\",\"item\":\"https:\\\/\\\/elpicudonegro.com\\\/web\\\/\"},{\"@type\":\"ListItem\",\"position\":2,\"name\":\"El picudo negro se convierte en plaga\"}]},{\"@type\":\"WebSite\",\"@id\":\"https:\\\/\\\/elpicudonegro.com\\\/web\\\/#website\",\"url\":\"https:\\\/\\\/elpicudonegro.com\\\/web\\\/\",\"name\":\"EL PICUDO NEGRO\",\"description\":\"Control de la plaga de picudo negro en las pitas de Almeria\",\"potentialAction\":[{\"@type\":\"SearchAction\",\"target\":{\"@type\":\"EntryPoint\",\"urlTemplate\":\"https:\\\/\\\/elpicudonegro.com\\\/web\\\/?s={search_term_string}\"},\"query-input\":{\"@type\":\"PropertyValueSpecification\",\"valueRequired\":true,\"valueName\":\"search_term_string\"}}],\"inLanguage\":\"es\"},{\"@type\":\"Person\",\"@id\":\"https:\\\/\\\/elpicudonegro.com\\\/web\\\/#\\\/schema\\\/person\\\/94d2eca306e3e8bd545803f8d23f19d1\",\"name\":\"administrador\",\"image\":{\"@type\":\"ImageObject\",\"inLanguage\":\"es\",\"@id\":\"https:\\\/\\\/secure.gravatar.com\\\/avatar\\\/7a8b4df9d6c0d9e6ae7583f139d0d0dfea955d3a05ac5a6a6961b1a34334d20b?s=96&d=mm&r=g\",\"url\":\"https:\\\/\\\/secure.gravatar.com\\\/avatar\\\/7a8b4df9d6c0d9e6ae7583f139d0d0dfea955d3a05ac5a6a6961b1a34334d20b?s=96&d=mm&r=g\",\"contentUrl\":\"https:\\\/\\\/secure.gravatar.com\\\/avatar\\\/7a8b4df9d6c0d9e6ae7583f139d0d0dfea955d3a05ac5a6a6961b1a34334d20b?s=96&d=mm&r=g\",\"caption\":\"administrador\"},\"url\":\"https:\\\/\\\/elpicudonegro.com\\\/web\\\/author\\\/administrador\\\/\"}]}<\/script>\n<!-- \/ Yoast SEO plugin. -->","yoast_head_json":{"title":"El picudo negro se convierte en plaga - EL PICUDO NEGRO","robots":{"index":"index","follow":"follow","max-snippet":"max-snippet:-1","max-image-preview":"max-image-preview:large","max-video-preview":"max-video-preview:-1"},"canonical":"https:\/\/elpicudonegro.com\/web\/2016\/03\/23\/plaga\/","og_locale":"es_ES","og_type":"article","og_title":"El picudo negro se convierte en plaga - EL PICUDO NEGRO","og_description":"La DIRECCI\u00d3N GENERAL DE SANIDAD VEGETAL en M\u00e9xico public\u00f3 la siguiente Ficha T\u00e9cnica\u00a0Scyphophorus acupunctatus ARP-026, se extrae a continuacion la cita siguiente: Normalmente los adultos de picudo negro Scyphophorus acupunctatus tienden a permanecer en el \u00e1rea donde se originaron y generalmente su dispersi\u00f3n es baja. Esta especie es originaria del Nuevo Mundo y ha expandido &hellip; Seguir leyendo El picudo negro se convierte en plaga &rarr;","og_url":"https:\/\/elpicudonegro.com\/web\/2016\/03\/23\/plaga\/","og_site_name":"EL PICUDO NEGRO","article_published_time":"2016-03-23T00:07:09+00:00","article_modified_time":"2016-04-16T16:11:27+00:00","og_image":[{"url":"http:\/\/elpicudonegro.com\/web\/wp-content\/uploads\/2016\/03\/ficha-tecnica-Scyphophorus-acupunctatus_2011.bmp","type":"","width":"","height":""}],"author":"administrador","twitter_card":"summary_large_image","twitter_misc":{"Escrito por":"administrador","Tiempo de lectura":"1 minuto"},"schema":{"@context":"https:\/\/schema.org","@graph":[{"@type":"Article","@id":"https:\/\/elpicudonegro.com\/web\/2016\/03\/23\/plaga\/#article","isPartOf":{"@id":"https:\/\/elpicudonegro.com\/web\/2016\/03\/23\/plaga\/"},"author":{"name":"administrador","@id":"https:\/\/elpicudonegro.com\/web\/#\/schema\/person\/94d2eca306e3e8bd545803f8d23f19d1"},"headline":"El picudo negro se convierte en plaga","datePublished":"2016-03-23T00:07:09+00:00","dateModified":"2016-04-16T16:11:27+00:00","mainEntityOfPage":{"@id":"https:\/\/elpicudonegro.com\/web\/2016\/03\/23\/plaga\/"},"wordCount":183,"commentCount":0,"image":{"@id":"https:\/\/elpicudonegro.com\/web\/2016\/03\/23\/plaga\/#primaryimage"},"thumbnailUrl":"http:\/\/elpicudonegro.com\/web\/wp-content\/uploads\/2016\/03\/ficha-tecnica-Scyphophorus-acupunctatus_2011.bmp","keywords":["distribucion picudo negro"],"articleSection":["Avisos de su DISTRIBUCI\u00d3N en Almer\u00eda"],"inLanguage":"es","potentialAction":[{"@type":"CommentAction","name":"Comment","target":["https:\/\/elpicudonegro.com\/web\/2016\/03\/23\/plaga\/#respond"]}]},{"@type":"WebPage","@id":"https:\/\/elpicudonegro.com\/web\/2016\/03\/23\/plaga\/","url":"https:\/\/elpicudonegro.com\/web\/2016\/03\/23\/plaga\/","name":"El picudo negro se convierte en plaga - EL PICUDO NEGRO","isPartOf":{"@id":"https:\/\/elpicudonegro.com\/web\/#website"},"primaryImageOfPage":{"@id":"https:\/\/elpicudonegro.com\/web\/2016\/03\/23\/plaga\/#primaryimage"},"image":{"@id":"https:\/\/elpicudonegro.com\/web\/2016\/03\/23\/plaga\/#primaryimage"},"thumbnailUrl":"http:\/\/elpicudonegro.com\/web\/wp-content\/uploads\/2016\/03\/ficha-tecnica-Scyphophorus-acupunctatus_2011.bmp","datePublished":"2016-03-23T00:07:09+00:00","dateModified":"2016-04-16T16:11:27+00:00","author":{"@id":"https:\/\/elpicudonegro.com\/web\/#\/schema\/person\/94d2eca306e3e8bd545803f8d23f19d1"},"breadcrumb":{"@id":"https:\/\/elpicudonegro.com\/web\/2016\/03\/23\/plaga\/#breadcrumb"},"inLanguage":"es","potentialAction":[{"@type":"ReadAction","target":["https:\/\/elpicudonegro.com\/web\/2016\/03\/23\/plaga\/"]}]},{"@type":"ImageObject","inLanguage":"es","@id":"https:\/\/elpicudonegro.com\/web\/2016\/03\/23\/plaga\/#primaryimage","url":"https:\/\/elpicudonegro.com\/web\/wp-content\/uploads\/2016\/03\/ficha-tecnica-Scyphophorus-acupunctatus_2011.bmp","contentUrl":"https:\/\/elpicudonegro.com\/web\/wp-content\/uploads\/2016\/03\/ficha-tecnica-Scyphophorus-acupunctatus_2011.bmp","width":244,"height":163,"caption":"Centro Nacional de Referencia Fitosanitaria MEXICO"},{"@type":"BreadcrumbList","@id":"https:\/\/elpicudonegro.com\/web\/2016\/03\/23\/plaga\/#breadcrumb","itemListElement":[{"@type":"ListItem","position":1,"name":"Portada","item":"https:\/\/elpicudonegro.com\/web\/"},{"@type":"ListItem","position":2,"name":"El picudo negro se convierte en plaga"}]},{"@type":"WebSite","@id":"https:\/\/elpicudonegro.com\/web\/#website","url":"https:\/\/elpicudonegro.com\/web\/","name":"EL PICUDO NEGRO","description":"Control de la plaga de picudo negro en las pitas de Almeria","potentialAction":[{"@type":"SearchAction","target":{"@type":"EntryPoint","urlTemplate":"https:\/\/elpicudonegro.com\/web\/?s={search_term_string}"},"query-input":{"@type":"PropertyValueSpecification","valueRequired":true,"valueName":"search_term_string"}}],"inLanguage":"es"},{"@type":"Person","@id":"https:\/\/elpicudonegro.com\/web\/#\/schema\/person\/94d2eca306e3e8bd545803f8d23f19d1","name":"administrador","image":{"@type":"ImageObject","inLanguage":"es","@id":"https:\/\/secure.gravatar.com\/avatar\/7a8b4df9d6c0d9e6ae7583f139d0d0dfea955d3a05ac5a6a6961b1a34334d20b?s=96&d=mm&r=g","url":"https:\/\/secure.gravatar.com\/avatar\/7a8b4df9d6c0d9e6ae7583f139d0d0dfea955d3a05ac5a6a6961b1a34334d20b?s=96&d=mm&r=g","contentUrl":"https:\/\/secure.gravatar.com\/avatar\/7a8b4df9d6c0d9e6ae7583f139d0d0dfea955d3a05ac5a6a6961b1a34334d20b?s=96&d=mm&r=g","caption":"administrador"},"url":"https:\/\/elpicudonegro.com\/web\/author\/administrador\/"}]}},"jetpack_publicize_connections":[],"jetpack_featured_media_url":"","jetpack_sharing_enabled":true,"jetpack_shortlink":"https:\/\/wp.me\/s7lxPt-plaga","jetpack-related-posts":[],"_links":{"self":[{"href":"https:\/\/elpicudonegro.com\/web\/wp-json\/wp\/v2\/posts\/374","targetHints":{"allow":["GET"]}}],"collection":[{"href":"https:\/\/elpicudonegro.com\/web\/wp-json\/wp\/v2\/posts"}],"about":[{"href":"https:\/\/elpicudonegro.com\/web\/wp-json\/wp\/v2\/types\/post"}],"author":[{"embeddable":true,"href":"https:\/\/elpicudonegro.com\/web\/wp-json\/wp\/v2\/users\/1"}],"replies":[{"embeddable":true,"href":"https:\/\/elpicudonegro.com\/web\/wp-json\/wp\/v2\/comments?post=374"}],"version-history":[{"count":4,"href":"https:\/\/elpicudonegro.com\/web\/wp-json\/wp\/v2\/posts\/374\/revisions"}],"predecessor-version":[{"id":630,"href":"https:\/\/elpicudonegro.com\/web\/wp-json\/wp\/v2\/posts\/374\/revisions\/630"}],"wp:attachment":[{"href":"https:\/\/elpicudonegro.com\/web\/wp-json\/wp\/v2\/media?parent=374"}],"wp:term":[{"taxonomy":"category","embeddable":true,"href":"https:\/\/elpicudonegro.com\/web\/wp-json\/wp\/v2\/categories?post=374"},{"taxonomy":"post_tag","embeddable":true,"href":"https:\/\/elpicudonegro.com\/web\/wp-json\/wp\/v2\/tags?post=374"}],"curies":[{"name":"wp","href":"https:\/\/api.w.org\/{rel}","templated":true}]}}