{"id":682,"date":"2016-05-07T16:03:16","date_gmt":"2016-05-07T16:03:16","guid":{"rendered":"http:\/\/elpicudonegro.com\/web\/?p=682"},"modified":"2016-05-07T17:44:27","modified_gmt":"2016-05-07T17:44:27","slug":"control-plaga-picudo-negro","status":"publish","type":"post","link":"https:\/\/elpicudonegro.com\/web\/2016\/05\/07\/control-plaga-picudo-negro\/","title":{"rendered":"Control sanitario o cultural de la plaga de picudo"},"content":{"rendered":"<p style=\"text-align: justify;\">Estamos en la redacci\u00f3n de un folleto que a modo de TR\u00cdPTICO resuma los pasos a seguir cuando nos encontremos con el picudo negro en nuestros campos.<\/p>\n<p style=\"text-align: justify;\">Este resumen es un extracto de las recomendaciones que pueden verse en el enlace siguiente:<br \/>\n<a href=\"http:\/\/elpicudonegro.com\/web\/buenas-practicas-picudo-negro\/\" target=\"_blank\">MANUAL BUENAS PR\u00c1CTICAS<\/a><\/p>\n<p style=\"text-align: justify;\">Recordamos un pasaje de la abundante bibliograf\u00eda sobre picudo negro:<\/p>\n<p style=\"text-align: justify;\"><em>(Sol\u00eds,2001) menciona que la mejor forma de abatir las poblaciones del picudo negro\u00a0<strong>Scyphophorus acupunctatus<\/strong> es mediante medidas sanitarias, destrucci\u00f3n de sitios de reproducci\u00f3n tales como plantas senescentes y tallos con pudrici\u00f3n; la eliminaci\u00f3n de plantas muy atacadas, esto es, erradicar los focos de infestaci\u00f3n.<\/em><\/p>\n<p style=\"text-align: justify;\">El peque\u00f1o folleto explicativo mencionado ser\u00e1\u00a0del tipo del\u00a0presentado por\u00a0SANIDAD VEGETAL EN JALISCO (M\u00c9XICO):<\/p>\n<figure id=\"attachment_683\" aria-describedby=\"caption-attachment-683\" style=\"width: 133px\" class=\"wp-caption aligncenter\"><img data-recalc-dims=\"1\" loading=\"lazy\" decoding=\"async\" data-attachment-id=\"683\" data-permalink=\"https:\/\/elpicudonegro.com\/web\/2016\/05\/07\/control-plaga-picudo-negro\/folleto-portada\/\" data-orig-file=\"https:\/\/i0.wp.com\/elpicudonegro.com\/web\/wp-content\/uploads\/2016\/05\/folleto-portada.jpg?fit=1130%2C2442&amp;ssl=1\" data-orig-size=\"1130,2442\" data-comments-opened=\"1\" data-image-meta=\"{&quot;aperture&quot;:&quot;0&quot;,&quot;credit&quot;:&quot;&quot;,&quot;camera&quot;:&quot;&quot;,&quot;caption&quot;:&quot;&quot;,&quot;created_timestamp&quot;:&quot;0&quot;,&quot;copyright&quot;:&quot;&quot;,&quot;focal_length&quot;:&quot;0&quot;,&quot;iso&quot;:&quot;0&quot;,&quot;shutter_speed&quot;:&quot;0&quot;,&quot;title&quot;:&quot;&quot;,&quot;orientation&quot;:&quot;0&quot;}\" data-image-title=\"folleto portada\" data-image-description=\"\" data-image-caption=\"&lt;p&gt;Portada folleto informativo picudo del agave&lt;\/p&gt;\n\" data-large-file=\"https:\/\/i0.wp.com\/elpicudonegro.com\/web\/wp-content\/uploads\/2016\/05\/folleto-portada.jpg?fit=474%2C1024&amp;ssl=1\" class=\"wp-image-683\" src=\"https:\/\/i0.wp.com\/elpicudonegro.com\/web\/wp-content\/uploads\/2016\/05\/folleto-portada.jpg?resize=133%2C287\" alt=\"Folleto informativo picudo del agave\" width=\"133\" height=\"287\" srcset=\"https:\/\/i0.wp.com\/elpicudonegro.com\/web\/wp-content\/uploads\/2016\/05\/folleto-portada.jpg?resize=139%2C300&amp;ssl=1 139w, https:\/\/i0.wp.com\/elpicudonegro.com\/web\/wp-content\/uploads\/2016\/05\/folleto-portada.jpg?resize=768%2C1660&amp;ssl=1 768w, https:\/\/i0.wp.com\/elpicudonegro.com\/web\/wp-content\/uploads\/2016\/05\/folleto-portada.jpg?resize=474%2C1024&amp;ssl=1 474w, https:\/\/i0.wp.com\/elpicudonegro.com\/web\/wp-content\/uploads\/2016\/05\/folleto-portada.jpg?w=1130&amp;ssl=1 1130w, https:\/\/i0.wp.com\/elpicudonegro.com\/web\/wp-content\/uploads\/2016\/05\/folleto-portada.jpg?w=948 948w\" sizes=\"auto, (max-width: 133px) 100vw, 133px\" \/><figcaption id=\"caption-attachment-683\" class=\"wp-caption-text\">Folleto informativo picudo del agave<\/figcaption><\/figure>\n<p>Para ver el folleto completo pincha en:<br \/>\n<a href=\"https:\/\/drive.google.com\/file\/d\/0B15yqfx2adsiZVVUMjlYSEc3TEU\/view?usp=sharing\" target=\"_blank\">CAMPA\u00d1A MANEJO FITOSANITARIO DEL AGAVE<\/a><\/p>\n<p>Para terminar algo MUY importante:<br \/>\n&#8211; NO TIRAR RESTOS DE PITAS AFECTADAS EN LUGARES DONDE PUEDEN PROPAGAR LA PLAGA.<br \/>\n&#8211; DESINFECTAR LAS HERRAMIENTAS UTILIZADAS CON LEJ\u00cdA O SIMILAR.<\/p>\n","protected":false},"excerpt":{"rendered":"<p>Estamos en la redacci\u00f3n de un folleto que a modo de TR\u00cdPTICO resuma los pasos a seguir cuando nos encontremos con el picudo negro en nuestros campos. Este resumen es un extracto de las recomendaciones que pueden verse en el enlace siguiente: MANUAL BUENAS PR\u00c1CTICAS Recordamos un pasaje de la abundante bibliograf\u00eda sobre picudo negro: &hellip; <a href=\"https:\/\/elpicudonegro.com\/web\/2016\/05\/07\/control-plaga-picudo-negro\/\" class=\"more-link\">Seguir leyendo <span class=\"screen-reader-text\">Control sanitario o cultural de la plaga de picudo<\/span> <span class=\"meta-nav\">&rarr;<\/span><\/a><\/p>\n","protected":false},"author":1,"featured_media":0,"comment_status":"open","ping_status":"open","sticky":false,"template":"","format":"standard","meta":{"jetpack_post_was_ever_published":false,"_jetpack_newsletter_access":"","_jetpack_dont_email_post_to_subs":false,"_jetpack_newsletter_tier_id":0,"_jetpack_memberships_contains_paywalled_content":false,"_jetpack_memberships_contains_paid_content":false,"footnotes":"","jetpack_publicize_message":"","jetpack_publicize_feature_enabled":true,"jetpack_social_post_already_shared":true,"jetpack_social_options":{"image_generator_settings":{"template":"highway","default_image_id":0,"font":"","enabled":false},"version":2}},"categories":[4],"tags":[14],"class_list":["post-682","post","type-post","status-publish","format-standard","hentry","category-tratamientos-lucha-contra-el-picudo-negro","tag-tratamientos-picudo-negro"],"yoast_head":"<!-- This site is optimized with the Yoast SEO plugin v27.5 - https:\/\/yoast.com\/product\/yoast-seo-wordpress\/ -->\n<title>Control sanitario o cultural de la plaga de picudo - EL PICUDO NEGRO<\/title>\n<meta name=\"description\" content=\"La mejor forma de control plaga del picudo negro es mediante medidas sanitarias,como la eliminaci\u00f3n de plantas muy atacadas, erradicar los focos .\" \/>\n<meta name=\"robots\" content=\"index, follow, max-snippet:-1, max-image-preview:large, max-video-preview:-1\" \/>\n<link rel=\"canonical\" href=\"https:\/\/elpicudonegro.com\/web\/2016\/05\/07\/control-plaga-picudo-negro\/\" \/>\n<meta property=\"og:locale\" content=\"es_ES\" \/>\n<meta property=\"og:type\" content=\"article\" \/>\n<meta property=\"og:title\" content=\"Control sanitario o cultural de la plaga de picudo - EL PICUDO NEGRO\" \/>\n<meta property=\"og:description\" content=\"La mejor forma de control plaga del picudo negro es mediante medidas sanitarias,como la eliminaci\u00f3n de plantas muy atacadas, erradicar los focos .\" \/>\n<meta property=\"og:url\" content=\"https:\/\/elpicudonegro.com\/web\/2016\/05\/07\/control-plaga-picudo-negro\/\" \/>\n<meta property=\"og:site_name\" content=\"EL PICUDO NEGRO\" \/>\n<meta property=\"article:published_time\" content=\"2016-05-07T16:03:16+00:00\" \/>\n<meta property=\"article:modified_time\" content=\"2016-05-07T17:44:27+00:00\" \/>\n<meta property=\"og:image\" content=\"http:\/\/elpicudonegro.com\/web\/wp-content\/uploads\/2016\/05\/folleto-portada-139x300.jpg\" \/>\n<meta name=\"author\" content=\"administrador\" \/>\n<meta name=\"twitter:card\" content=\"summary_large_image\" \/>\n<meta name=\"twitter:label1\" content=\"Escrito por\" \/>\n\t<meta name=\"twitter:data1\" content=\"administrador\" \/>\n\t<meta name=\"twitter:label2\" content=\"Tiempo de lectura\" \/>\n\t<meta name=\"twitter:data2\" content=\"1 minuto\" \/>\n<script type=\"application\/ld+json\" class=\"yoast-schema-graph\">{\"@context\":\"https:\\\/\\\/schema.org\",\"@graph\":[{\"@type\":\"Article\",\"@id\":\"https:\\\/\\\/elpicudonegro.com\\\/web\\\/2016\\\/05\\\/07\\\/control-plaga-picudo-negro\\\/#article\",\"isPartOf\":{\"@id\":\"https:\\\/\\\/elpicudonegro.com\\\/web\\\/2016\\\/05\\\/07\\\/control-plaga-picudo-negro\\\/\"},\"author\":{\"name\":\"administrador\",\"@id\":\"https:\\\/\\\/elpicudonegro.com\\\/web\\\/#\\\/schema\\\/person\\\/94d2eca306e3e8bd545803f8d23f19d1\"},\"headline\":\"Control sanitario o cultural de la plaga de picudo\",\"datePublished\":\"2016-05-07T16:03:16+00:00\",\"dateModified\":\"2016-05-07T17:44:27+00:00\",\"mainEntityOfPage\":{\"@id\":\"https:\\\/\\\/elpicudonegro.com\\\/web\\\/2016\\\/05\\\/07\\\/control-plaga-picudo-negro\\\/\"},\"wordCount\":191,\"commentCount\":0,\"image\":{\"@id\":\"https:\\\/\\\/elpicudonegro.com\\\/web\\\/2016\\\/05\\\/07\\\/control-plaga-picudo-negro\\\/#primaryimage\"},\"thumbnailUrl\":\"http:\\\/\\\/elpicudonegro.com\\\/web\\\/wp-content\\\/uploads\\\/2016\\\/05\\\/folleto-portada-139x300.jpg\",\"keywords\":[\"tratamientos picudo negro\"],\"articleSection\":[\"TRATAMIENTOS contra el picudo negro\"],\"inLanguage\":\"es\",\"potentialAction\":[{\"@type\":\"CommentAction\",\"name\":\"Comment\",\"target\":[\"https:\\\/\\\/elpicudonegro.com\\\/web\\\/2016\\\/05\\\/07\\\/control-plaga-picudo-negro\\\/#respond\"]}]},{\"@type\":\"WebPage\",\"@id\":\"https:\\\/\\\/elpicudonegro.com\\\/web\\\/2016\\\/05\\\/07\\\/control-plaga-picudo-negro\\\/\",\"url\":\"https:\\\/\\\/elpicudonegro.com\\\/web\\\/2016\\\/05\\\/07\\\/control-plaga-picudo-negro\\\/\",\"name\":\"Control sanitario o cultural de la plaga de picudo - EL PICUDO NEGRO\",\"isPartOf\":{\"@id\":\"https:\\\/\\\/elpicudonegro.com\\\/web\\\/#website\"},\"primaryImageOfPage\":{\"@id\":\"https:\\\/\\\/elpicudonegro.com\\\/web\\\/2016\\\/05\\\/07\\\/control-plaga-picudo-negro\\\/#primaryimage\"},\"image\":{\"@id\":\"https:\\\/\\\/elpicudonegro.com\\\/web\\\/2016\\\/05\\\/07\\\/control-plaga-picudo-negro\\\/#primaryimage\"},\"thumbnailUrl\":\"http:\\\/\\\/elpicudonegro.com\\\/web\\\/wp-content\\\/uploads\\\/2016\\\/05\\\/folleto-portada-139x300.jpg\",\"datePublished\":\"2016-05-07T16:03:16+00:00\",\"dateModified\":\"2016-05-07T17:44:27+00:00\",\"author\":{\"@id\":\"https:\\\/\\\/elpicudonegro.com\\\/web\\\/#\\\/schema\\\/person\\\/94d2eca306e3e8bd545803f8d23f19d1\"},\"description\":\"La mejor forma de control plaga del picudo negro es mediante medidas sanitarias,como la eliminaci\u00f3n de plantas muy atacadas, erradicar los focos .\",\"breadcrumb\":{\"@id\":\"https:\\\/\\\/elpicudonegro.com\\\/web\\\/2016\\\/05\\\/07\\\/control-plaga-picudo-negro\\\/#breadcrumb\"},\"inLanguage\":\"es\",\"potentialAction\":[{\"@type\":\"ReadAction\",\"target\":[\"https:\\\/\\\/elpicudonegro.com\\\/web\\\/2016\\\/05\\\/07\\\/control-plaga-picudo-negro\\\/\"]}]},{\"@type\":\"ImageObject\",\"inLanguage\":\"es\",\"@id\":\"https:\\\/\\\/elpicudonegro.com\\\/web\\\/2016\\\/05\\\/07\\\/control-plaga-picudo-negro\\\/#primaryimage\",\"url\":\"https:\\\/\\\/i0.wp.com\\\/elpicudonegro.com\\\/web\\\/wp-content\\\/uploads\\\/2016\\\/05\\\/folleto-portada.jpg?fit=1130%2C2442&ssl=1\",\"contentUrl\":\"https:\\\/\\\/i0.wp.com\\\/elpicudonegro.com\\\/web\\\/wp-content\\\/uploads\\\/2016\\\/05\\\/folleto-portada.jpg?fit=1130%2C2442&ssl=1\",\"width\":1130,\"height\":2442,\"caption\":\"Portada folleto informativo picudo del agave\"},{\"@type\":\"BreadcrumbList\",\"@id\":\"https:\\\/\\\/elpicudonegro.com\\\/web\\\/2016\\\/05\\\/07\\\/control-plaga-picudo-negro\\\/#breadcrumb\",\"itemListElement\":[{\"@type\":\"ListItem\",\"position\":1,\"name\":\"Portada\",\"item\":\"https:\\\/\\\/elpicudonegro.com\\\/web\\\/\"},{\"@type\":\"ListItem\",\"position\":2,\"name\":\"Control sanitario o cultural de la plaga de picudo\"}]},{\"@type\":\"WebSite\",\"@id\":\"https:\\\/\\\/elpicudonegro.com\\\/web\\\/#website\",\"url\":\"https:\\\/\\\/elpicudonegro.com\\\/web\\\/\",\"name\":\"EL PICUDO NEGRO\",\"description\":\"Control de la plaga de picudo negro en las pitas de Almeria\",\"potentialAction\":[{\"@type\":\"SearchAction\",\"target\":{\"@type\":\"EntryPoint\",\"urlTemplate\":\"https:\\\/\\\/elpicudonegro.com\\\/web\\\/?s={search_term_string}\"},\"query-input\":{\"@type\":\"PropertyValueSpecification\",\"valueRequired\":true,\"valueName\":\"search_term_string\"}}],\"inLanguage\":\"es\"},{\"@type\":\"Person\",\"@id\":\"https:\\\/\\\/elpicudonegro.com\\\/web\\\/#\\\/schema\\\/person\\\/94d2eca306e3e8bd545803f8d23f19d1\",\"name\":\"administrador\",\"image\":{\"@type\":\"ImageObject\",\"inLanguage\":\"es\",\"@id\":\"https:\\\/\\\/secure.gravatar.com\\\/avatar\\\/7a8b4df9d6c0d9e6ae7583f139d0d0dfea955d3a05ac5a6a6961b1a34334d20b?s=96&d=mm&r=g\",\"url\":\"https:\\\/\\\/secure.gravatar.com\\\/avatar\\\/7a8b4df9d6c0d9e6ae7583f139d0d0dfea955d3a05ac5a6a6961b1a34334d20b?s=96&d=mm&r=g\",\"contentUrl\":\"https:\\\/\\\/secure.gravatar.com\\\/avatar\\\/7a8b4df9d6c0d9e6ae7583f139d0d0dfea955d3a05ac5a6a6961b1a34334d20b?s=96&d=mm&r=g\",\"caption\":\"administrador\"},\"url\":\"https:\\\/\\\/elpicudonegro.com\\\/web\\\/author\\\/administrador\\\/\"}]}<\/script>\n<!-- \/ Yoast SEO plugin. -->","yoast_head_json":{"title":"Control sanitario o cultural de la plaga de picudo - EL PICUDO NEGRO","description":"La mejor forma de control plaga del picudo negro es mediante medidas sanitarias,como la eliminaci\u00f3n de plantas muy atacadas, erradicar los focos .","robots":{"index":"index","follow":"follow","max-snippet":"max-snippet:-1","max-image-preview":"max-image-preview:large","max-video-preview":"max-video-preview:-1"},"canonical":"https:\/\/elpicudonegro.com\/web\/2016\/05\/07\/control-plaga-picudo-negro\/","og_locale":"es_ES","og_type":"article","og_title":"Control sanitario o cultural de la plaga de picudo - EL PICUDO NEGRO","og_description":"La mejor forma de control plaga del picudo negro es mediante medidas sanitarias,como la eliminaci\u00f3n de plantas muy atacadas, erradicar los focos .","og_url":"https:\/\/elpicudonegro.com\/web\/2016\/05\/07\/control-plaga-picudo-negro\/","og_site_name":"EL PICUDO NEGRO","article_published_time":"2016-05-07T16:03:16+00:00","article_modified_time":"2016-05-07T17:44:27+00:00","og_image":[{"url":"http:\/\/elpicudonegro.com\/web\/wp-content\/uploads\/2016\/05\/folleto-portada-139x300.jpg","type":"","width":"","height":""}],"author":"administrador","twitter_card":"summary_large_image","twitter_misc":{"Escrito por":"administrador","Tiempo de lectura":"1 minuto"},"schema":{"@context":"https:\/\/schema.org","@graph":[{"@type":"Article","@id":"https:\/\/elpicudonegro.com\/web\/2016\/05\/07\/control-plaga-picudo-negro\/#article","isPartOf":{"@id":"https:\/\/elpicudonegro.com\/web\/2016\/05\/07\/control-plaga-picudo-negro\/"},"author":{"name":"administrador","@id":"https:\/\/elpicudonegro.com\/web\/#\/schema\/person\/94d2eca306e3e8bd545803f8d23f19d1"},"headline":"Control sanitario o cultural de la plaga de picudo","datePublished":"2016-05-07T16:03:16+00:00","dateModified":"2016-05-07T17:44:27+00:00","mainEntityOfPage":{"@id":"https:\/\/elpicudonegro.com\/web\/2016\/05\/07\/control-plaga-picudo-negro\/"},"wordCount":191,"commentCount":0,"image":{"@id":"https:\/\/elpicudonegro.com\/web\/2016\/05\/07\/control-plaga-picudo-negro\/#primaryimage"},"thumbnailUrl":"http:\/\/elpicudonegro.com\/web\/wp-content\/uploads\/2016\/05\/folleto-portada-139x300.jpg","keywords":["tratamientos picudo negro"],"articleSection":["TRATAMIENTOS contra el picudo negro"],"inLanguage":"es","potentialAction":[{"@type":"CommentAction","name":"Comment","target":["https:\/\/elpicudonegro.com\/web\/2016\/05\/07\/control-plaga-picudo-negro\/#respond"]}]},{"@type":"WebPage","@id":"https:\/\/elpicudonegro.com\/web\/2016\/05\/07\/control-plaga-picudo-negro\/","url":"https:\/\/elpicudonegro.com\/web\/2016\/05\/07\/control-plaga-picudo-negro\/","name":"Control sanitario o cultural de la plaga de picudo - EL PICUDO NEGRO","isPartOf":{"@id":"https:\/\/elpicudonegro.com\/web\/#website"},"primaryImageOfPage":{"@id":"https:\/\/elpicudonegro.com\/web\/2016\/05\/07\/control-plaga-picudo-negro\/#primaryimage"},"image":{"@id":"https:\/\/elpicudonegro.com\/web\/2016\/05\/07\/control-plaga-picudo-negro\/#primaryimage"},"thumbnailUrl":"http:\/\/elpicudonegro.com\/web\/wp-content\/uploads\/2016\/05\/folleto-portada-139x300.jpg","datePublished":"2016-05-07T16:03:16+00:00","dateModified":"2016-05-07T17:44:27+00:00","author":{"@id":"https:\/\/elpicudonegro.com\/web\/#\/schema\/person\/94d2eca306e3e8bd545803f8d23f19d1"},"description":"La mejor forma de control plaga del picudo negro es mediante medidas sanitarias,como la eliminaci\u00f3n de plantas muy atacadas, erradicar los focos .","breadcrumb":{"@id":"https:\/\/elpicudonegro.com\/web\/2016\/05\/07\/control-plaga-picudo-negro\/#breadcrumb"},"inLanguage":"es","potentialAction":[{"@type":"ReadAction","target":["https:\/\/elpicudonegro.com\/web\/2016\/05\/07\/control-plaga-picudo-negro\/"]}]},{"@type":"ImageObject","inLanguage":"es","@id":"https:\/\/elpicudonegro.com\/web\/2016\/05\/07\/control-plaga-picudo-negro\/#primaryimage","url":"https:\/\/i0.wp.com\/elpicudonegro.com\/web\/wp-content\/uploads\/2016\/05\/folleto-portada.jpg?fit=1130%2C2442&ssl=1","contentUrl":"https:\/\/i0.wp.com\/elpicudonegro.com\/web\/wp-content\/uploads\/2016\/05\/folleto-portada.jpg?fit=1130%2C2442&ssl=1","width":1130,"height":2442,"caption":"Portada folleto informativo picudo del agave"},{"@type":"BreadcrumbList","@id":"https:\/\/elpicudonegro.com\/web\/2016\/05\/07\/control-plaga-picudo-negro\/#breadcrumb","itemListElement":[{"@type":"ListItem","position":1,"name":"Portada","item":"https:\/\/elpicudonegro.com\/web\/"},{"@type":"ListItem","position":2,"name":"Control sanitario o cultural de la plaga de picudo"}]},{"@type":"WebSite","@id":"https:\/\/elpicudonegro.com\/web\/#website","url":"https:\/\/elpicudonegro.com\/web\/","name":"EL PICUDO NEGRO","description":"Control de la plaga de picudo negro en las pitas de Almeria","potentialAction":[{"@type":"SearchAction","target":{"@type":"EntryPoint","urlTemplate":"https:\/\/elpicudonegro.com\/web\/?s={search_term_string}"},"query-input":{"@type":"PropertyValueSpecification","valueRequired":true,"valueName":"search_term_string"}}],"inLanguage":"es"},{"@type":"Person","@id":"https:\/\/elpicudonegro.com\/web\/#\/schema\/person\/94d2eca306e3e8bd545803f8d23f19d1","name":"administrador","image":{"@type":"ImageObject","inLanguage":"es","@id":"https:\/\/secure.gravatar.com\/avatar\/7a8b4df9d6c0d9e6ae7583f139d0d0dfea955d3a05ac5a6a6961b1a34334d20b?s=96&d=mm&r=g","url":"https:\/\/secure.gravatar.com\/avatar\/7a8b4df9d6c0d9e6ae7583f139d0d0dfea955d3a05ac5a6a6961b1a34334d20b?s=96&d=mm&r=g","contentUrl":"https:\/\/secure.gravatar.com\/avatar\/7a8b4df9d6c0d9e6ae7583f139d0d0dfea955d3a05ac5a6a6961b1a34334d20b?s=96&d=mm&r=g","caption":"administrador"},"url":"https:\/\/elpicudonegro.com\/web\/author\/administrador\/"}]}},"jetpack_publicize_connections":[],"jetpack_featured_media_url":"","jetpack_sharing_enabled":true,"jetpack_shortlink":"https:\/\/wp.me\/p7lxPt-b0","jetpack-related-posts":[],"_links":{"self":[{"href":"https:\/\/elpicudonegro.com\/web\/wp-json\/wp\/v2\/posts\/682","targetHints":{"allow":["GET"]}}],"collection":[{"href":"https:\/\/elpicudonegro.com\/web\/wp-json\/wp\/v2\/posts"}],"about":[{"href":"https:\/\/elpicudonegro.com\/web\/wp-json\/wp\/v2\/types\/post"}],"author":[{"embeddable":true,"href":"https:\/\/elpicudonegro.com\/web\/wp-json\/wp\/v2\/users\/1"}],"replies":[{"embeddable":true,"href":"https:\/\/elpicudonegro.com\/web\/wp-json\/wp\/v2\/comments?post=682"}],"version-history":[{"count":5,"href":"https:\/\/elpicudonegro.com\/web\/wp-json\/wp\/v2\/posts\/682\/revisions"}],"predecessor-version":[{"id":688,"href":"https:\/\/elpicudonegro.com\/web\/wp-json\/wp\/v2\/posts\/682\/revisions\/688"}],"wp:attachment":[{"href":"https:\/\/elpicudonegro.com\/web\/wp-json\/wp\/v2\/media?parent=682"}],"wp:term":[{"taxonomy":"category","embeddable":true,"href":"https:\/\/elpicudonegro.com\/web\/wp-json\/wp\/v2\/categories?post=682"},{"taxonomy":"post_tag","embeddable":true,"href":"https:\/\/elpicudonegro.com\/web\/wp-json\/wp\/v2\/tags?post=682"}],"curies":[{"name":"wp","href":"https:\/\/api.w.org\/{rel}","templated":true}]}}