{"id":708,"date":"2016-05-18T17:39:23","date_gmt":"2016-05-18T17:39:23","guid":{"rendered":"http:\/\/elpicudonegro.com\/web\/?p=708"},"modified":"2016-05-22T18:15:15","modified_gmt":"2016-05-22T18:15:15","slug":"colaboracion-contra-picudo-negro","status":"publish","type":"post","link":"https:\/\/elpicudonegro.com\/web\/2016\/05\/18\/colaboracion-contra-picudo-negro\/","title":{"rendered":"La colaboraci\u00f3n de todos es FUNDAMENTAL"},"content":{"rendered":"<p style=\"text-align: justify;\">Hacemos una nueva entrada solicitando\u00a0la colaboraci\u00f3n de toda la ciudadan\u00eda. Las personas interesadas pueden hacer una aportaci\u00f3n tal y como solicitamos en el apartado <a href=\"http:\/\/elpicudonegro.com\/web\/colabora-salvemos-las-pitas-almeria\/\" target=\"_blank\">COLABORA<\/a>\u00a0de esta web.<\/p>\n<p style=\"text-align: justify;\">Llamamos desde aqu\u00ed tambi\u00e9n a <strong>EMPRESAS<\/strong>\u00a0a que se publiciten en este espacio web, colaborando as\u00ed con nuestra causa.<\/p>\n<p style=\"text-align: justify;\">No contamos con recursos y tenemos muchas tareas por delante, algunas cosas que ya estamos haciendo son:<\/p>\n<p style=\"text-align: justify;\"><strong>Trampeo con feromona<\/strong> en diferentes lugares con picudo negro,\u00a0en colaboraci\u00f3n con una empresa especializada.<\/p>\n<figure id=\"attachment_709\" aria-describedby=\"caption-attachment-709\" style=\"width: 350px\" class=\"wp-caption aligncenter\"><img data-recalc-dims=\"1\" loading=\"lazy\" decoding=\"async\" data-attachment-id=\"709\" data-permalink=\"https:\/\/elpicudonegro.com\/web\/2016\/05\/18\/colaboracion-contra-picudo-negro\/revision-trampa-picudo-negro\/\" data-orig-file=\"https:\/\/i0.wp.com\/elpicudonegro.com\/web\/wp-content\/uploads\/2016\/05\/revisi%C3%B3n-trampa-picudo-negro.jpg?fit=1600%2C1200&amp;ssl=1\" data-orig-size=\"1600,1200\" data-comments-opened=\"1\" data-image-meta=\"{&quot;aperture&quot;:&quot;0&quot;,&quot;credit&quot;:&quot;&quot;,&quot;camera&quot;:&quot;&quot;,&quot;caption&quot;:&quot;&quot;,&quot;created_timestamp&quot;:&quot;0&quot;,&quot;copyright&quot;:&quot;&quot;,&quot;focal_length&quot;:&quot;0&quot;,&quot;iso&quot;:&quot;0&quot;,&quot;shutter_speed&quot;:&quot;0&quot;,&quot;title&quot;:&quot;&quot;,&quot;orientation&quot;:&quot;0&quot;}\" data-image-title=\"revisi\u00f3n trampa picudo negro\" data-image-description=\"\" data-image-caption=\"&lt;p&gt;Revisi\u00f3n de trampa cebada con feromona espec\u00edfica para picudo negro&lt;\/p&gt;\n\" data-large-file=\"https:\/\/i0.wp.com\/elpicudonegro.com\/web\/wp-content\/uploads\/2016\/05\/revisi%C3%B3n-trampa-picudo-negro.jpg?fit=474%2C356&amp;ssl=1\" class=\"wp-image-709\" src=\"https:\/\/i0.wp.com\/elpicudonegro.com\/web\/wp-content\/uploads\/2016\/05\/revisi%C3%B3n-trampa-picudo-negro.jpg?resize=350%2C262\" alt=\"Revisi\u00f3n de trampa cebada con feromona espec\u00edfica para picudo negro\" width=\"350\" height=\"262\" srcset=\"https:\/\/i0.wp.com\/elpicudonegro.com\/web\/wp-content\/uploads\/2016\/05\/revisi%C3%B3n-trampa-picudo-negro.jpg?resize=300%2C225&amp;ssl=1 300w, https:\/\/i0.wp.com\/elpicudonegro.com\/web\/wp-content\/uploads\/2016\/05\/revisi%C3%B3n-trampa-picudo-negro.jpg?resize=768%2C576&amp;ssl=1 768w, https:\/\/i0.wp.com\/elpicudonegro.com\/web\/wp-content\/uploads\/2016\/05\/revisi%C3%B3n-trampa-picudo-negro.jpg?resize=1024%2C768&amp;ssl=1 1024w, https:\/\/i0.wp.com\/elpicudonegro.com\/web\/wp-content\/uploads\/2016\/05\/revisi%C3%B3n-trampa-picudo-negro.jpg?w=1600&amp;ssl=1 1600w, https:\/\/i0.wp.com\/elpicudonegro.com\/web\/wp-content\/uploads\/2016\/05\/revisi%C3%B3n-trampa-picudo-negro.jpg?w=948 948w, https:\/\/i0.wp.com\/elpicudonegro.com\/web\/wp-content\/uploads\/2016\/05\/revisi%C3%B3n-trampa-picudo-negro.jpg?w=1422 1422w\" sizes=\"auto, (max-width: 350px) 100vw, 350px\" \/><figcaption id=\"caption-attachment-709\" class=\"wp-caption-text\">Revisi\u00f3n de trampa cebada con feromona espec\u00edfica para picudo negro<\/figcaption><\/figure>\n<p style=\"text-align: justify;\"><strong>Informaci\u00f3n<\/strong> y asesoramiento a particulares.<\/p>\n<p style=\"text-align: justify;\"><strong>Ensayos<\/strong> de trituraci\u00f3n de\u00a0pencas afectados con diversas m\u00e1quinas de empresas forestales, posterior trabajo al arranque de las pitas muertas.<\/p>\n<figure id=\"attachment_714\" aria-describedby=\"caption-attachment-714\" style=\"width: 337px\" class=\"wp-caption aligncenter\"><img data-recalc-dims=\"1\" loading=\"lazy\" decoding=\"async\" data-attachment-id=\"714\" data-permalink=\"https:\/\/elpicudonegro.com\/web\/2016\/05\/18\/colaboracion-contra-picudo-negro\/astilladora-pitas\/\" data-orig-file=\"https:\/\/i0.wp.com\/elpicudonegro.com\/web\/wp-content\/uploads\/2016\/05\/ASTILLADORA-PITAS.jpg?fit=3072%2C1728&amp;ssl=1\" data-orig-size=\"3072,1728\" data-comments-opened=\"1\" data-image-meta=\"{&quot;aperture&quot;:&quot;0&quot;,&quot;credit&quot;:&quot;&quot;,&quot;camera&quot;:&quot;&quot;,&quot;caption&quot;:&quot;&quot;,&quot;created_timestamp&quot;:&quot;0&quot;,&quot;copyright&quot;:&quot;&quot;,&quot;focal_length&quot;:&quot;0&quot;,&quot;iso&quot;:&quot;0&quot;,&quot;shutter_speed&quot;:&quot;0&quot;,&quot;title&quot;:&quot;&quot;,&quot;orientation&quot;:&quot;0&quot;}\" data-image-title=\"ASTILLADORA PITAS\" data-image-description=\"\" data-image-caption=\"&lt;p&gt;Triturando los restos de las pitas afectadas&lt;\/p&gt;\n\" data-large-file=\"https:\/\/i0.wp.com\/elpicudonegro.com\/web\/wp-content\/uploads\/2016\/05\/ASTILLADORA-PITAS.jpg?fit=474%2C267&amp;ssl=1\" class=\" wp-image-714\" src=\"https:\/\/i0.wp.com\/elpicudonegro.com\/web\/wp-content\/uploads\/2016\/05\/ASTILLADORA-PITAS.jpg?resize=337%2C190\" alt=\"Triturando los restos de las pitas afectadas\" width=\"337\" height=\"190\" srcset=\"https:\/\/i0.wp.com\/elpicudonegro.com\/web\/wp-content\/uploads\/2016\/05\/ASTILLADORA-PITAS.jpg?resize=300%2C169&amp;ssl=1 300w, https:\/\/i0.wp.com\/elpicudonegro.com\/web\/wp-content\/uploads\/2016\/05\/ASTILLADORA-PITAS.jpg?resize=768%2C432&amp;ssl=1 768w, https:\/\/i0.wp.com\/elpicudonegro.com\/web\/wp-content\/uploads\/2016\/05\/ASTILLADORA-PITAS.jpg?resize=1024%2C576&amp;ssl=1 1024w, https:\/\/i0.wp.com\/elpicudonegro.com\/web\/wp-content\/uploads\/2016\/05\/ASTILLADORA-PITAS.jpg?w=948 948w, https:\/\/i0.wp.com\/elpicudonegro.com\/web\/wp-content\/uploads\/2016\/05\/ASTILLADORA-PITAS.jpg?w=1422 1422w\" sizes=\"auto, (max-width: 337px) 100vw, 337px\" \/><figcaption id=\"caption-attachment-714\" class=\"wp-caption-text\">Triturando los restos de las pitas afectadas<\/figcaption><\/figure>\n<p style=\"text-align: justify;\"><strong>Participaci\u00f3n<\/strong> en la Feria de las Ideas, organizado por UAL, presentando esta web.<\/p>\n<figure id=\"attachment_710\" aria-describedby=\"caption-attachment-710\" style=\"width: 325px\" class=\"wp-caption aligncenter\"><img data-recalc-dims=\"1\" loading=\"lazy\" decoding=\"async\" data-attachment-id=\"710\" data-permalink=\"https:\/\/elpicudonegro.com\/web\/2016\/05\/18\/colaboracion-contra-picudo-negro\/feria-de-las-ideas\/\" data-orig-file=\"https:\/\/i0.wp.com\/elpicudonegro.com\/web\/wp-content\/uploads\/2016\/05\/feria-de-las-ideas.jpg?fit=3072%2C1728&amp;ssl=1\" data-orig-size=\"3072,1728\" data-comments-opened=\"1\" data-image-meta=\"{&quot;aperture&quot;:&quot;0&quot;,&quot;credit&quot;:&quot;&quot;,&quot;camera&quot;:&quot;&quot;,&quot;caption&quot;:&quot;&quot;,&quot;created_timestamp&quot;:&quot;0&quot;,&quot;copyright&quot;:&quot;&quot;,&quot;focal_length&quot;:&quot;0&quot;,&quot;iso&quot;:&quot;0&quot;,&quot;shutter_speed&quot;:&quot;0&quot;,&quot;title&quot;:&quot;&quot;,&quot;orientation&quot;:&quot;0&quot;}\" data-image-title=\"feria de las ideas\" data-image-description=\"\" data-image-caption=\"&lt;p&gt;Stand elpicudonegro.com en la Feria de las Ideas UAL&lt;\/p&gt;\n\" data-large-file=\"https:\/\/i0.wp.com\/elpicudonegro.com\/web\/wp-content\/uploads\/2016\/05\/feria-de-las-ideas.jpg?fit=474%2C267&amp;ssl=1\" class=\" wp-image-710\" src=\"https:\/\/i0.wp.com\/elpicudonegro.com\/web\/wp-content\/uploads\/2016\/05\/feria-de-las-ideas.jpg?resize=325%2C183\" alt=\"Stand elpicudonegro.com en la Feria de las Ideas UAL\" width=\"325\" height=\"183\" srcset=\"https:\/\/i0.wp.com\/elpicudonegro.com\/web\/wp-content\/uploads\/2016\/05\/feria-de-las-ideas.jpg?resize=300%2C169&amp;ssl=1 300w, https:\/\/i0.wp.com\/elpicudonegro.com\/web\/wp-content\/uploads\/2016\/05\/feria-de-las-ideas.jpg?resize=768%2C432&amp;ssl=1 768w, https:\/\/i0.wp.com\/elpicudonegro.com\/web\/wp-content\/uploads\/2016\/05\/feria-de-las-ideas.jpg?resize=1024%2C576&amp;ssl=1 1024w, https:\/\/i0.wp.com\/elpicudonegro.com\/web\/wp-content\/uploads\/2016\/05\/feria-de-las-ideas.jpg?w=948 948w, https:\/\/i0.wp.com\/elpicudonegro.com\/web\/wp-content\/uploads\/2016\/05\/feria-de-las-ideas.jpg?w=1422 1422w\" sizes=\"auto, (max-width: 325px) 100vw, 325px\" \/><figcaption id=\"caption-attachment-710\" class=\"wp-caption-text\">Stand elpicudonegro.com en la Feria de las Ideas UAL<\/figcaption><\/figure>\n<p style=\"text-align: justify;\"><strong>Revisi\u00f3n<\/strong> de posibles afecciones, recorriendo con detenimiento ramblas y caminos con pitas, posterior enlace al <a href=\"http:\/\/elpicudonegro.com\/web\/mapa-plaga-almeria\/\" target=\"_blank\">MAPA DE DISTRIBUCI\u00d3N<\/a>\u00a0en caso de aparecer este gorgojo del agave.<\/p>\n<p style=\"text-align: justify;\">SEGUIMOS NUESTRO TRABAJO, ESPERANDO TAMBIEN LA COLABORACI\u00d3N DE LAS ADMINISTRACIONES P\u00daBLICAS.<\/p>\n<p style=\"text-align: justify;\">GRACIAS<\/p>\n","protected":false},"excerpt":{"rendered":"<p>Hacemos una nueva entrada solicitando\u00a0la colaboraci\u00f3n de toda la ciudadan\u00eda. Las personas interesadas pueden hacer una aportaci\u00f3n tal y como solicitamos en el apartado COLABORA\u00a0de esta web. Llamamos desde aqu\u00ed tambi\u00e9n a EMPRESAS\u00a0a que se publiciten en este espacio web, colaborando as\u00ed con nuestra causa. No contamos con recursos y tenemos muchas tareas por delante, &hellip; <a href=\"https:\/\/elpicudonegro.com\/web\/2016\/05\/18\/colaboracion-contra-picudo-negro\/\" class=\"more-link\">Seguir leyendo <span class=\"screen-reader-text\">La colaboraci\u00f3n de todos es FUNDAMENTAL<\/span> <span class=\"meta-nav\">&rarr;<\/span><\/a><\/p>\n","protected":false},"author":1,"featured_media":0,"comment_status":"open","ping_status":"open","sticky":false,"template":"","format":"standard","meta":{"jetpack_post_was_ever_published":false,"_jetpack_newsletter_access":"","_jetpack_dont_email_post_to_subs":false,"_jetpack_newsletter_tier_id":0,"_jetpack_memberships_contains_paywalled_content":false,"_jetpack_memberships_contains_paid_content":false,"footnotes":"","jetpack_publicize_message":"","jetpack_publicize_feature_enabled":true,"jetpack_social_post_already_shared":true,"jetpack_social_options":{"image_generator_settings":{"template":"highway","default_image_id":0,"font":"","enabled":false},"version":2}},"categories":[2],"tags":[6],"class_list":["post-708","post","type-post","status-publish","format-standard","hentry","category-vigilar-el-desarrollo-de-la-plaga-de-picudo-negro-almeria","tag-distribucion-picudo-negro"],"yoast_head":"<!-- This site is optimized with the Yoast SEO plugin v27.4 - https:\/\/yoast.com\/product\/yoast-seo-wordpress\/ -->\n<title>La colaboraci\u00f3n de todos es FUNDAMENTAL - EL PICUDO NEGRO<\/title>\n<meta name=\"description\" content=\"Solicitamos la colaboraci\u00f3n de todos en la lucha contra el picudo negro. Animamos a las empresas a publicitarse en esta web para ayudarnos\" \/>\n<meta name=\"robots\" content=\"index, follow, max-snippet:-1, max-image-preview:large, max-video-preview:-1\" \/>\n<link rel=\"canonical\" href=\"https:\/\/elpicudonegro.com\/web\/2016\/05\/18\/colaboracion-contra-picudo-negro\/\" \/>\n<meta property=\"og:locale\" content=\"es_ES\" \/>\n<meta property=\"og:type\" content=\"article\" \/>\n<meta property=\"og:title\" content=\"La colaboraci\u00f3n de todos es FUNDAMENTAL - EL PICUDO NEGRO\" \/>\n<meta property=\"og:description\" content=\"Solicitamos la colaboraci\u00f3n de todos en la lucha contra el picudo negro. Animamos a las empresas a publicitarse en esta web para ayudarnos\" \/>\n<meta property=\"og:url\" content=\"https:\/\/elpicudonegro.com\/web\/2016\/05\/18\/colaboracion-contra-picudo-negro\/\" \/>\n<meta property=\"og:site_name\" content=\"EL PICUDO NEGRO\" \/>\n<meta property=\"article:published_time\" content=\"2016-05-18T17:39:23+00:00\" \/>\n<meta property=\"article:modified_time\" content=\"2016-05-22T18:15:15+00:00\" \/>\n<meta property=\"og:image\" content=\"http:\/\/elpicudonegro.com\/web\/wp-content\/uploads\/2016\/05\/ASTILLADORA-PITAS-300x169.jpg\" \/>\n<meta name=\"author\" content=\"administrador\" \/>\n<meta name=\"twitter:card\" content=\"summary_large_image\" \/>\n<meta name=\"twitter:label1\" content=\"Escrito por\" \/>\n\t<meta name=\"twitter:data1\" content=\"administrador\" \/>\n\t<meta name=\"twitter:label2\" content=\"Tiempo de lectura\" \/>\n\t<meta name=\"twitter:data2\" content=\"1 minuto\" \/>\n<script type=\"application\/ld+json\" class=\"yoast-schema-graph\">{\"@context\":\"https:\\\/\\\/schema.org\",\"@graph\":[{\"@type\":\"Article\",\"@id\":\"https:\\\/\\\/elpicudonegro.com\\\/web\\\/2016\\\/05\\\/18\\\/colaboracion-contra-picudo-negro\\\/#article\",\"isPartOf\":{\"@id\":\"https:\\\/\\\/elpicudonegro.com\\\/web\\\/2016\\\/05\\\/18\\\/colaboracion-contra-picudo-negro\\\/\"},\"author\":{\"name\":\"administrador\",\"@id\":\"https:\\\/\\\/elpicudonegro.com\\\/web\\\/#\\\/schema\\\/person\\\/94d2eca306e3e8bd545803f8d23f19d1\"},\"headline\":\"La colaboraci\u00f3n de todos es FUNDAMENTAL\",\"datePublished\":\"2016-05-18T17:39:23+00:00\",\"dateModified\":\"2016-05-22T18:15:15+00:00\",\"mainEntityOfPage\":{\"@id\":\"https:\\\/\\\/elpicudonegro.com\\\/web\\\/2016\\\/05\\\/18\\\/colaboracion-contra-picudo-negro\\\/\"},\"wordCount\":226,\"commentCount\":0,\"image\":{\"@id\":\"https:\\\/\\\/elpicudonegro.com\\\/web\\\/2016\\\/05\\\/18\\\/colaboracion-contra-picudo-negro\\\/#primaryimage\"},\"thumbnailUrl\":\"http:\\\/\\\/elpicudonegro.com\\\/web\\\/wp-content\\\/uploads\\\/2016\\\/05\\\/ASTILLADORA-PITAS-300x169.jpg\",\"keywords\":[\"distribucion picudo negro\"],\"articleSection\":[\"Avisos de su DISTRIBUCI\u00d3N en Almer\u00eda\"],\"inLanguage\":\"es\",\"potentialAction\":[{\"@type\":\"CommentAction\",\"name\":\"Comment\",\"target\":[\"https:\\\/\\\/elpicudonegro.com\\\/web\\\/2016\\\/05\\\/18\\\/colaboracion-contra-picudo-negro\\\/#respond\"]}]},{\"@type\":\"WebPage\",\"@id\":\"https:\\\/\\\/elpicudonegro.com\\\/web\\\/2016\\\/05\\\/18\\\/colaboracion-contra-picudo-negro\\\/\",\"url\":\"https:\\\/\\\/elpicudonegro.com\\\/web\\\/2016\\\/05\\\/18\\\/colaboracion-contra-picudo-negro\\\/\",\"name\":\"La colaboraci\u00f3n de todos es FUNDAMENTAL - EL PICUDO NEGRO\",\"isPartOf\":{\"@id\":\"https:\\\/\\\/elpicudonegro.com\\\/web\\\/#website\"},\"primaryImageOfPage\":{\"@id\":\"https:\\\/\\\/elpicudonegro.com\\\/web\\\/2016\\\/05\\\/18\\\/colaboracion-contra-picudo-negro\\\/#primaryimage\"},\"image\":{\"@id\":\"https:\\\/\\\/elpicudonegro.com\\\/web\\\/2016\\\/05\\\/18\\\/colaboracion-contra-picudo-negro\\\/#primaryimage\"},\"thumbnailUrl\":\"http:\\\/\\\/elpicudonegro.com\\\/web\\\/wp-content\\\/uploads\\\/2016\\\/05\\\/ASTILLADORA-PITAS-300x169.jpg\",\"datePublished\":\"2016-05-18T17:39:23+00:00\",\"dateModified\":\"2016-05-22T18:15:15+00:00\",\"author\":{\"@id\":\"https:\\\/\\\/elpicudonegro.com\\\/web\\\/#\\\/schema\\\/person\\\/94d2eca306e3e8bd545803f8d23f19d1\"},\"description\":\"Solicitamos la colaboraci\u00f3n de todos en la lucha contra el picudo negro. Animamos a las empresas a publicitarse en esta web para ayudarnos\",\"breadcrumb\":{\"@id\":\"https:\\\/\\\/elpicudonegro.com\\\/web\\\/2016\\\/05\\\/18\\\/colaboracion-contra-picudo-negro\\\/#breadcrumb\"},\"inLanguage\":\"es\",\"potentialAction\":[{\"@type\":\"ReadAction\",\"target\":[\"https:\\\/\\\/elpicudonegro.com\\\/web\\\/2016\\\/05\\\/18\\\/colaboracion-contra-picudo-negro\\\/\"]}]},{\"@type\":\"ImageObject\",\"inLanguage\":\"es\",\"@id\":\"https:\\\/\\\/elpicudonegro.com\\\/web\\\/2016\\\/05\\\/18\\\/colaboracion-contra-picudo-negro\\\/#primaryimage\",\"url\":\"https:\\\/\\\/i0.wp.com\\\/elpicudonegro.com\\\/web\\\/wp-content\\\/uploads\\\/2016\\\/05\\\/ASTILLADORA-PITAS.jpg?fit=3072%2C1728&ssl=1\",\"contentUrl\":\"https:\\\/\\\/i0.wp.com\\\/elpicudonegro.com\\\/web\\\/wp-content\\\/uploads\\\/2016\\\/05\\\/ASTILLADORA-PITAS.jpg?fit=3072%2C1728&ssl=1\",\"width\":3072,\"height\":1728,\"caption\":\"Triturando los restos de las pitas afectadas\"},{\"@type\":\"BreadcrumbList\",\"@id\":\"https:\\\/\\\/elpicudonegro.com\\\/web\\\/2016\\\/05\\\/18\\\/colaboracion-contra-picudo-negro\\\/#breadcrumb\",\"itemListElement\":[{\"@type\":\"ListItem\",\"position\":1,\"name\":\"Portada\",\"item\":\"https:\\\/\\\/elpicudonegro.com\\\/web\\\/\"},{\"@type\":\"ListItem\",\"position\":2,\"name\":\"La colaboraci\u00f3n de todos es FUNDAMENTAL\"}]},{\"@type\":\"WebSite\",\"@id\":\"https:\\\/\\\/elpicudonegro.com\\\/web\\\/#website\",\"url\":\"https:\\\/\\\/elpicudonegro.com\\\/web\\\/\",\"name\":\"EL PICUDO NEGRO\",\"description\":\"Control de la plaga de picudo negro en las pitas de Almeria\",\"potentialAction\":[{\"@type\":\"SearchAction\",\"target\":{\"@type\":\"EntryPoint\",\"urlTemplate\":\"https:\\\/\\\/elpicudonegro.com\\\/web\\\/?s={search_term_string}\"},\"query-input\":{\"@type\":\"PropertyValueSpecification\",\"valueRequired\":true,\"valueName\":\"search_term_string\"}}],\"inLanguage\":\"es\"},{\"@type\":\"Person\",\"@id\":\"https:\\\/\\\/elpicudonegro.com\\\/web\\\/#\\\/schema\\\/person\\\/94d2eca306e3e8bd545803f8d23f19d1\",\"name\":\"administrador\",\"image\":{\"@type\":\"ImageObject\",\"inLanguage\":\"es\",\"@id\":\"https:\\\/\\\/secure.gravatar.com\\\/avatar\\\/7a8b4df9d6c0d9e6ae7583f139d0d0dfea955d3a05ac5a6a6961b1a34334d20b?s=96&d=mm&r=g\",\"url\":\"https:\\\/\\\/secure.gravatar.com\\\/avatar\\\/7a8b4df9d6c0d9e6ae7583f139d0d0dfea955d3a05ac5a6a6961b1a34334d20b?s=96&d=mm&r=g\",\"contentUrl\":\"https:\\\/\\\/secure.gravatar.com\\\/avatar\\\/7a8b4df9d6c0d9e6ae7583f139d0d0dfea955d3a05ac5a6a6961b1a34334d20b?s=96&d=mm&r=g\",\"caption\":\"administrador\"},\"url\":\"https:\\\/\\\/elpicudonegro.com\\\/web\\\/author\\\/administrador\\\/\"}]}<\/script>\n<!-- \/ Yoast SEO plugin. -->","yoast_head_json":{"title":"La colaboraci\u00f3n de todos es FUNDAMENTAL - EL PICUDO NEGRO","description":"Solicitamos la colaboraci\u00f3n de todos en la lucha contra el picudo negro. Animamos a las empresas a publicitarse en esta web para ayudarnos","robots":{"index":"index","follow":"follow","max-snippet":"max-snippet:-1","max-image-preview":"max-image-preview:large","max-video-preview":"max-video-preview:-1"},"canonical":"https:\/\/elpicudonegro.com\/web\/2016\/05\/18\/colaboracion-contra-picudo-negro\/","og_locale":"es_ES","og_type":"article","og_title":"La colaboraci\u00f3n de todos es FUNDAMENTAL - EL PICUDO NEGRO","og_description":"Solicitamos la colaboraci\u00f3n de todos en la lucha contra el picudo negro. Animamos a las empresas a publicitarse en esta web para ayudarnos","og_url":"https:\/\/elpicudonegro.com\/web\/2016\/05\/18\/colaboracion-contra-picudo-negro\/","og_site_name":"EL PICUDO NEGRO","article_published_time":"2016-05-18T17:39:23+00:00","article_modified_time":"2016-05-22T18:15:15+00:00","og_image":[{"url":"http:\/\/elpicudonegro.com\/web\/wp-content\/uploads\/2016\/05\/ASTILLADORA-PITAS-300x169.jpg","type":"","width":"","height":""}],"author":"administrador","twitter_card":"summary_large_image","twitter_misc":{"Escrito por":"administrador","Tiempo de lectura":"1 minuto"},"schema":{"@context":"https:\/\/schema.org","@graph":[{"@type":"Article","@id":"https:\/\/elpicudonegro.com\/web\/2016\/05\/18\/colaboracion-contra-picudo-negro\/#article","isPartOf":{"@id":"https:\/\/elpicudonegro.com\/web\/2016\/05\/18\/colaboracion-contra-picudo-negro\/"},"author":{"name":"administrador","@id":"https:\/\/elpicudonegro.com\/web\/#\/schema\/person\/94d2eca306e3e8bd545803f8d23f19d1"},"headline":"La colaboraci\u00f3n de todos es FUNDAMENTAL","datePublished":"2016-05-18T17:39:23+00:00","dateModified":"2016-05-22T18:15:15+00:00","mainEntityOfPage":{"@id":"https:\/\/elpicudonegro.com\/web\/2016\/05\/18\/colaboracion-contra-picudo-negro\/"},"wordCount":226,"commentCount":0,"image":{"@id":"https:\/\/elpicudonegro.com\/web\/2016\/05\/18\/colaboracion-contra-picudo-negro\/#primaryimage"},"thumbnailUrl":"http:\/\/elpicudonegro.com\/web\/wp-content\/uploads\/2016\/05\/ASTILLADORA-PITAS-300x169.jpg","keywords":["distribucion picudo negro"],"articleSection":["Avisos de su DISTRIBUCI\u00d3N en Almer\u00eda"],"inLanguage":"es","potentialAction":[{"@type":"CommentAction","name":"Comment","target":["https:\/\/elpicudonegro.com\/web\/2016\/05\/18\/colaboracion-contra-picudo-negro\/#respond"]}]},{"@type":"WebPage","@id":"https:\/\/elpicudonegro.com\/web\/2016\/05\/18\/colaboracion-contra-picudo-negro\/","url":"https:\/\/elpicudonegro.com\/web\/2016\/05\/18\/colaboracion-contra-picudo-negro\/","name":"La colaboraci\u00f3n de todos es FUNDAMENTAL - EL PICUDO NEGRO","isPartOf":{"@id":"https:\/\/elpicudonegro.com\/web\/#website"},"primaryImageOfPage":{"@id":"https:\/\/elpicudonegro.com\/web\/2016\/05\/18\/colaboracion-contra-picudo-negro\/#primaryimage"},"image":{"@id":"https:\/\/elpicudonegro.com\/web\/2016\/05\/18\/colaboracion-contra-picudo-negro\/#primaryimage"},"thumbnailUrl":"http:\/\/elpicudonegro.com\/web\/wp-content\/uploads\/2016\/05\/ASTILLADORA-PITAS-300x169.jpg","datePublished":"2016-05-18T17:39:23+00:00","dateModified":"2016-05-22T18:15:15+00:00","author":{"@id":"https:\/\/elpicudonegro.com\/web\/#\/schema\/person\/94d2eca306e3e8bd545803f8d23f19d1"},"description":"Solicitamos la colaboraci\u00f3n de todos en la lucha contra el picudo negro. Animamos a las empresas a publicitarse en esta web para ayudarnos","breadcrumb":{"@id":"https:\/\/elpicudonegro.com\/web\/2016\/05\/18\/colaboracion-contra-picudo-negro\/#breadcrumb"},"inLanguage":"es","potentialAction":[{"@type":"ReadAction","target":["https:\/\/elpicudonegro.com\/web\/2016\/05\/18\/colaboracion-contra-picudo-negro\/"]}]},{"@type":"ImageObject","inLanguage":"es","@id":"https:\/\/elpicudonegro.com\/web\/2016\/05\/18\/colaboracion-contra-picudo-negro\/#primaryimage","url":"https:\/\/i0.wp.com\/elpicudonegro.com\/web\/wp-content\/uploads\/2016\/05\/ASTILLADORA-PITAS.jpg?fit=3072%2C1728&ssl=1","contentUrl":"https:\/\/i0.wp.com\/elpicudonegro.com\/web\/wp-content\/uploads\/2016\/05\/ASTILLADORA-PITAS.jpg?fit=3072%2C1728&ssl=1","width":3072,"height":1728,"caption":"Triturando los restos de las pitas afectadas"},{"@type":"BreadcrumbList","@id":"https:\/\/elpicudonegro.com\/web\/2016\/05\/18\/colaboracion-contra-picudo-negro\/#breadcrumb","itemListElement":[{"@type":"ListItem","position":1,"name":"Portada","item":"https:\/\/elpicudonegro.com\/web\/"},{"@type":"ListItem","position":2,"name":"La colaboraci\u00f3n de todos es FUNDAMENTAL"}]},{"@type":"WebSite","@id":"https:\/\/elpicudonegro.com\/web\/#website","url":"https:\/\/elpicudonegro.com\/web\/","name":"EL PICUDO NEGRO","description":"Control de la plaga de picudo negro en las pitas de Almeria","potentialAction":[{"@type":"SearchAction","target":{"@type":"EntryPoint","urlTemplate":"https:\/\/elpicudonegro.com\/web\/?s={search_term_string}"},"query-input":{"@type":"PropertyValueSpecification","valueRequired":true,"valueName":"search_term_string"}}],"inLanguage":"es"},{"@type":"Person","@id":"https:\/\/elpicudonegro.com\/web\/#\/schema\/person\/94d2eca306e3e8bd545803f8d23f19d1","name":"administrador","image":{"@type":"ImageObject","inLanguage":"es","@id":"https:\/\/secure.gravatar.com\/avatar\/7a8b4df9d6c0d9e6ae7583f139d0d0dfea955d3a05ac5a6a6961b1a34334d20b?s=96&d=mm&r=g","url":"https:\/\/secure.gravatar.com\/avatar\/7a8b4df9d6c0d9e6ae7583f139d0d0dfea955d3a05ac5a6a6961b1a34334d20b?s=96&d=mm&r=g","contentUrl":"https:\/\/secure.gravatar.com\/avatar\/7a8b4df9d6c0d9e6ae7583f139d0d0dfea955d3a05ac5a6a6961b1a34334d20b?s=96&d=mm&r=g","caption":"administrador"},"url":"https:\/\/elpicudonegro.com\/web\/author\/administrador\/"}]}},"jetpack_publicize_connections":[],"jetpack_featured_media_url":"","jetpack_sharing_enabled":true,"jetpack_shortlink":"https:\/\/wp.me\/p7lxPt-bq","jetpack-related-posts":[],"_links":{"self":[{"href":"https:\/\/elpicudonegro.com\/web\/wp-json\/wp\/v2\/posts\/708","targetHints":{"allow":["GET"]}}],"collection":[{"href":"https:\/\/elpicudonegro.com\/web\/wp-json\/wp\/v2\/posts"}],"about":[{"href":"https:\/\/elpicudonegro.com\/web\/wp-json\/wp\/v2\/types\/post"}],"author":[{"embeddable":true,"href":"https:\/\/elpicudonegro.com\/web\/wp-json\/wp\/v2\/users\/1"}],"replies":[{"embeddable":true,"href":"https:\/\/elpicudonegro.com\/web\/wp-json\/wp\/v2\/comments?post=708"}],"version-history":[{"count":4,"href":"https:\/\/elpicudonegro.com\/web\/wp-json\/wp\/v2\/posts\/708\/revisions"}],"predecessor-version":[{"id":715,"href":"https:\/\/elpicudonegro.com\/web\/wp-json\/wp\/v2\/posts\/708\/revisions\/715"}],"wp:attachment":[{"href":"https:\/\/elpicudonegro.com\/web\/wp-json\/wp\/v2\/media?parent=708"}],"wp:term":[{"taxonomy":"category","embeddable":true,"href":"https:\/\/elpicudonegro.com\/web\/wp-json\/wp\/v2\/categories?post=708"},{"taxonomy":"post_tag","embeddable":true,"href":"https:\/\/elpicudonegro.com\/web\/wp-json\/wp\/v2\/tags?post=708"}],"curies":[{"name":"wp","href":"https:\/\/api.w.org\/{rel}","templated":true}]}}