{"id":736,"date":"2016-06-05T18:00:00","date_gmt":"2016-06-05T18:00:00","guid":{"rendered":"http:\/\/elpicudonegro.com\/web\/?p=736"},"modified":"2017-01-11T19:38:01","modified_gmt":"2017-01-11T19:38:01","slug":"dia-mundial-del-medio-ambiente","status":"publish","type":"post","link":"https:\/\/elpicudonegro.com\/web\/2016\/06\/05\/dia-mundial-del-medio-ambiente\/","title":{"rendered":"D\u00eda Mundial del Medio Ambiente"},"content":{"rendered":"<p style=\"text-align: justify;\">Hoy 5 de junio se celebra el\u00a0D\u00eda Mundial del Medio Ambiente, hemos querido hacer un evento divulgativo para participar en esta celebraci\u00f3n.<\/p>\n<p style=\"text-align: justify;\">Se trata de una mesa informativa en uno de los parajes del interior del P.N. de Cabo de Gata-N\u00edjar, en la plaza de Fern\u00e1n P\u00e9rez bastante afectado por el gorgojo del agave.<\/p>\n<figure id=\"attachment_737\" aria-describedby=\"caption-attachment-737\" style=\"width: 400px\" class=\"wp-caption aligncenter\"><img data-recalc-dims=\"1\" loading=\"lazy\" decoding=\"async\" data-attachment-id=\"737\" data-permalink=\"https:\/\/elpicudonegro.com\/web\/2016\/06\/05\/dia-mundial-del-medio-ambiente\/mesa-informativa\/\" data-orig-file=\"https:\/\/i0.wp.com\/elpicudonegro.com\/web\/wp-content\/uploads\/2016\/06\/MESA-INFORMATIVA.jpg?fit=3072%2C1728&amp;ssl=1\" data-orig-size=\"3072,1728\" data-comments-opened=\"1\" data-image-meta=\"{&quot;aperture&quot;:&quot;0&quot;,&quot;credit&quot;:&quot;&quot;,&quot;camera&quot;:&quot;&quot;,&quot;caption&quot;:&quot;&quot;,&quot;created_timestamp&quot;:&quot;0&quot;,&quot;copyright&quot;:&quot;&quot;,&quot;focal_length&quot;:&quot;0&quot;,&quot;iso&quot;:&quot;0&quot;,&quot;shutter_speed&quot;:&quot;0&quot;,&quot;title&quot;:&quot;&quot;,&quot;orientation&quot;:&quot;0&quot;}\" data-image-title=\"MESA INFORMATIVA\" data-image-description=\"\" data-image-caption=\"&lt;p&gt;MESA INFORMATIVA elpicudonegro.com&lt;\/p&gt;\n\" data-large-file=\"https:\/\/i0.wp.com\/elpicudonegro.com\/web\/wp-content\/uploads\/2016\/06\/MESA-INFORMATIVA.jpg?fit=474%2C267&amp;ssl=1\" class=\" wp-image-737\" src=\"https:\/\/i0.wp.com\/elpicudonegro.com\/web\/wp-content\/uploads\/2016\/06\/MESA-INFORMATIVA.jpg?resize=400%2C225\" alt=\"MESA INFORMATIVA elpicudonegro.com\" width=\"400\" height=\"225\" srcset=\"https:\/\/i0.wp.com\/elpicudonegro.com\/web\/wp-content\/uploads\/2016\/06\/MESA-INFORMATIVA.jpg?resize=300%2C169&amp;ssl=1 300w, https:\/\/i0.wp.com\/elpicudonegro.com\/web\/wp-content\/uploads\/2016\/06\/MESA-INFORMATIVA.jpg?resize=768%2C432&amp;ssl=1 768w, https:\/\/i0.wp.com\/elpicudonegro.com\/web\/wp-content\/uploads\/2016\/06\/MESA-INFORMATIVA.jpg?resize=1024%2C576&amp;ssl=1 1024w, https:\/\/i0.wp.com\/elpicudonegro.com\/web\/wp-content\/uploads\/2016\/06\/MESA-INFORMATIVA.jpg?w=948 948w, https:\/\/i0.wp.com\/elpicudonegro.com\/web\/wp-content\/uploads\/2016\/06\/MESA-INFORMATIVA.jpg?w=1422 1422w\" sizes=\"auto, (max-width: 400px) 100vw, 400px\" \/><figcaption id=\"caption-attachment-737\" class=\"wp-caption-text\">MESA INFORMATIVA elpicudonegro.com<\/figcaption><\/figure>\n<p style=\"text-align: justify;\">El objetivo de la jornada\u00a0se ha conseguido ya que el af\u00e1n divulgativo ha tenido calurosa respuesta entre el p\u00fablico que llegaba por la plaza. Tal es as\u00ed que durante la ma\u00f1ana se han preparado dos pr\u00f3ximas charlas en lugares muy conocidos de Las Negras y Fern\u00e1n P\u00e9rez. Se anunciar\u00e1n pr\u00f3ximamente en redes sociales y esta web. Suscr\u00edbete\u00a0si deseas informaci\u00f3n.<\/p>\n<p style=\"text-align: justify;\">Mucha gente interesada, algunos no conoc\u00edan la problem\u00e1tica, otros si, en todos los casos preocupaci\u00f3n general.<\/p>\n<figure id=\"attachment_738\" aria-describedby=\"caption-attachment-738\" style=\"width: 399px\" class=\"wp-caption aligncenter\"><img data-recalc-dims=\"1\" loading=\"lazy\" decoding=\"async\" data-attachment-id=\"738\" data-permalink=\"https:\/\/elpicudonegro.com\/web\/2016\/06\/05\/dia-mundial-del-medio-ambiente\/mesa-informativa-2\/\" data-orig-file=\"https:\/\/i0.wp.com\/elpicudonegro.com\/web\/wp-content\/uploads\/2016\/06\/MESA-INFORMATIVA-2.jpg?fit=3072%2C1728&amp;ssl=1\" data-orig-size=\"3072,1728\" data-comments-opened=\"1\" data-image-meta=\"{&quot;aperture&quot;:&quot;0&quot;,&quot;credit&quot;:&quot;&quot;,&quot;camera&quot;:&quot;&quot;,&quot;caption&quot;:&quot;&quot;,&quot;created_timestamp&quot;:&quot;0&quot;,&quot;copyright&quot;:&quot;&quot;,&quot;focal_length&quot;:&quot;0&quot;,&quot;iso&quot;:&quot;0&quot;,&quot;shutter_speed&quot;:&quot;0&quot;,&quot;title&quot;:&quot;&quot;,&quot;orientation&quot;:&quot;0&quot;}\" data-image-title=\"MESA INFORMATIVA 2\" data-image-description=\"\" data-image-caption=\"&lt;p&gt;MESA CON DOCUMENTACI\u00d3N VARIOS TIPOS DE TRAMPAS ETC&lt;\/p&gt;\n\" data-large-file=\"https:\/\/i0.wp.com\/elpicudonegro.com\/web\/wp-content\/uploads\/2016\/06\/MESA-INFORMATIVA-2.jpg?fit=474%2C267&amp;ssl=1\" class=\" wp-image-738\" src=\"https:\/\/i0.wp.com\/elpicudonegro.com\/web\/wp-content\/uploads\/2016\/06\/MESA-INFORMATIVA-2.jpg?resize=399%2C225\" alt=\"MESA CON DOCUMENTACI\u00d3N VARIOS TIPOS DE TRAMPAS ETC\" width=\"399\" height=\"225\" srcset=\"https:\/\/i0.wp.com\/elpicudonegro.com\/web\/wp-content\/uploads\/2016\/06\/MESA-INFORMATIVA-2.jpg?resize=300%2C169&amp;ssl=1 300w, https:\/\/i0.wp.com\/elpicudonegro.com\/web\/wp-content\/uploads\/2016\/06\/MESA-INFORMATIVA-2.jpg?resize=768%2C432&amp;ssl=1 768w, https:\/\/i0.wp.com\/elpicudonegro.com\/web\/wp-content\/uploads\/2016\/06\/MESA-INFORMATIVA-2.jpg?resize=1024%2C576&amp;ssl=1 1024w, https:\/\/i0.wp.com\/elpicudonegro.com\/web\/wp-content\/uploads\/2016\/06\/MESA-INFORMATIVA-2.jpg?w=948 948w, https:\/\/i0.wp.com\/elpicudonegro.com\/web\/wp-content\/uploads\/2016\/06\/MESA-INFORMATIVA-2.jpg?w=1422 1422w\" sizes=\"auto, (max-width: 399px) 100vw, 399px\" \/><figcaption id=\"caption-attachment-738\" class=\"wp-caption-text\">MESA CON DOCUMENTACI\u00d3N, VARIOS TIPOS DE TRAMPAS ETC.<\/figcaption><\/figure>\n<p>Y como\u00a0siempre decimos<\/p>\n<p><strong>LA DIVULGACI\u00d3N ES NUESTRO MEJOR ALIADO<\/strong>.<\/p>\n<p>COMPARTE, GRACIAS<\/p>\n<p>&nbsp;<\/p>\n<p>&nbsp;<\/p>\n","protected":false},"excerpt":{"rendered":"<p>Hoy 5 de junio se celebra el\u00a0D\u00eda Mundial del Medio Ambiente, hemos querido hacer un evento divulgativo para participar en esta celebraci\u00f3n. Se trata de una mesa informativa en uno de los parajes del interior del P.N. de Cabo de Gata-N\u00edjar, en la plaza de Fern\u00e1n P\u00e9rez bastante afectado por el gorgojo del agave. El &hellip; <a href=\"https:\/\/elpicudonegro.com\/web\/2016\/06\/05\/dia-mundial-del-medio-ambiente\/\" class=\"more-link\">Seguir leyendo <span class=\"screen-reader-text\">D\u00eda Mundial del Medio Ambiente<\/span> <span class=\"meta-nav\">&rarr;<\/span><\/a><\/p>\n","protected":false},"author":1,"featured_media":0,"comment_status":"open","ping_status":"open","sticky":false,"template":"","format":"standard","meta":{"jetpack_post_was_ever_published":false,"_jetpack_newsletter_access":"","_jetpack_dont_email_post_to_subs":true,"_jetpack_newsletter_tier_id":0,"_jetpack_memberships_contains_paywalled_content":false,"_jetpack_memberships_contains_paid_content":false,"footnotes":"","jetpack_publicize_message":"","jetpack_publicize_feature_enabled":true,"jetpack_social_post_already_shared":true,"jetpack_social_options":{"image_generator_settings":{"template":"highway","default_image_id":0,"font":"","enabled":false},"version":2}},"categories":[17],"tags":[6],"class_list":["post-736","post","type-post","status-publish","format-standard","hentry","category-otras-noticias-picudo-negro","tag-distribucion-picudo-negro"],"yoast_head":"<!-- This site is optimized with the Yoast SEO plugin v27.5 - https:\/\/yoast.com\/product\/yoast-seo-wordpress\/ -->\n<title>D\u00eda Mundial del Medio Ambiente - EL PICUDO NEGRO<\/title>\n<meta name=\"description\" content=\"Hoy 5 de junio se celebra el D\u00eda Mundial del Medio Ambiente, hemos querido hacer un evento divulgativo SOBRE PICUDO NEGRO Y participar en esta celebraci\u00f3n.\" \/>\n<meta name=\"robots\" content=\"index, follow, max-snippet:-1, max-image-preview:large, max-video-preview:-1\" \/>\n<link rel=\"canonical\" href=\"https:\/\/elpicudonegro.com\/web\/2016\/06\/05\/dia-mundial-del-medio-ambiente\/\" \/>\n<meta property=\"og:locale\" content=\"es_ES\" \/>\n<meta property=\"og:type\" content=\"article\" \/>\n<meta property=\"og:title\" content=\"D\u00eda Mundial del Medio Ambiente - EL PICUDO NEGRO\" \/>\n<meta property=\"og:description\" content=\"Hoy 5 de junio se celebra el D\u00eda Mundial del Medio Ambiente, hemos querido hacer un evento divulgativo SOBRE PICUDO NEGRO Y participar en esta celebraci\u00f3n.\" \/>\n<meta property=\"og:url\" content=\"https:\/\/elpicudonegro.com\/web\/2016\/06\/05\/dia-mundial-del-medio-ambiente\/\" \/>\n<meta property=\"og:site_name\" content=\"EL PICUDO NEGRO\" \/>\n<meta property=\"article:published_time\" content=\"2016-06-05T18:00:00+00:00\" \/>\n<meta property=\"article:modified_time\" content=\"2017-01-11T19:38:01+00:00\" \/>\n<meta property=\"og:image\" content=\"http:\/\/elpicudonegro.com\/web\/wp-content\/uploads\/2016\/06\/MESA-INFORMATIVA-300x169.jpg\" \/>\n<meta name=\"author\" content=\"administrador\" \/>\n<meta name=\"twitter:card\" content=\"summary_large_image\" \/>\n<meta name=\"twitter:label1\" content=\"Escrito por\" \/>\n\t<meta name=\"twitter:data1\" content=\"administrador\" \/>\n\t<meta name=\"twitter:label2\" content=\"Tiempo de lectura\" \/>\n\t<meta name=\"twitter:data2\" content=\"1 minuto\" \/>\n<script type=\"application\/ld+json\" class=\"yoast-schema-graph\">{\"@context\":\"https:\\\/\\\/schema.org\",\"@graph\":[{\"@type\":\"Article\",\"@id\":\"https:\\\/\\\/elpicudonegro.com\\\/web\\\/2016\\\/06\\\/05\\\/dia-mundial-del-medio-ambiente\\\/#article\",\"isPartOf\":{\"@id\":\"https:\\\/\\\/elpicudonegro.com\\\/web\\\/2016\\\/06\\\/05\\\/dia-mundial-del-medio-ambiente\\\/\"},\"author\":{\"name\":\"administrador\",\"@id\":\"https:\\\/\\\/elpicudonegro.com\\\/web\\\/#\\\/schema\\\/person\\\/94d2eca306e3e8bd545803f8d23f19d1\"},\"headline\":\"D\u00eda Mundial del Medio Ambiente\",\"datePublished\":\"2016-06-05T18:00:00+00:00\",\"dateModified\":\"2017-01-11T19:38:01+00:00\",\"mainEntityOfPage\":{\"@id\":\"https:\\\/\\\/elpicudonegro.com\\\/web\\\/2016\\\/06\\\/05\\\/dia-mundial-del-medio-ambiente\\\/\"},\"wordCount\":198,\"commentCount\":0,\"image\":{\"@id\":\"https:\\\/\\\/elpicudonegro.com\\\/web\\\/2016\\\/06\\\/05\\\/dia-mundial-del-medio-ambiente\\\/#primaryimage\"},\"thumbnailUrl\":\"http:\\\/\\\/elpicudonegro.com\\\/web\\\/wp-content\\\/uploads\\\/2016\\\/06\\\/MESA-INFORMATIVA-300x169.jpg\",\"keywords\":[\"distribucion picudo negro\"],\"articleSection\":[\"Otras noticias relevantes sobre el picudo negro\"],\"inLanguage\":\"es\",\"potentialAction\":[{\"@type\":\"CommentAction\",\"name\":\"Comment\",\"target\":[\"https:\\\/\\\/elpicudonegro.com\\\/web\\\/2016\\\/06\\\/05\\\/dia-mundial-del-medio-ambiente\\\/#respond\"]}]},{\"@type\":\"WebPage\",\"@id\":\"https:\\\/\\\/elpicudonegro.com\\\/web\\\/2016\\\/06\\\/05\\\/dia-mundial-del-medio-ambiente\\\/\",\"url\":\"https:\\\/\\\/elpicudonegro.com\\\/web\\\/2016\\\/06\\\/05\\\/dia-mundial-del-medio-ambiente\\\/\",\"name\":\"D\u00eda Mundial del Medio Ambiente - EL PICUDO NEGRO\",\"isPartOf\":{\"@id\":\"https:\\\/\\\/elpicudonegro.com\\\/web\\\/#website\"},\"primaryImageOfPage\":{\"@id\":\"https:\\\/\\\/elpicudonegro.com\\\/web\\\/2016\\\/06\\\/05\\\/dia-mundial-del-medio-ambiente\\\/#primaryimage\"},\"image\":{\"@id\":\"https:\\\/\\\/elpicudonegro.com\\\/web\\\/2016\\\/06\\\/05\\\/dia-mundial-del-medio-ambiente\\\/#primaryimage\"},\"thumbnailUrl\":\"http:\\\/\\\/elpicudonegro.com\\\/web\\\/wp-content\\\/uploads\\\/2016\\\/06\\\/MESA-INFORMATIVA-300x169.jpg\",\"datePublished\":\"2016-06-05T18:00:00+00:00\",\"dateModified\":\"2017-01-11T19:38:01+00:00\",\"author\":{\"@id\":\"https:\\\/\\\/elpicudonegro.com\\\/web\\\/#\\\/schema\\\/person\\\/94d2eca306e3e8bd545803f8d23f19d1\"},\"description\":\"Hoy 5 de junio se celebra el D\u00eda Mundial del Medio Ambiente, hemos querido hacer un evento divulgativo SOBRE PICUDO NEGRO Y participar en esta celebraci\u00f3n.\",\"breadcrumb\":{\"@id\":\"https:\\\/\\\/elpicudonegro.com\\\/web\\\/2016\\\/06\\\/05\\\/dia-mundial-del-medio-ambiente\\\/#breadcrumb\"},\"inLanguage\":\"es\",\"potentialAction\":[{\"@type\":\"ReadAction\",\"target\":[\"https:\\\/\\\/elpicudonegro.com\\\/web\\\/2016\\\/06\\\/05\\\/dia-mundial-del-medio-ambiente\\\/\"]}]},{\"@type\":\"ImageObject\",\"inLanguage\":\"es\",\"@id\":\"https:\\\/\\\/elpicudonegro.com\\\/web\\\/2016\\\/06\\\/05\\\/dia-mundial-del-medio-ambiente\\\/#primaryimage\",\"url\":\"https:\\\/\\\/i0.wp.com\\\/elpicudonegro.com\\\/web\\\/wp-content\\\/uploads\\\/2016\\\/06\\\/MESA-INFORMATIVA.jpg?fit=3072%2C1728&ssl=1\",\"contentUrl\":\"https:\\\/\\\/i0.wp.com\\\/elpicudonegro.com\\\/web\\\/wp-content\\\/uploads\\\/2016\\\/06\\\/MESA-INFORMATIVA.jpg?fit=3072%2C1728&ssl=1\",\"width\":3072,\"height\":1728,\"caption\":\"MESA INFORMATIVA elpicudonegro.com\"},{\"@type\":\"BreadcrumbList\",\"@id\":\"https:\\\/\\\/elpicudonegro.com\\\/web\\\/2016\\\/06\\\/05\\\/dia-mundial-del-medio-ambiente\\\/#breadcrumb\",\"itemListElement\":[{\"@type\":\"ListItem\",\"position\":1,\"name\":\"Portada\",\"item\":\"https:\\\/\\\/elpicudonegro.com\\\/web\\\/\"},{\"@type\":\"ListItem\",\"position\":2,\"name\":\"D\u00eda Mundial del Medio Ambiente\"}]},{\"@type\":\"WebSite\",\"@id\":\"https:\\\/\\\/elpicudonegro.com\\\/web\\\/#website\",\"url\":\"https:\\\/\\\/elpicudonegro.com\\\/web\\\/\",\"name\":\"EL PICUDO NEGRO\",\"description\":\"Control de la plaga de picudo negro en las pitas de Almeria\",\"potentialAction\":[{\"@type\":\"SearchAction\",\"target\":{\"@type\":\"EntryPoint\",\"urlTemplate\":\"https:\\\/\\\/elpicudonegro.com\\\/web\\\/?s={search_term_string}\"},\"query-input\":{\"@type\":\"PropertyValueSpecification\",\"valueRequired\":true,\"valueName\":\"search_term_string\"}}],\"inLanguage\":\"es\"},{\"@type\":\"Person\",\"@id\":\"https:\\\/\\\/elpicudonegro.com\\\/web\\\/#\\\/schema\\\/person\\\/94d2eca306e3e8bd545803f8d23f19d1\",\"name\":\"administrador\",\"image\":{\"@type\":\"ImageObject\",\"inLanguage\":\"es\",\"@id\":\"https:\\\/\\\/secure.gravatar.com\\\/avatar\\\/7a8b4df9d6c0d9e6ae7583f139d0d0dfea955d3a05ac5a6a6961b1a34334d20b?s=96&d=mm&r=g\",\"url\":\"https:\\\/\\\/secure.gravatar.com\\\/avatar\\\/7a8b4df9d6c0d9e6ae7583f139d0d0dfea955d3a05ac5a6a6961b1a34334d20b?s=96&d=mm&r=g\",\"contentUrl\":\"https:\\\/\\\/secure.gravatar.com\\\/avatar\\\/7a8b4df9d6c0d9e6ae7583f139d0d0dfea955d3a05ac5a6a6961b1a34334d20b?s=96&d=mm&r=g\",\"caption\":\"administrador\"},\"url\":\"https:\\\/\\\/elpicudonegro.com\\\/web\\\/author\\\/administrador\\\/\"}]}<\/script>\n<!-- \/ Yoast SEO plugin. -->","yoast_head_json":{"title":"D\u00eda Mundial del Medio Ambiente - EL PICUDO NEGRO","description":"Hoy 5 de junio se celebra el D\u00eda Mundial del Medio Ambiente, hemos querido hacer un evento divulgativo SOBRE PICUDO NEGRO Y participar en esta celebraci\u00f3n.","robots":{"index":"index","follow":"follow","max-snippet":"max-snippet:-1","max-image-preview":"max-image-preview:large","max-video-preview":"max-video-preview:-1"},"canonical":"https:\/\/elpicudonegro.com\/web\/2016\/06\/05\/dia-mundial-del-medio-ambiente\/","og_locale":"es_ES","og_type":"article","og_title":"D\u00eda Mundial del Medio Ambiente - EL PICUDO NEGRO","og_description":"Hoy 5 de junio se celebra el D\u00eda Mundial del Medio Ambiente, hemos querido hacer un evento divulgativo SOBRE PICUDO NEGRO Y participar en esta celebraci\u00f3n.","og_url":"https:\/\/elpicudonegro.com\/web\/2016\/06\/05\/dia-mundial-del-medio-ambiente\/","og_site_name":"EL PICUDO NEGRO","article_published_time":"2016-06-05T18:00:00+00:00","article_modified_time":"2017-01-11T19:38:01+00:00","og_image":[{"url":"http:\/\/elpicudonegro.com\/web\/wp-content\/uploads\/2016\/06\/MESA-INFORMATIVA-300x169.jpg","type":"","width":"","height":""}],"author":"administrador","twitter_card":"summary_large_image","twitter_misc":{"Escrito por":"administrador","Tiempo de lectura":"1 minuto"},"schema":{"@context":"https:\/\/schema.org","@graph":[{"@type":"Article","@id":"https:\/\/elpicudonegro.com\/web\/2016\/06\/05\/dia-mundial-del-medio-ambiente\/#article","isPartOf":{"@id":"https:\/\/elpicudonegro.com\/web\/2016\/06\/05\/dia-mundial-del-medio-ambiente\/"},"author":{"name":"administrador","@id":"https:\/\/elpicudonegro.com\/web\/#\/schema\/person\/94d2eca306e3e8bd545803f8d23f19d1"},"headline":"D\u00eda Mundial del Medio Ambiente","datePublished":"2016-06-05T18:00:00+00:00","dateModified":"2017-01-11T19:38:01+00:00","mainEntityOfPage":{"@id":"https:\/\/elpicudonegro.com\/web\/2016\/06\/05\/dia-mundial-del-medio-ambiente\/"},"wordCount":198,"commentCount":0,"image":{"@id":"https:\/\/elpicudonegro.com\/web\/2016\/06\/05\/dia-mundial-del-medio-ambiente\/#primaryimage"},"thumbnailUrl":"http:\/\/elpicudonegro.com\/web\/wp-content\/uploads\/2016\/06\/MESA-INFORMATIVA-300x169.jpg","keywords":["distribucion picudo negro"],"articleSection":["Otras noticias relevantes sobre el picudo negro"],"inLanguage":"es","potentialAction":[{"@type":"CommentAction","name":"Comment","target":["https:\/\/elpicudonegro.com\/web\/2016\/06\/05\/dia-mundial-del-medio-ambiente\/#respond"]}]},{"@type":"WebPage","@id":"https:\/\/elpicudonegro.com\/web\/2016\/06\/05\/dia-mundial-del-medio-ambiente\/","url":"https:\/\/elpicudonegro.com\/web\/2016\/06\/05\/dia-mundial-del-medio-ambiente\/","name":"D\u00eda Mundial del Medio Ambiente - EL PICUDO NEGRO","isPartOf":{"@id":"https:\/\/elpicudonegro.com\/web\/#website"},"primaryImageOfPage":{"@id":"https:\/\/elpicudonegro.com\/web\/2016\/06\/05\/dia-mundial-del-medio-ambiente\/#primaryimage"},"image":{"@id":"https:\/\/elpicudonegro.com\/web\/2016\/06\/05\/dia-mundial-del-medio-ambiente\/#primaryimage"},"thumbnailUrl":"http:\/\/elpicudonegro.com\/web\/wp-content\/uploads\/2016\/06\/MESA-INFORMATIVA-300x169.jpg","datePublished":"2016-06-05T18:00:00+00:00","dateModified":"2017-01-11T19:38:01+00:00","author":{"@id":"https:\/\/elpicudonegro.com\/web\/#\/schema\/person\/94d2eca306e3e8bd545803f8d23f19d1"},"description":"Hoy 5 de junio se celebra el D\u00eda Mundial del Medio Ambiente, hemos querido hacer un evento divulgativo SOBRE PICUDO NEGRO Y participar en esta celebraci\u00f3n.","breadcrumb":{"@id":"https:\/\/elpicudonegro.com\/web\/2016\/06\/05\/dia-mundial-del-medio-ambiente\/#breadcrumb"},"inLanguage":"es","potentialAction":[{"@type":"ReadAction","target":["https:\/\/elpicudonegro.com\/web\/2016\/06\/05\/dia-mundial-del-medio-ambiente\/"]}]},{"@type":"ImageObject","inLanguage":"es","@id":"https:\/\/elpicudonegro.com\/web\/2016\/06\/05\/dia-mundial-del-medio-ambiente\/#primaryimage","url":"https:\/\/i0.wp.com\/elpicudonegro.com\/web\/wp-content\/uploads\/2016\/06\/MESA-INFORMATIVA.jpg?fit=3072%2C1728&ssl=1","contentUrl":"https:\/\/i0.wp.com\/elpicudonegro.com\/web\/wp-content\/uploads\/2016\/06\/MESA-INFORMATIVA.jpg?fit=3072%2C1728&ssl=1","width":3072,"height":1728,"caption":"MESA INFORMATIVA elpicudonegro.com"},{"@type":"BreadcrumbList","@id":"https:\/\/elpicudonegro.com\/web\/2016\/06\/05\/dia-mundial-del-medio-ambiente\/#breadcrumb","itemListElement":[{"@type":"ListItem","position":1,"name":"Portada","item":"https:\/\/elpicudonegro.com\/web\/"},{"@type":"ListItem","position":2,"name":"D\u00eda Mundial del Medio Ambiente"}]},{"@type":"WebSite","@id":"https:\/\/elpicudonegro.com\/web\/#website","url":"https:\/\/elpicudonegro.com\/web\/","name":"EL PICUDO NEGRO","description":"Control de la plaga de picudo negro en las pitas de Almeria","potentialAction":[{"@type":"SearchAction","target":{"@type":"EntryPoint","urlTemplate":"https:\/\/elpicudonegro.com\/web\/?s={search_term_string}"},"query-input":{"@type":"PropertyValueSpecification","valueRequired":true,"valueName":"search_term_string"}}],"inLanguage":"es"},{"@type":"Person","@id":"https:\/\/elpicudonegro.com\/web\/#\/schema\/person\/94d2eca306e3e8bd545803f8d23f19d1","name":"administrador","image":{"@type":"ImageObject","inLanguage":"es","@id":"https:\/\/secure.gravatar.com\/avatar\/7a8b4df9d6c0d9e6ae7583f139d0d0dfea955d3a05ac5a6a6961b1a34334d20b?s=96&d=mm&r=g","url":"https:\/\/secure.gravatar.com\/avatar\/7a8b4df9d6c0d9e6ae7583f139d0d0dfea955d3a05ac5a6a6961b1a34334d20b?s=96&d=mm&r=g","contentUrl":"https:\/\/secure.gravatar.com\/avatar\/7a8b4df9d6c0d9e6ae7583f139d0d0dfea955d3a05ac5a6a6961b1a34334d20b?s=96&d=mm&r=g","caption":"administrador"},"url":"https:\/\/elpicudonegro.com\/web\/author\/administrador\/"}]}},"jetpack_publicize_connections":[],"jetpack_featured_media_url":"","jetpack_sharing_enabled":true,"jetpack_shortlink":"https:\/\/wp.me\/p7lxPt-bS","jetpack-related-posts":[],"_links":{"self":[{"href":"https:\/\/elpicudonegro.com\/web\/wp-json\/wp\/v2\/posts\/736","targetHints":{"allow":["GET"]}}],"collection":[{"href":"https:\/\/elpicudonegro.com\/web\/wp-json\/wp\/v2\/posts"}],"about":[{"href":"https:\/\/elpicudonegro.com\/web\/wp-json\/wp\/v2\/types\/post"}],"author":[{"embeddable":true,"href":"https:\/\/elpicudonegro.com\/web\/wp-json\/wp\/v2\/users\/1"}],"replies":[{"embeddable":true,"href":"https:\/\/elpicudonegro.com\/web\/wp-json\/wp\/v2\/comments?post=736"}],"version-history":[{"count":3,"href":"https:\/\/elpicudonegro.com\/web\/wp-json\/wp\/v2\/posts\/736\/revisions"}],"predecessor-version":[{"id":741,"href":"https:\/\/elpicudonegro.com\/web\/wp-json\/wp\/v2\/posts\/736\/revisions\/741"}],"wp:attachment":[{"href":"https:\/\/elpicudonegro.com\/web\/wp-json\/wp\/v2\/media?parent=736"}],"wp:term":[{"taxonomy":"category","embeddable":true,"href":"https:\/\/elpicudonegro.com\/web\/wp-json\/wp\/v2\/categories?post=736"},{"taxonomy":"post_tag","embeddable":true,"href":"https:\/\/elpicudonegro.com\/web\/wp-json\/wp\/v2\/tags?post=736"}],"curies":[{"name":"wp","href":"https:\/\/api.w.org\/{rel}","templated":true}]}}