{"id":754,"date":"2016-06-11T21:31:04","date_gmt":"2016-06-11T21:31:04","guid":{"rendered":"http:\/\/elpicudonegro.com\/web\/?p=754"},"modified":"2016-06-11T21:40:06","modified_gmt":"2016-06-11T21:40:06","slug":"sigue-avance-del-picudo-negro","status":"publish","type":"post","link":"https:\/\/elpicudonegro.com\/web\/2016\/06\/11\/sigue-avance-del-picudo-negro\/","title":{"rendered":"Sigue el avance del picudo negro"},"content":{"rendered":"<p style=\"text-align: justify;\"><strong><em>Salvemos las Pitas de Almer\u00eda<\/em> sigue luchando para evitar que el picudo negro elimine las pitas de nuestro paisaje.<\/strong><\/p>\n<p style=\"text-align: justify;\">Este ha sido el titular de una noticia reci\u00e9n publicada, ver en:<\/p>\n<p style=\"text-align: justify;\"><a href=\"http:\/\/www.lavozdealmeria.es\/Noticias\/108161\/3\/Sigue-el-avance-del-picudo-negro-que-afecta-a-miles-de-pitas\" target=\"_blank\">La Voz de Almer\u00eda \u00a0Eva de la Torre \u00a09\/06\/2016<\/a><\/p>\n<p style=\"text-align: justify;\"><strong>Salvemos las Pitas de Almer\u00eda<\/strong> hace un nuevo llamamiento a la participaci\u00f3n de todos en el control de la plaga de picudo negro que puede acabar con uno de los emblemas de Almer\u00eda,<strong> la pita<\/strong>.<\/p>\n<p style=\"text-align: justify;\">Se afirma\u00a0que el\u00a0esfuerzo de <strong>investigaci\u00f3n sobre el terreno<\/strong> no puede llevarse a cabo \u201csin la ayuda de la poblaci\u00f3n: agricultores, naturalistas, entom\u00f3logos, ciudadanos de a pie, cient\u00edficos multidisciplinares, etc. as\u00ed como las administraciones y los colectivos de protecci\u00f3n del medio\u201d.<\/p>\n<p style=\"text-align: justify;\">Y que a\u00a0pesar del efecto devastador del picudo negro sobre las pitas, consideramos\u00a0que a\u00fan no se ha llegado <strong>a un punto de<\/strong> <strong>no retorno: \u201c<\/strong>pero es imprescindible actuar cuanto antes<strong>\u201d.<\/strong><\/p>\n<figure id=\"attachment_757\" aria-describedby=\"caption-attachment-757\" style=\"width: 385px\" class=\"wp-caption aligncenter\"><img data-recalc-dims=\"1\" loading=\"lazy\" decoding=\"async\" data-attachment-id=\"757\" data-permalink=\"https:\/\/elpicudonegro.com\/web\/2016\/06\/11\/sigue-avance-del-picudo-negro\/noticia-9-junio-el-avance-del-picudo-negro\/\" data-orig-file=\"https:\/\/i0.wp.com\/elpicudonegro.com\/web\/wp-content\/uploads\/2016\/06\/Noticia-9-junio-El-avance-del-picudo-negro.jpg?fit=672%2C678&amp;ssl=1\" data-orig-size=\"672,678\" data-comments-opened=\"1\" data-image-meta=\"{&quot;aperture&quot;:&quot;0&quot;,&quot;credit&quot;:&quot;&quot;,&quot;camera&quot;:&quot;&quot;,&quot;caption&quot;:&quot;&quot;,&quot;created_timestamp&quot;:&quot;0&quot;,&quot;copyright&quot;:&quot;&quot;,&quot;focal_length&quot;:&quot;0&quot;,&quot;iso&quot;:&quot;0&quot;,&quot;shutter_speed&quot;:&quot;0&quot;,&quot;title&quot;:&quot;&quot;,&quot;orientation&quot;:&quot;0&quot;}\" data-image-title=\"Noticia 9 junio El avance del picudo negro\" data-image-description=\"\" data-image-caption=\"\" data-large-file=\"https:\/\/i0.wp.com\/elpicudonegro.com\/web\/wp-content\/uploads\/2016\/06\/Noticia-9-junio-El-avance-del-picudo-negro.jpg?fit=474%2C478&amp;ssl=1\" class=\"wp-image-757\" src=\"https:\/\/i0.wp.com\/elpicudonegro.com\/web\/wp-content\/uploads\/2016\/06\/Noticia-9-junio-El-avance-del-picudo-negro.jpg?resize=385%2C389\" alt=\"Noticia 9 junio El avance del picudo negro\" width=\"385\" height=\"389\" srcset=\"https:\/\/i0.wp.com\/elpicudonegro.com\/web\/wp-content\/uploads\/2016\/06\/Noticia-9-junio-El-avance-del-picudo-negro.jpg?resize=297%2C300&amp;ssl=1 297w, https:\/\/i0.wp.com\/elpicudonegro.com\/web\/wp-content\/uploads\/2016\/06\/Noticia-9-junio-El-avance-del-picudo-negro.jpg?w=672&amp;ssl=1 672w\" sizes=\"auto, (max-width: 385px) 100vw, 385px\" \/><figcaption id=\"caption-attachment-757\" class=\"wp-caption-text\">EXTRACTO DE LA NOTICIA<\/figcaption><\/figure>\n<p style=\"text-align: justify;\">Para acercar a la poblaci\u00f3n sobre esta problem\u00e1tica del picudo negro,\u00a0<strong>Tenemos\u00a0<\/strong>previstas varias charlas informativas en diversos y conocidos lugares de encuentro, las primeras en breve en \u201cEL CALORET\u201d de <strong>Las Negras<\/strong> y \u201cEL MOLINO\u201d de <strong>Fern\u00e1n P\u00e9rez<\/strong>. Las fechas ser\u00e1n anunciadas y publicadas pr\u00f3ximamente a trav\u00e9s de las\u00a0 redes sociales.<\/p>\n<p style=\"text-align: justify;\">Es\u00a0indispensable la implicaci\u00f3n directa de las <strong>administraciones competentes <\/strong>teniendo en cuenta las posibles consecuencias negativas que para los ecosistemas naturales podr\u00eda acarrear la &#8216;salida&#8217; del picudo negro del nicho ecol\u00f3gico que actualmente ocupa.<\/p>\n<p style=\"text-align: justify;\">MUCHAS GRACIAS<\/p>\n","protected":false},"excerpt":{"rendered":"<p>Salvemos las Pitas de Almer\u00eda sigue luchando para evitar que el picudo negro elimine las pitas de nuestro paisaje. Este ha sido el titular de una noticia reci\u00e9n publicada, ver en: La Voz de Almer\u00eda \u00a0Eva de la Torre \u00a09\/06\/2016 Salvemos las Pitas de Almer\u00eda hace un nuevo llamamiento a la participaci\u00f3n de todos en &hellip; <a href=\"https:\/\/elpicudonegro.com\/web\/2016\/06\/11\/sigue-avance-del-picudo-negro\/\" class=\"more-link\">Seguir leyendo <span class=\"screen-reader-text\">Sigue el avance del picudo negro<\/span> <span class=\"meta-nav\">&rarr;<\/span><\/a><\/p>\n","protected":false},"author":1,"featured_media":0,"comment_status":"open","ping_status":"open","sticky":false,"template":"","format":"standard","meta":{"jetpack_post_was_ever_published":false,"_jetpack_newsletter_access":"","_jetpack_dont_email_post_to_subs":false,"_jetpack_newsletter_tier_id":0,"_jetpack_memberships_contains_paywalled_content":false,"_jetpack_memberships_contains_paid_content":false,"footnotes":"","jetpack_publicize_message":"","jetpack_publicize_feature_enabled":true,"jetpack_social_post_already_shared":true,"jetpack_social_options":{"image_generator_settings":{"template":"highway","default_image_id":0,"font":"","enabled":false},"version":2}},"categories":[3],"tags":[11],"class_list":["post-754","post","type-post","status-publish","format-standard","hentry","category-notas-prensa-sobre-picudo-negro","tag-picudo-negro-en-prensa"],"yoast_head":"<!-- This site is optimized with the Yoast SEO plugin v27.5 - https:\/\/yoast.com\/product\/yoast-seo-wordpress\/ -->\n<title>Sigue el avance del picudo negro - EL PICUDO NEGRO<\/title>\n<meta name=\"description\" content=\"Salvemos las Pitas de Almer\u00eda hace un llamamiento a todos en el control de la plaga de picudo negro que MATA uno de los emblemas de Almer\u00eda, lLA PITA.\" \/>\n<meta name=\"robots\" content=\"index, follow, max-snippet:-1, max-image-preview:large, max-video-preview:-1\" \/>\n<link rel=\"canonical\" href=\"https:\/\/elpicudonegro.com\/web\/2016\/06\/11\/sigue-avance-del-picudo-negro\/\" \/>\n<meta property=\"og:locale\" content=\"es_ES\" \/>\n<meta property=\"og:type\" content=\"article\" \/>\n<meta property=\"og:title\" content=\"Sigue el avance del picudo negro - EL PICUDO NEGRO\" \/>\n<meta property=\"og:description\" content=\"Salvemos las Pitas de Almer\u00eda hace un llamamiento a todos en el control de la plaga de picudo negro que MATA uno de los emblemas de Almer\u00eda, lLA PITA.\" \/>\n<meta property=\"og:url\" content=\"https:\/\/elpicudonegro.com\/web\/2016\/06\/11\/sigue-avance-del-picudo-negro\/\" \/>\n<meta property=\"og:site_name\" content=\"EL PICUDO NEGRO\" \/>\n<meta property=\"article:published_time\" content=\"2016-06-11T21:31:04+00:00\" \/>\n<meta property=\"article:modified_time\" content=\"2016-06-11T21:40:06+00:00\" \/>\n<meta property=\"og:image\" content=\"http:\/\/elpicudonegro.com\/web\/wp-content\/uploads\/2016\/06\/Noticia-9-junio-El-avance-del-picudo-negro-297x300.jpg\" \/>\n<meta name=\"author\" content=\"administrador\" \/>\n<meta name=\"twitter:card\" content=\"summary_large_image\" \/>\n<meta name=\"twitter:label1\" content=\"Escrito por\" \/>\n\t<meta name=\"twitter:data1\" content=\"administrador\" \/>\n\t<meta name=\"twitter:label2\" content=\"Tiempo de lectura\" \/>\n\t<meta name=\"twitter:data2\" content=\"1 minuto\" \/>\n<script type=\"application\/ld+json\" class=\"yoast-schema-graph\">{\"@context\":\"https:\\\/\\\/schema.org\",\"@graph\":[{\"@type\":\"Article\",\"@id\":\"https:\\\/\\\/elpicudonegro.com\\\/web\\\/2016\\\/06\\\/11\\\/sigue-avance-del-picudo-negro\\\/#article\",\"isPartOf\":{\"@id\":\"https:\\\/\\\/elpicudonegro.com\\\/web\\\/2016\\\/06\\\/11\\\/sigue-avance-del-picudo-negro\\\/\"},\"author\":{\"name\":\"administrador\",\"@id\":\"https:\\\/\\\/elpicudonegro.com\\\/web\\\/#\\\/schema\\\/person\\\/94d2eca306e3e8bd545803f8d23f19d1\"},\"headline\":\"Sigue el avance del picudo negro\",\"datePublished\":\"2016-06-11T21:31:04+00:00\",\"dateModified\":\"2016-06-11T21:40:06+00:00\",\"mainEntityOfPage\":{\"@id\":\"https:\\\/\\\/elpicudonegro.com\\\/web\\\/2016\\\/06\\\/11\\\/sigue-avance-del-picudo-negro\\\/\"},\"wordCount\":275,\"commentCount\":0,\"image\":{\"@id\":\"https:\\\/\\\/elpicudonegro.com\\\/web\\\/2016\\\/06\\\/11\\\/sigue-avance-del-picudo-negro\\\/#primaryimage\"},\"thumbnailUrl\":\"http:\\\/\\\/elpicudonegro.com\\\/web\\\/wp-content\\\/uploads\\\/2016\\\/06\\\/Noticia-9-junio-El-avance-del-picudo-negro-297x300.jpg\",\"keywords\":[\"picudo negro en prensa\"],\"articleSection\":[\"Noticias en prensa sobre el PICUDO NEGRO\"],\"inLanguage\":\"es\",\"potentialAction\":[{\"@type\":\"CommentAction\",\"name\":\"Comment\",\"target\":[\"https:\\\/\\\/elpicudonegro.com\\\/web\\\/2016\\\/06\\\/11\\\/sigue-avance-del-picudo-negro\\\/#respond\"]}]},{\"@type\":\"WebPage\",\"@id\":\"https:\\\/\\\/elpicudonegro.com\\\/web\\\/2016\\\/06\\\/11\\\/sigue-avance-del-picudo-negro\\\/\",\"url\":\"https:\\\/\\\/elpicudonegro.com\\\/web\\\/2016\\\/06\\\/11\\\/sigue-avance-del-picudo-negro\\\/\",\"name\":\"Sigue el avance del picudo negro - EL PICUDO NEGRO\",\"isPartOf\":{\"@id\":\"https:\\\/\\\/elpicudonegro.com\\\/web\\\/#website\"},\"primaryImageOfPage\":{\"@id\":\"https:\\\/\\\/elpicudonegro.com\\\/web\\\/2016\\\/06\\\/11\\\/sigue-avance-del-picudo-negro\\\/#primaryimage\"},\"image\":{\"@id\":\"https:\\\/\\\/elpicudonegro.com\\\/web\\\/2016\\\/06\\\/11\\\/sigue-avance-del-picudo-negro\\\/#primaryimage\"},\"thumbnailUrl\":\"http:\\\/\\\/elpicudonegro.com\\\/web\\\/wp-content\\\/uploads\\\/2016\\\/06\\\/Noticia-9-junio-El-avance-del-picudo-negro-297x300.jpg\",\"datePublished\":\"2016-06-11T21:31:04+00:00\",\"dateModified\":\"2016-06-11T21:40:06+00:00\",\"author\":{\"@id\":\"https:\\\/\\\/elpicudonegro.com\\\/web\\\/#\\\/schema\\\/person\\\/94d2eca306e3e8bd545803f8d23f19d1\"},\"description\":\"Salvemos las Pitas de Almer\u00eda hace un llamamiento a todos en el control de la plaga de picudo negro que MATA uno de los emblemas de Almer\u00eda, lLA PITA.\",\"breadcrumb\":{\"@id\":\"https:\\\/\\\/elpicudonegro.com\\\/web\\\/2016\\\/06\\\/11\\\/sigue-avance-del-picudo-negro\\\/#breadcrumb\"},\"inLanguage\":\"es\",\"potentialAction\":[{\"@type\":\"ReadAction\",\"target\":[\"https:\\\/\\\/elpicudonegro.com\\\/web\\\/2016\\\/06\\\/11\\\/sigue-avance-del-picudo-negro\\\/\"]}]},{\"@type\":\"ImageObject\",\"inLanguage\":\"es\",\"@id\":\"https:\\\/\\\/elpicudonegro.com\\\/web\\\/2016\\\/06\\\/11\\\/sigue-avance-del-picudo-negro\\\/#primaryimage\",\"url\":\"https:\\\/\\\/i0.wp.com\\\/elpicudonegro.com\\\/web\\\/wp-content\\\/uploads\\\/2016\\\/06\\\/Noticia-9-junio-El-avance-del-picudo-negro.jpg?fit=672%2C678&ssl=1\",\"contentUrl\":\"https:\\\/\\\/i0.wp.com\\\/elpicudonegro.com\\\/web\\\/wp-content\\\/uploads\\\/2016\\\/06\\\/Noticia-9-junio-El-avance-del-picudo-negro.jpg?fit=672%2C678&ssl=1\",\"width\":672,\"height\":678},{\"@type\":\"BreadcrumbList\",\"@id\":\"https:\\\/\\\/elpicudonegro.com\\\/web\\\/2016\\\/06\\\/11\\\/sigue-avance-del-picudo-negro\\\/#breadcrumb\",\"itemListElement\":[{\"@type\":\"ListItem\",\"position\":1,\"name\":\"Portada\",\"item\":\"https:\\\/\\\/elpicudonegro.com\\\/web\\\/\"},{\"@type\":\"ListItem\",\"position\":2,\"name\":\"Sigue el avance del picudo negro\"}]},{\"@type\":\"WebSite\",\"@id\":\"https:\\\/\\\/elpicudonegro.com\\\/web\\\/#website\",\"url\":\"https:\\\/\\\/elpicudonegro.com\\\/web\\\/\",\"name\":\"EL PICUDO NEGRO\",\"description\":\"Control de la plaga de picudo negro en las pitas de Almeria\",\"potentialAction\":[{\"@type\":\"SearchAction\",\"target\":{\"@type\":\"EntryPoint\",\"urlTemplate\":\"https:\\\/\\\/elpicudonegro.com\\\/web\\\/?s={search_term_string}\"},\"query-input\":{\"@type\":\"PropertyValueSpecification\",\"valueRequired\":true,\"valueName\":\"search_term_string\"}}],\"inLanguage\":\"es\"},{\"@type\":\"Person\",\"@id\":\"https:\\\/\\\/elpicudonegro.com\\\/web\\\/#\\\/schema\\\/person\\\/94d2eca306e3e8bd545803f8d23f19d1\",\"name\":\"administrador\",\"image\":{\"@type\":\"ImageObject\",\"inLanguage\":\"es\",\"@id\":\"https:\\\/\\\/secure.gravatar.com\\\/avatar\\\/7a8b4df9d6c0d9e6ae7583f139d0d0dfea955d3a05ac5a6a6961b1a34334d20b?s=96&d=mm&r=g\",\"url\":\"https:\\\/\\\/secure.gravatar.com\\\/avatar\\\/7a8b4df9d6c0d9e6ae7583f139d0d0dfea955d3a05ac5a6a6961b1a34334d20b?s=96&d=mm&r=g\",\"contentUrl\":\"https:\\\/\\\/secure.gravatar.com\\\/avatar\\\/7a8b4df9d6c0d9e6ae7583f139d0d0dfea955d3a05ac5a6a6961b1a34334d20b?s=96&d=mm&r=g\",\"caption\":\"administrador\"},\"url\":\"https:\\\/\\\/elpicudonegro.com\\\/web\\\/author\\\/administrador\\\/\"}]}<\/script>\n<!-- \/ Yoast SEO plugin. -->","yoast_head_json":{"title":"Sigue el avance del picudo negro - EL PICUDO NEGRO","description":"Salvemos las Pitas de Almer\u00eda hace un llamamiento a todos en el control de la plaga de picudo negro que MATA uno de los emblemas de Almer\u00eda, lLA PITA.","robots":{"index":"index","follow":"follow","max-snippet":"max-snippet:-1","max-image-preview":"max-image-preview:large","max-video-preview":"max-video-preview:-1"},"canonical":"https:\/\/elpicudonegro.com\/web\/2016\/06\/11\/sigue-avance-del-picudo-negro\/","og_locale":"es_ES","og_type":"article","og_title":"Sigue el avance del picudo negro - EL PICUDO NEGRO","og_description":"Salvemos las Pitas de Almer\u00eda hace un llamamiento a todos en el control de la plaga de picudo negro que MATA uno de los emblemas de Almer\u00eda, lLA PITA.","og_url":"https:\/\/elpicudonegro.com\/web\/2016\/06\/11\/sigue-avance-del-picudo-negro\/","og_site_name":"EL PICUDO NEGRO","article_published_time":"2016-06-11T21:31:04+00:00","article_modified_time":"2016-06-11T21:40:06+00:00","og_image":[{"url":"http:\/\/elpicudonegro.com\/web\/wp-content\/uploads\/2016\/06\/Noticia-9-junio-El-avance-del-picudo-negro-297x300.jpg","type":"","width":"","height":""}],"author":"administrador","twitter_card":"summary_large_image","twitter_misc":{"Escrito por":"administrador","Tiempo de lectura":"1 minuto"},"schema":{"@context":"https:\/\/schema.org","@graph":[{"@type":"Article","@id":"https:\/\/elpicudonegro.com\/web\/2016\/06\/11\/sigue-avance-del-picudo-negro\/#article","isPartOf":{"@id":"https:\/\/elpicudonegro.com\/web\/2016\/06\/11\/sigue-avance-del-picudo-negro\/"},"author":{"name":"administrador","@id":"https:\/\/elpicudonegro.com\/web\/#\/schema\/person\/94d2eca306e3e8bd545803f8d23f19d1"},"headline":"Sigue el avance del picudo negro","datePublished":"2016-06-11T21:31:04+00:00","dateModified":"2016-06-11T21:40:06+00:00","mainEntityOfPage":{"@id":"https:\/\/elpicudonegro.com\/web\/2016\/06\/11\/sigue-avance-del-picudo-negro\/"},"wordCount":275,"commentCount":0,"image":{"@id":"https:\/\/elpicudonegro.com\/web\/2016\/06\/11\/sigue-avance-del-picudo-negro\/#primaryimage"},"thumbnailUrl":"http:\/\/elpicudonegro.com\/web\/wp-content\/uploads\/2016\/06\/Noticia-9-junio-El-avance-del-picudo-negro-297x300.jpg","keywords":["picudo negro en prensa"],"articleSection":["Noticias en prensa sobre el PICUDO NEGRO"],"inLanguage":"es","potentialAction":[{"@type":"CommentAction","name":"Comment","target":["https:\/\/elpicudonegro.com\/web\/2016\/06\/11\/sigue-avance-del-picudo-negro\/#respond"]}]},{"@type":"WebPage","@id":"https:\/\/elpicudonegro.com\/web\/2016\/06\/11\/sigue-avance-del-picudo-negro\/","url":"https:\/\/elpicudonegro.com\/web\/2016\/06\/11\/sigue-avance-del-picudo-negro\/","name":"Sigue el avance del picudo negro - EL PICUDO NEGRO","isPartOf":{"@id":"https:\/\/elpicudonegro.com\/web\/#website"},"primaryImageOfPage":{"@id":"https:\/\/elpicudonegro.com\/web\/2016\/06\/11\/sigue-avance-del-picudo-negro\/#primaryimage"},"image":{"@id":"https:\/\/elpicudonegro.com\/web\/2016\/06\/11\/sigue-avance-del-picudo-negro\/#primaryimage"},"thumbnailUrl":"http:\/\/elpicudonegro.com\/web\/wp-content\/uploads\/2016\/06\/Noticia-9-junio-El-avance-del-picudo-negro-297x300.jpg","datePublished":"2016-06-11T21:31:04+00:00","dateModified":"2016-06-11T21:40:06+00:00","author":{"@id":"https:\/\/elpicudonegro.com\/web\/#\/schema\/person\/94d2eca306e3e8bd545803f8d23f19d1"},"description":"Salvemos las Pitas de Almer\u00eda hace un llamamiento a todos en el control de la plaga de picudo negro que MATA uno de los emblemas de Almer\u00eda, lLA PITA.","breadcrumb":{"@id":"https:\/\/elpicudonegro.com\/web\/2016\/06\/11\/sigue-avance-del-picudo-negro\/#breadcrumb"},"inLanguage":"es","potentialAction":[{"@type":"ReadAction","target":["https:\/\/elpicudonegro.com\/web\/2016\/06\/11\/sigue-avance-del-picudo-negro\/"]}]},{"@type":"ImageObject","inLanguage":"es","@id":"https:\/\/elpicudonegro.com\/web\/2016\/06\/11\/sigue-avance-del-picudo-negro\/#primaryimage","url":"https:\/\/i0.wp.com\/elpicudonegro.com\/web\/wp-content\/uploads\/2016\/06\/Noticia-9-junio-El-avance-del-picudo-negro.jpg?fit=672%2C678&ssl=1","contentUrl":"https:\/\/i0.wp.com\/elpicudonegro.com\/web\/wp-content\/uploads\/2016\/06\/Noticia-9-junio-El-avance-del-picudo-negro.jpg?fit=672%2C678&ssl=1","width":672,"height":678},{"@type":"BreadcrumbList","@id":"https:\/\/elpicudonegro.com\/web\/2016\/06\/11\/sigue-avance-del-picudo-negro\/#breadcrumb","itemListElement":[{"@type":"ListItem","position":1,"name":"Portada","item":"https:\/\/elpicudonegro.com\/web\/"},{"@type":"ListItem","position":2,"name":"Sigue el avance del picudo negro"}]},{"@type":"WebSite","@id":"https:\/\/elpicudonegro.com\/web\/#website","url":"https:\/\/elpicudonegro.com\/web\/","name":"EL PICUDO NEGRO","description":"Control de la plaga de picudo negro en las pitas de Almeria","potentialAction":[{"@type":"SearchAction","target":{"@type":"EntryPoint","urlTemplate":"https:\/\/elpicudonegro.com\/web\/?s={search_term_string}"},"query-input":{"@type":"PropertyValueSpecification","valueRequired":true,"valueName":"search_term_string"}}],"inLanguage":"es"},{"@type":"Person","@id":"https:\/\/elpicudonegro.com\/web\/#\/schema\/person\/94d2eca306e3e8bd545803f8d23f19d1","name":"administrador","image":{"@type":"ImageObject","inLanguage":"es","@id":"https:\/\/secure.gravatar.com\/avatar\/7a8b4df9d6c0d9e6ae7583f139d0d0dfea955d3a05ac5a6a6961b1a34334d20b?s=96&d=mm&r=g","url":"https:\/\/secure.gravatar.com\/avatar\/7a8b4df9d6c0d9e6ae7583f139d0d0dfea955d3a05ac5a6a6961b1a34334d20b?s=96&d=mm&r=g","contentUrl":"https:\/\/secure.gravatar.com\/avatar\/7a8b4df9d6c0d9e6ae7583f139d0d0dfea955d3a05ac5a6a6961b1a34334d20b?s=96&d=mm&r=g","caption":"administrador"},"url":"https:\/\/elpicudonegro.com\/web\/author\/administrador\/"}]}},"jetpack_publicize_connections":[],"jetpack_featured_media_url":"","jetpack_sharing_enabled":true,"jetpack_shortlink":"https:\/\/wp.me\/p7lxPt-ca","jetpack-related-posts":[],"_links":{"self":[{"href":"https:\/\/elpicudonegro.com\/web\/wp-json\/wp\/v2\/posts\/754","targetHints":{"allow":["GET"]}}],"collection":[{"href":"https:\/\/elpicudonegro.com\/web\/wp-json\/wp\/v2\/posts"}],"about":[{"href":"https:\/\/elpicudonegro.com\/web\/wp-json\/wp\/v2\/types\/post"}],"author":[{"embeddable":true,"href":"https:\/\/elpicudonegro.com\/web\/wp-json\/wp\/v2\/users\/1"}],"replies":[{"embeddable":true,"href":"https:\/\/elpicudonegro.com\/web\/wp-json\/wp\/v2\/comments?post=754"}],"version-history":[{"count":3,"href":"https:\/\/elpicudonegro.com\/web\/wp-json\/wp\/v2\/posts\/754\/revisions"}],"predecessor-version":[{"id":758,"href":"https:\/\/elpicudonegro.com\/web\/wp-json\/wp\/v2\/posts\/754\/revisions\/758"}],"wp:attachment":[{"href":"https:\/\/elpicudonegro.com\/web\/wp-json\/wp\/v2\/media?parent=754"}],"wp:term":[{"taxonomy":"category","embeddable":true,"href":"https:\/\/elpicudonegro.com\/web\/wp-json\/wp\/v2\/categories?post=754"},{"taxonomy":"post_tag","embeddable":true,"href":"https:\/\/elpicudonegro.com\/web\/wp-json\/wp\/v2\/tags?post=754"}],"curies":[{"name":"wp","href":"https:\/\/api.w.org\/{rel}","templated":true}]}}