{"id":762,"date":"2016-06-18T07:20:11","date_gmt":"2016-06-18T07:20:11","guid":{"rendered":"http:\/\/elpicudonegro.com\/web\/?p=762"},"modified":"2016-06-18T07:51:13","modified_gmt":"2016-06-18T07:51:13","slug":"pitas-del-listado-invasoras-almeria","status":"publish","type":"post","link":"https:\/\/elpicudonegro.com\/web\/2016\/06\/18\/pitas-del-listado-invasoras-almeria\/","title":{"rendered":"PITAS fuera del listado de invasoras de ALMER\u00cdA"},"content":{"rendered":"<p style=\"text-align: justify;\">Ante el avance del picudo negro en Almer\u00eda tenemos que tomar medidas para conservar y mantener una parte importante de nuestra herencia cultural y etnogr\u00e1fica, y que las pitas y sus pitacos sigan recortando los cielos almerienses.<\/p>\n<p style=\"text-align: justify;\">Como primera acci\u00f3n se propone hacer una excepci\u00f3n en el listado de especies invasoras para un territorio muy localizado, <strong>esta excepci\u00f3n es<\/strong>:<\/p>\n<h6 style=\"text-align: justify;\"><em>Agave americana L.<\/em> en la provincia de Almer\u00eda<\/h6>\n<p style=\"text-align: justify;\">La pita, pitera, z\u00e1bila o alzabara merece toda nuestra atenci\u00f3n y por eso solicitamos el apoyo de todos para conseguir trasladar esta propuesta hasta el consejero de Medio Ambiente.<\/p>\n<figure id=\"attachment_765\" aria-describedby=\"caption-attachment-765\" style=\"width: 297px\" class=\"wp-caption aligncenter\"><img data-recalc-dims=\"1\" loading=\"lazy\" decoding=\"async\" data-attachment-id=\"765\" data-permalink=\"https:\/\/elpicudonegro.com\/web\/2016\/06\/18\/pitas-del-listado-invasoras-almeria\/antigua-2-3\/\" data-orig-file=\"https:\/\/i0.wp.com\/elpicudonegro.com\/web\/wp-content\/uploads\/2016\/06\/antigua-2.jpg?fit=960%2C859&amp;ssl=1\" data-orig-size=\"960,859\" data-comments-opened=\"1\" data-image-meta=\"{&quot;aperture&quot;:&quot;0&quot;,&quot;credit&quot;:&quot;&quot;,&quot;camera&quot;:&quot;&quot;,&quot;caption&quot;:&quot;&quot;,&quot;created_timestamp&quot;:&quot;0&quot;,&quot;copyright&quot;:&quot;&quot;,&quot;focal_length&quot;:&quot;0&quot;,&quot;iso&quot;:&quot;0&quot;,&quot;shutter_speed&quot;:&quot;0&quot;,&quot;title&quot;:&quot;&quot;,&quot;orientation&quot;:&quot;0&quot;}\" data-image-title=\"Almeria antigua\" data-image-description=\"\" data-image-caption=\"&lt;p&gt;Foto tomada a comienzos del siglo XX &lt;\/p&gt;\n\" data-large-file=\"https:\/\/i0.wp.com\/elpicudonegro.com\/web\/wp-content\/uploads\/2016\/06\/antigua-2.jpg?fit=474%2C424&amp;ssl=1\" class=\" wp-image-765\" src=\"https:\/\/i0.wp.com\/elpicudonegro.com\/web\/wp-content\/uploads\/2016\/06\/antigua-2.jpg?resize=297%2C265\" alt=\"Foto tomada a comienzos del siglo XX \" width=\"297\" height=\"265\" srcset=\"https:\/\/i0.wp.com\/elpicudonegro.com\/web\/wp-content\/uploads\/2016\/06\/antigua-2.jpg?resize=300%2C268&amp;ssl=1 300w, https:\/\/i0.wp.com\/elpicudonegro.com\/web\/wp-content\/uploads\/2016\/06\/antigua-2.jpg?resize=768%2C687&amp;ssl=1 768w, https:\/\/i0.wp.com\/elpicudonegro.com\/web\/wp-content\/uploads\/2016\/06\/antigua-2.jpg?w=960&amp;ssl=1 960w\" sizes=\"auto, (max-width: 297px) 100vw, 297px\" \/><figcaption id=\"caption-attachment-765\" class=\"wp-caption-text\">Foto tomada a comienzos del siglo XX<\/figcaption><\/figure>\n<p style=\"text-align: justify;\">A CONTINUACION MOSTRAMOS UNA PRUEBA DE COMO CON VOLUNTAD POL\u00cdTICA SE PUEDEN HACER LAS COSAS, PINCHA SOBRE EL TEXTO SIGUIENTE PARA AMPLIAR LA NOTICIA.<\/p>\n<p style=\"text-align: justify;\"><a href=\"http:\/\/andaluciainformacion.es\/sevilla\/587544\/fiscal-espera-cambiar-la-norma-para-hacer-una-excepcion-con-cangrejo-rojo\/\" target=\"_blank\">El consejero de Medio Ambiente y Ordenaci\u00f3n del Territorio, Jos\u00e9 Fiscal, ha confiado hoy en que el trabajo conjunto entre la Junta de Andaluc\u00eda y el Ministerio de Medio Ambiente sirva para \u00abmodificar\u00bb la norma de las especies invasoras y hacer \u00abuna excepci\u00f3n\u00bb con el cangrejo rojo.<\/a><\/p>\n<p>INFORMACION DE:\u00a0 <strong>Andaluc\u00eda Informaci\u00f3n<\/strong> 15\/04\/2016<\/p>\n<p style=\"text-align: justify;\">Seguimos trabajando para conocer mejor la biolog\u00eda del bicho, su comportamiento y distribuci\u00f3n en el sureste ib\u00e9rico e implementando m\u00e9todos de control.<\/p>\n<p>GRACIAS<\/p>\n","protected":false},"excerpt":{"rendered":"<p>Ante el avance del picudo negro en Almer\u00eda tenemos que tomar medidas para conservar y mantener una parte importante de nuestra herencia cultural y etnogr\u00e1fica, y que las pitas y sus pitacos sigan recortando los cielos almerienses. Como primera acci\u00f3n se propone hacer una excepci\u00f3n en el listado de especies invasoras para un territorio muy &hellip; <a href=\"https:\/\/elpicudonegro.com\/web\/2016\/06\/18\/pitas-del-listado-invasoras-almeria\/\" class=\"more-link\">Seguir leyendo <span class=\"screen-reader-text\">PITAS fuera del listado de invasoras de ALMER\u00cdA<\/span> <span class=\"meta-nav\">&rarr;<\/span><\/a><\/p>\n","protected":false},"author":1,"featured_media":0,"comment_status":"open","ping_status":"open","sticky":false,"template":"","format":"standard","meta":{"jetpack_post_was_ever_published":false,"_jetpack_newsletter_access":"","_jetpack_dont_email_post_to_subs":false,"_jetpack_newsletter_tier_id":0,"_jetpack_memberships_contains_paywalled_content":false,"_jetpack_memberships_contains_paid_content":false,"footnotes":"","jetpack_publicize_message":"","jetpack_publicize_feature_enabled":true,"jetpack_social_post_already_shared":true,"jetpack_social_options":{"image_generator_settings":{"template":"highway","default_image_id":0,"font":"","enabled":false},"version":2}},"categories":[4],"tags":[14],"class_list":["post-762","post","type-post","status-publish","format-standard","hentry","category-tratamientos-lucha-contra-el-picudo-negro","tag-tratamientos-picudo-negro"],"yoast_head":"<!-- This site is optimized with the Yoast SEO plugin v27.4 - https:\/\/yoast.com\/product\/yoast-seo-wordpress\/ -->\n<title>PITAS fuera del listado de invasoras de ALMER\u00cdA - EL PICUDO NEGRO<\/title>\n<meta name=\"description\" content=\"El consejero de Medio Ambiente Jos\u00e9 Fiscal, pretende &quot;modificar&quot; la norma de las especies invasoras y hacer &quot;una excepci\u00f3n&quot; con el cangrejo rojo.\" \/>\n<meta name=\"robots\" content=\"index, follow, max-snippet:-1, max-image-preview:large, max-video-preview:-1\" \/>\n<link rel=\"canonical\" href=\"https:\/\/elpicudonegro.com\/web\/2016\/06\/18\/pitas-del-listado-invasoras-almeria\/\" \/>\n<meta property=\"og:locale\" content=\"es_ES\" \/>\n<meta property=\"og:type\" content=\"article\" \/>\n<meta property=\"og:title\" content=\"PITAS fuera del listado de invasoras de ALMER\u00cdA - EL PICUDO NEGRO\" \/>\n<meta property=\"og:description\" content=\"El consejero de Medio Ambiente Jos\u00e9 Fiscal, pretende &quot;modificar&quot; la norma de las especies invasoras y hacer &quot;una excepci\u00f3n&quot; con el cangrejo rojo.\" \/>\n<meta property=\"og:url\" content=\"https:\/\/elpicudonegro.com\/web\/2016\/06\/18\/pitas-del-listado-invasoras-almeria\/\" \/>\n<meta property=\"og:site_name\" content=\"EL PICUDO NEGRO\" \/>\n<meta property=\"article:published_time\" content=\"2016-06-18T07:20:11+00:00\" \/>\n<meta property=\"article:modified_time\" content=\"2016-06-18T07:51:13+00:00\" \/>\n<meta property=\"og:image\" content=\"http:\/\/elpicudonegro.com\/web\/wp-content\/uploads\/2016\/06\/antigua-2-300x268.jpg\" \/>\n<meta name=\"author\" content=\"administrador\" \/>\n<meta name=\"twitter:card\" content=\"summary_large_image\" \/>\n<meta name=\"twitter:label1\" content=\"Escrito por\" \/>\n\t<meta name=\"twitter:data1\" content=\"administrador\" \/>\n\t<meta name=\"twitter:label2\" content=\"Tiempo de lectura\" \/>\n\t<meta name=\"twitter:data2\" content=\"1 minuto\" \/>\n<script type=\"application\/ld+json\" class=\"yoast-schema-graph\">{\"@context\":\"https:\\\/\\\/schema.org\",\"@graph\":[{\"@type\":\"Article\",\"@id\":\"https:\\\/\\\/elpicudonegro.com\\\/web\\\/2016\\\/06\\\/18\\\/pitas-del-listado-invasoras-almeria\\\/#article\",\"isPartOf\":{\"@id\":\"https:\\\/\\\/elpicudonegro.com\\\/web\\\/2016\\\/06\\\/18\\\/pitas-del-listado-invasoras-almeria\\\/\"},\"author\":{\"name\":\"administrador\",\"@id\":\"https:\\\/\\\/elpicudonegro.com\\\/web\\\/#\\\/schema\\\/person\\\/94d2eca306e3e8bd545803f8d23f19d1\"},\"headline\":\"PITAS fuera del listado de invasoras de ALMER\u00cdA\",\"datePublished\":\"2016-06-18T07:20:11+00:00\",\"dateModified\":\"2016-06-18T07:51:13+00:00\",\"mainEntityOfPage\":{\"@id\":\"https:\\\/\\\/elpicudonegro.com\\\/web\\\/2016\\\/06\\\/18\\\/pitas-del-listado-invasoras-almeria\\\/\"},\"wordCount\":235,\"commentCount\":1,\"image\":{\"@id\":\"https:\\\/\\\/elpicudonegro.com\\\/web\\\/2016\\\/06\\\/18\\\/pitas-del-listado-invasoras-almeria\\\/#primaryimage\"},\"thumbnailUrl\":\"http:\\\/\\\/elpicudonegro.com\\\/web\\\/wp-content\\\/uploads\\\/2016\\\/06\\\/antigua-2-300x268.jpg\",\"keywords\":[\"tratamientos picudo negro\"],\"articleSection\":[\"TRATAMIENTOS contra el picudo negro\"],\"inLanguage\":\"es\",\"potentialAction\":[{\"@type\":\"CommentAction\",\"name\":\"Comment\",\"target\":[\"https:\\\/\\\/elpicudonegro.com\\\/web\\\/2016\\\/06\\\/18\\\/pitas-del-listado-invasoras-almeria\\\/#respond\"]}]},{\"@type\":\"WebPage\",\"@id\":\"https:\\\/\\\/elpicudonegro.com\\\/web\\\/2016\\\/06\\\/18\\\/pitas-del-listado-invasoras-almeria\\\/\",\"url\":\"https:\\\/\\\/elpicudonegro.com\\\/web\\\/2016\\\/06\\\/18\\\/pitas-del-listado-invasoras-almeria\\\/\",\"name\":\"PITAS fuera del listado de invasoras de ALMER\u00cdA - EL PICUDO NEGRO\",\"isPartOf\":{\"@id\":\"https:\\\/\\\/elpicudonegro.com\\\/web\\\/#website\"},\"primaryImageOfPage\":{\"@id\":\"https:\\\/\\\/elpicudonegro.com\\\/web\\\/2016\\\/06\\\/18\\\/pitas-del-listado-invasoras-almeria\\\/#primaryimage\"},\"image\":{\"@id\":\"https:\\\/\\\/elpicudonegro.com\\\/web\\\/2016\\\/06\\\/18\\\/pitas-del-listado-invasoras-almeria\\\/#primaryimage\"},\"thumbnailUrl\":\"http:\\\/\\\/elpicudonegro.com\\\/web\\\/wp-content\\\/uploads\\\/2016\\\/06\\\/antigua-2-300x268.jpg\",\"datePublished\":\"2016-06-18T07:20:11+00:00\",\"dateModified\":\"2016-06-18T07:51:13+00:00\",\"author\":{\"@id\":\"https:\\\/\\\/elpicudonegro.com\\\/web\\\/#\\\/schema\\\/person\\\/94d2eca306e3e8bd545803f8d23f19d1\"},\"description\":\"El consejero de Medio Ambiente Jos\u00e9 Fiscal, pretende \\\"modificar\\\" la norma de las especies invasoras y hacer \\\"una excepci\u00f3n\\\" con el cangrejo rojo.\",\"breadcrumb\":{\"@id\":\"https:\\\/\\\/elpicudonegro.com\\\/web\\\/2016\\\/06\\\/18\\\/pitas-del-listado-invasoras-almeria\\\/#breadcrumb\"},\"inLanguage\":\"es\",\"potentialAction\":[{\"@type\":\"ReadAction\",\"target\":[\"https:\\\/\\\/elpicudonegro.com\\\/web\\\/2016\\\/06\\\/18\\\/pitas-del-listado-invasoras-almeria\\\/\"]}]},{\"@type\":\"ImageObject\",\"inLanguage\":\"es\",\"@id\":\"https:\\\/\\\/elpicudonegro.com\\\/web\\\/2016\\\/06\\\/18\\\/pitas-del-listado-invasoras-almeria\\\/#primaryimage\",\"url\":\"https:\\\/\\\/i0.wp.com\\\/elpicudonegro.com\\\/web\\\/wp-content\\\/uploads\\\/2016\\\/06\\\/antigua-2.jpg?fit=960%2C859&ssl=1\",\"contentUrl\":\"https:\\\/\\\/i0.wp.com\\\/elpicudonegro.com\\\/web\\\/wp-content\\\/uploads\\\/2016\\\/06\\\/antigua-2.jpg?fit=960%2C859&ssl=1\",\"width\":960,\"height\":859,\"caption\":\"Foto tomada a comienzos del siglo XX\"},{\"@type\":\"BreadcrumbList\",\"@id\":\"https:\\\/\\\/elpicudonegro.com\\\/web\\\/2016\\\/06\\\/18\\\/pitas-del-listado-invasoras-almeria\\\/#breadcrumb\",\"itemListElement\":[{\"@type\":\"ListItem\",\"position\":1,\"name\":\"Portada\",\"item\":\"https:\\\/\\\/elpicudonegro.com\\\/web\\\/\"},{\"@type\":\"ListItem\",\"position\":2,\"name\":\"PITAS fuera del listado de invasoras de ALMER\u00cdA\"}]},{\"@type\":\"WebSite\",\"@id\":\"https:\\\/\\\/elpicudonegro.com\\\/web\\\/#website\",\"url\":\"https:\\\/\\\/elpicudonegro.com\\\/web\\\/\",\"name\":\"EL PICUDO NEGRO\",\"description\":\"Control de la plaga de picudo negro en las pitas de Almeria\",\"potentialAction\":[{\"@type\":\"SearchAction\",\"target\":{\"@type\":\"EntryPoint\",\"urlTemplate\":\"https:\\\/\\\/elpicudonegro.com\\\/web\\\/?s={search_term_string}\"},\"query-input\":{\"@type\":\"PropertyValueSpecification\",\"valueRequired\":true,\"valueName\":\"search_term_string\"}}],\"inLanguage\":\"es\"},{\"@type\":\"Person\",\"@id\":\"https:\\\/\\\/elpicudonegro.com\\\/web\\\/#\\\/schema\\\/person\\\/94d2eca306e3e8bd545803f8d23f19d1\",\"name\":\"administrador\",\"image\":{\"@type\":\"ImageObject\",\"inLanguage\":\"es\",\"@id\":\"https:\\\/\\\/secure.gravatar.com\\\/avatar\\\/7a8b4df9d6c0d9e6ae7583f139d0d0dfea955d3a05ac5a6a6961b1a34334d20b?s=96&d=mm&r=g\",\"url\":\"https:\\\/\\\/secure.gravatar.com\\\/avatar\\\/7a8b4df9d6c0d9e6ae7583f139d0d0dfea955d3a05ac5a6a6961b1a34334d20b?s=96&d=mm&r=g\",\"contentUrl\":\"https:\\\/\\\/secure.gravatar.com\\\/avatar\\\/7a8b4df9d6c0d9e6ae7583f139d0d0dfea955d3a05ac5a6a6961b1a34334d20b?s=96&d=mm&r=g\",\"caption\":\"administrador\"},\"url\":\"https:\\\/\\\/elpicudonegro.com\\\/web\\\/author\\\/administrador\\\/\"}]}<\/script>\n<!-- \/ Yoast SEO plugin. -->","yoast_head_json":{"title":"PITAS fuera del listado de invasoras de ALMER\u00cdA - EL PICUDO NEGRO","description":"El consejero de Medio Ambiente Jos\u00e9 Fiscal, pretende \"modificar\" la norma de las especies invasoras y hacer \"una excepci\u00f3n\" con el cangrejo rojo.","robots":{"index":"index","follow":"follow","max-snippet":"max-snippet:-1","max-image-preview":"max-image-preview:large","max-video-preview":"max-video-preview:-1"},"canonical":"https:\/\/elpicudonegro.com\/web\/2016\/06\/18\/pitas-del-listado-invasoras-almeria\/","og_locale":"es_ES","og_type":"article","og_title":"PITAS fuera del listado de invasoras de ALMER\u00cdA - EL PICUDO NEGRO","og_description":"El consejero de Medio Ambiente Jos\u00e9 Fiscal, pretende \"modificar\" la norma de las especies invasoras y hacer \"una excepci\u00f3n\" con el cangrejo rojo.","og_url":"https:\/\/elpicudonegro.com\/web\/2016\/06\/18\/pitas-del-listado-invasoras-almeria\/","og_site_name":"EL PICUDO NEGRO","article_published_time":"2016-06-18T07:20:11+00:00","article_modified_time":"2016-06-18T07:51:13+00:00","og_image":[{"url":"http:\/\/elpicudonegro.com\/web\/wp-content\/uploads\/2016\/06\/antigua-2-300x268.jpg","type":"","width":"","height":""}],"author":"administrador","twitter_card":"summary_large_image","twitter_misc":{"Escrito por":"administrador","Tiempo de lectura":"1 minuto"},"schema":{"@context":"https:\/\/schema.org","@graph":[{"@type":"Article","@id":"https:\/\/elpicudonegro.com\/web\/2016\/06\/18\/pitas-del-listado-invasoras-almeria\/#article","isPartOf":{"@id":"https:\/\/elpicudonegro.com\/web\/2016\/06\/18\/pitas-del-listado-invasoras-almeria\/"},"author":{"name":"administrador","@id":"https:\/\/elpicudonegro.com\/web\/#\/schema\/person\/94d2eca306e3e8bd545803f8d23f19d1"},"headline":"PITAS fuera del listado de invasoras de ALMER\u00cdA","datePublished":"2016-06-18T07:20:11+00:00","dateModified":"2016-06-18T07:51:13+00:00","mainEntityOfPage":{"@id":"https:\/\/elpicudonegro.com\/web\/2016\/06\/18\/pitas-del-listado-invasoras-almeria\/"},"wordCount":235,"commentCount":1,"image":{"@id":"https:\/\/elpicudonegro.com\/web\/2016\/06\/18\/pitas-del-listado-invasoras-almeria\/#primaryimage"},"thumbnailUrl":"http:\/\/elpicudonegro.com\/web\/wp-content\/uploads\/2016\/06\/antigua-2-300x268.jpg","keywords":["tratamientos picudo negro"],"articleSection":["TRATAMIENTOS contra el picudo negro"],"inLanguage":"es","potentialAction":[{"@type":"CommentAction","name":"Comment","target":["https:\/\/elpicudonegro.com\/web\/2016\/06\/18\/pitas-del-listado-invasoras-almeria\/#respond"]}]},{"@type":"WebPage","@id":"https:\/\/elpicudonegro.com\/web\/2016\/06\/18\/pitas-del-listado-invasoras-almeria\/","url":"https:\/\/elpicudonegro.com\/web\/2016\/06\/18\/pitas-del-listado-invasoras-almeria\/","name":"PITAS fuera del listado de invasoras de ALMER\u00cdA - EL PICUDO NEGRO","isPartOf":{"@id":"https:\/\/elpicudonegro.com\/web\/#website"},"primaryImageOfPage":{"@id":"https:\/\/elpicudonegro.com\/web\/2016\/06\/18\/pitas-del-listado-invasoras-almeria\/#primaryimage"},"image":{"@id":"https:\/\/elpicudonegro.com\/web\/2016\/06\/18\/pitas-del-listado-invasoras-almeria\/#primaryimage"},"thumbnailUrl":"http:\/\/elpicudonegro.com\/web\/wp-content\/uploads\/2016\/06\/antigua-2-300x268.jpg","datePublished":"2016-06-18T07:20:11+00:00","dateModified":"2016-06-18T07:51:13+00:00","author":{"@id":"https:\/\/elpicudonegro.com\/web\/#\/schema\/person\/94d2eca306e3e8bd545803f8d23f19d1"},"description":"El consejero de Medio Ambiente Jos\u00e9 Fiscal, pretende \"modificar\" la norma de las especies invasoras y hacer \"una excepci\u00f3n\" con el cangrejo rojo.","breadcrumb":{"@id":"https:\/\/elpicudonegro.com\/web\/2016\/06\/18\/pitas-del-listado-invasoras-almeria\/#breadcrumb"},"inLanguage":"es","potentialAction":[{"@type":"ReadAction","target":["https:\/\/elpicudonegro.com\/web\/2016\/06\/18\/pitas-del-listado-invasoras-almeria\/"]}]},{"@type":"ImageObject","inLanguage":"es","@id":"https:\/\/elpicudonegro.com\/web\/2016\/06\/18\/pitas-del-listado-invasoras-almeria\/#primaryimage","url":"https:\/\/i0.wp.com\/elpicudonegro.com\/web\/wp-content\/uploads\/2016\/06\/antigua-2.jpg?fit=960%2C859&ssl=1","contentUrl":"https:\/\/i0.wp.com\/elpicudonegro.com\/web\/wp-content\/uploads\/2016\/06\/antigua-2.jpg?fit=960%2C859&ssl=1","width":960,"height":859,"caption":"Foto tomada a comienzos del siglo XX"},{"@type":"BreadcrumbList","@id":"https:\/\/elpicudonegro.com\/web\/2016\/06\/18\/pitas-del-listado-invasoras-almeria\/#breadcrumb","itemListElement":[{"@type":"ListItem","position":1,"name":"Portada","item":"https:\/\/elpicudonegro.com\/web\/"},{"@type":"ListItem","position":2,"name":"PITAS fuera del listado de invasoras de ALMER\u00cdA"}]},{"@type":"WebSite","@id":"https:\/\/elpicudonegro.com\/web\/#website","url":"https:\/\/elpicudonegro.com\/web\/","name":"EL PICUDO NEGRO","description":"Control de la plaga de picudo negro en las pitas de Almeria","potentialAction":[{"@type":"SearchAction","target":{"@type":"EntryPoint","urlTemplate":"https:\/\/elpicudonegro.com\/web\/?s={search_term_string}"},"query-input":{"@type":"PropertyValueSpecification","valueRequired":true,"valueName":"search_term_string"}}],"inLanguage":"es"},{"@type":"Person","@id":"https:\/\/elpicudonegro.com\/web\/#\/schema\/person\/94d2eca306e3e8bd545803f8d23f19d1","name":"administrador","image":{"@type":"ImageObject","inLanguage":"es","@id":"https:\/\/secure.gravatar.com\/avatar\/7a8b4df9d6c0d9e6ae7583f139d0d0dfea955d3a05ac5a6a6961b1a34334d20b?s=96&d=mm&r=g","url":"https:\/\/secure.gravatar.com\/avatar\/7a8b4df9d6c0d9e6ae7583f139d0d0dfea955d3a05ac5a6a6961b1a34334d20b?s=96&d=mm&r=g","contentUrl":"https:\/\/secure.gravatar.com\/avatar\/7a8b4df9d6c0d9e6ae7583f139d0d0dfea955d3a05ac5a6a6961b1a34334d20b?s=96&d=mm&r=g","caption":"administrador"},"url":"https:\/\/elpicudonegro.com\/web\/author\/administrador\/"}]}},"jetpack_publicize_connections":[],"jetpack_featured_media_url":"","jetpack_sharing_enabled":true,"jetpack_shortlink":"https:\/\/wp.me\/p7lxPt-ci","jetpack-related-posts":[],"_links":{"self":[{"href":"https:\/\/elpicudonegro.com\/web\/wp-json\/wp\/v2\/posts\/762","targetHints":{"allow":["GET"]}}],"collection":[{"href":"https:\/\/elpicudonegro.com\/web\/wp-json\/wp\/v2\/posts"}],"about":[{"href":"https:\/\/elpicudonegro.com\/web\/wp-json\/wp\/v2\/types\/post"}],"author":[{"embeddable":true,"href":"https:\/\/elpicudonegro.com\/web\/wp-json\/wp\/v2\/users\/1"}],"replies":[{"embeddable":true,"href":"https:\/\/elpicudonegro.com\/web\/wp-json\/wp\/v2\/comments?post=762"}],"version-history":[{"count":9,"href":"https:\/\/elpicudonegro.com\/web\/wp-json\/wp\/v2\/posts\/762\/revisions"}],"predecessor-version":[{"id":772,"href":"https:\/\/elpicudonegro.com\/web\/wp-json\/wp\/v2\/posts\/762\/revisions\/772"}],"wp:attachment":[{"href":"https:\/\/elpicudonegro.com\/web\/wp-json\/wp\/v2\/media?parent=762"}],"wp:term":[{"taxonomy":"category","embeddable":true,"href":"https:\/\/elpicudonegro.com\/web\/wp-json\/wp\/v2\/categories?post=762"},{"taxonomy":"post_tag","embeddable":true,"href":"https:\/\/elpicudonegro.com\/web\/wp-json\/wp\/v2\/tags?post=762"}],"curies":[{"name":"wp","href":"https:\/\/api.w.org\/{rel}","templated":true}]}}