{"id":806,"date":"2016-07-17T11:08:36","date_gmt":"2016-07-17T11:08:36","guid":{"rendered":"http:\/\/elpicudonegro.com\/web\/?p=806"},"modified":"2016-07-21T22:15:12","modified_gmt":"2016-07-21T22:15:12","slug":"especies-exoticas-invasoras","status":"publish","type":"post","link":"https:\/\/elpicudonegro.com\/web\/2016\/07\/17\/especies-exoticas-invasoras\/","title":{"rendered":"Reflexi\u00f3n sobre especies ex\u00f3ticas invasoras"},"content":{"rendered":"<p style=\"text-align: justify;\">La generalizaci\u00f3n sobre el concepto de especies ex\u00f3ticas invasoras es uno de los problemas m\u00e1s importantes que tenemos en la actualidad de cara la gesti\u00f3n del medio natural y la conservaci\u00f3n de la Biodiversidad.<\/p>\n<p style=\"text-align: justify;\">Las especies al\u00f3ctonas (ex\u00f3ticas) <strong>no suponen<\/strong> la gran amenaza para la Biodiversidad mundial, antes nos encontramos con peores amenazas como la contaminaci\u00f3n, el cambio clim\u00e1tico, las guerras, el desarrollo industrial, los cambios de uso del suelo y sobre todo la escasez del agua dulce.<\/p>\n<p style=\"text-align: justify;\">A nivel local en el sudeste ib\u00e9rico, no solo en Almer\u00eda, las circunstancias concretas del territorio y su modelo de desarrollo afectan de manera particular en la p\u00e9rdida de Biodiversidad. Tampoco en este \u00e1mbito son las especies ex\u00f3ticas las responsables.<\/p>\n<blockquote>\n<figure id=\"attachment_807\" aria-describedby=\"caption-attachment-807\" style=\"width: 350px\" class=\"wp-caption aligncenter\"><img data-recalc-dims=\"1\" loading=\"lazy\" decoding=\"async\" data-attachment-id=\"807\" data-permalink=\"https:\/\/elpicudonegro.com\/web\/2016\/07\/17\/especies-exoticas-invasoras\/arto-blanco-frente-invernadero\/\" data-orig-file=\"https:\/\/i0.wp.com\/elpicudonegro.com\/web\/wp-content\/uploads\/2016\/07\/Arto-blanco-frente-invernadero.jpg?fit=3072%2C1728&amp;ssl=1\" data-orig-size=\"3072,1728\" data-comments-opened=\"1\" data-image-meta=\"{&quot;aperture&quot;:&quot;0&quot;,&quot;credit&quot;:&quot;&quot;,&quot;camera&quot;:&quot;&quot;,&quot;caption&quot;:&quot;&quot;,&quot;created_timestamp&quot;:&quot;0&quot;,&quot;copyright&quot;:&quot;&quot;,&quot;focal_length&quot;:&quot;0&quot;,&quot;iso&quot;:&quot;0&quot;,&quot;shutter_speed&quot;:&quot;0&quot;,&quot;title&quot;:&quot;&quot;,&quot;orientation&quot;:&quot;0&quot;}\" data-image-title=\"Arto blanco frente invernadero\" data-image-description=\"\" data-image-caption=\"&lt;p&gt;Ziziphus lotus (arto blanco o azufaifo) testigo del desarrollo industrial&lt;\/p&gt;\n\" data-large-file=\"https:\/\/i0.wp.com\/elpicudonegro.com\/web\/wp-content\/uploads\/2016\/07\/Arto-blanco-frente-invernadero.jpg?fit=474%2C267&amp;ssl=1\" class=\" wp-image-807\" src=\"https:\/\/i0.wp.com\/elpicudonegro.com\/web\/wp-content\/uploads\/2016\/07\/Arto-blanco-frente-invernadero.jpg?resize=350%2C197\" alt=\"Ziziphus lotus (arto blanco o azufaifo) testigo del desarrollo industrial\" width=\"350\" height=\"197\" srcset=\"https:\/\/i0.wp.com\/elpicudonegro.com\/web\/wp-content\/uploads\/2016\/07\/Arto-blanco-frente-invernadero.jpg?resize=300%2C169&amp;ssl=1 300w, https:\/\/i0.wp.com\/elpicudonegro.com\/web\/wp-content\/uploads\/2016\/07\/Arto-blanco-frente-invernadero.jpg?resize=768%2C432&amp;ssl=1 768w, https:\/\/i0.wp.com\/elpicudonegro.com\/web\/wp-content\/uploads\/2016\/07\/Arto-blanco-frente-invernadero.jpg?resize=1024%2C576&amp;ssl=1 1024w, https:\/\/i0.wp.com\/elpicudonegro.com\/web\/wp-content\/uploads\/2016\/07\/Arto-blanco-frente-invernadero.jpg?w=948 948w, https:\/\/i0.wp.com\/elpicudonegro.com\/web\/wp-content\/uploads\/2016\/07\/Arto-blanco-frente-invernadero.jpg?w=1422 1422w\" sizes=\"auto, (max-width: 350px) 100vw, 350px\" \/><figcaption id=\"caption-attachment-807\" class=\"wp-caption-text\"><span style=\"text-decoration: underline;\">Ziziphus lotus<\/span> (arto blanco o azufaifo) \u00abtestigo\u00bb del desarrollo industrial<\/figcaption><\/figure><\/blockquote>\n<p style=\"text-align: justify;\">Particularizando, a las amenazas citadas antes, podemos a\u00f1adir el desarrollo de la agricultura \u201cindustrial\u201d, el desarrollo urban\u00edstico insostenible y la sobreexplotaci\u00f3n de acu\u00edferos.<\/p>\n<p style=\"text-align: justify;\">Una parte de la comunidad cient\u00edfica propone uno de los grandes principios de nuestro tiempo, elegir un momento concreto de nuestro pasado y convertirlo en paradigma de la conservaci\u00f3n, otorgando una generosa <strong>financiaci\u00f3n p\u00fablica<\/strong> y derechos ilimitados de <strong>ocupaci\u00f3n<\/strong> en el futuro a las especies elegidas, y sometiendo a una persecuci\u00f3n feroz a las especies fuera de este grupo.<\/p>\n<p style=\"text-align: justify;\">La visi\u00f3n del mundo en blanco y negro, lo nativo es bueno y lo for\u00e1neo es malo es justificado haciendo hincapi\u00e9 en <strong>unas pocas especies<\/strong> que causan perjuicios econ\u00f3micos o medioambientales.<\/p>\n<figure id=\"attachment_808\" aria-describedby=\"caption-attachment-808\" style=\"width: 348px\" class=\"wp-caption aligncenter\"><img data-recalc-dims=\"1\" loading=\"lazy\" decoding=\"async\" data-attachment-id=\"808\" data-permalink=\"https:\/\/elpicudonegro.com\/web\/2016\/07\/17\/especies-exoticas-invasoras\/ziziphus-entre-pitas\/\" data-orig-file=\"https:\/\/i0.wp.com\/elpicudonegro.com\/web\/wp-content\/uploads\/2016\/07\/ziziphus-entre-pitas.jpg?fit=3072%2C1728&amp;ssl=1\" data-orig-size=\"3072,1728\" data-comments-opened=\"1\" data-image-meta=\"{&quot;aperture&quot;:&quot;0&quot;,&quot;credit&quot;:&quot;&quot;,&quot;camera&quot;:&quot;&quot;,&quot;caption&quot;:&quot;&quot;,&quot;created_timestamp&quot;:&quot;0&quot;,&quot;copyright&quot;:&quot;&quot;,&quot;focal_length&quot;:&quot;0&quot;,&quot;iso&quot;:&quot;0&quot;,&quot;shutter_speed&quot;:&quot;0&quot;,&quot;title&quot;:&quot;&quot;,&quot;orientation&quot;:&quot;0&quot;}\" data-image-title=\"ziziphus entre pitas\" data-image-description=\"\" data-image-caption=\"&lt;p&gt;Arto blanco o azufaifo entre pitacas&lt;\/p&gt;\n\" data-large-file=\"https:\/\/i0.wp.com\/elpicudonegro.com\/web\/wp-content\/uploads\/2016\/07\/ziziphus-entre-pitas.jpg?fit=474%2C267&amp;ssl=1\" class=\" wp-image-808\" src=\"https:\/\/i0.wp.com\/elpicudonegro.com\/web\/wp-content\/uploads\/2016\/07\/ziziphus-entre-pitas.jpg?resize=348%2C196\" alt=\"Arto blanco o azufaifo entre pitacas\" width=\"348\" height=\"196\" srcset=\"https:\/\/i0.wp.com\/elpicudonegro.com\/web\/wp-content\/uploads\/2016\/07\/ziziphus-entre-pitas.jpg?resize=300%2C169&amp;ssl=1 300w, https:\/\/i0.wp.com\/elpicudonegro.com\/web\/wp-content\/uploads\/2016\/07\/ziziphus-entre-pitas.jpg?resize=768%2C432&amp;ssl=1 768w, https:\/\/i0.wp.com\/elpicudonegro.com\/web\/wp-content\/uploads\/2016\/07\/ziziphus-entre-pitas.jpg?resize=1024%2C576&amp;ssl=1 1024w, https:\/\/i0.wp.com\/elpicudonegro.com\/web\/wp-content\/uploads\/2016\/07\/ziziphus-entre-pitas.jpg?w=948 948w, https:\/\/i0.wp.com\/elpicudonegro.com\/web\/wp-content\/uploads\/2016\/07\/ziziphus-entre-pitas.jpg?w=1422 1422w\" sizes=\"auto, (max-width: 348px) 100vw, 348px\" \/><figcaption id=\"caption-attachment-808\" class=\"wp-caption-text\">Arto blanco o azufaifo entre pitacas<\/figcaption><\/figure>\n<p style=\"text-align: justify;\"><u>Los medios de comunicaci\u00f3n aceptan sin m\u00e1s estas ideas, el miedo a lo for\u00e1neo es f\u00e1cil de transmitir y adem\u00e1s a quien las cuestiona se le considera un hereje.<\/u><\/p>\n<p style=\"text-align: justify;\">En Almer\u00eda asistimos a la <strong>persecuci\u00f3n<\/strong> de los AGAVES (pitas) por parte de la Administraci\u00f3n, guiada b\u00e1sicamente por un grupo de personajes de reconocido prestigio y t\u00e9cnicos de alta cualificaci\u00f3n, cercanas a los puestos de decisi\u00f3n, aunque con esa visi\u00f3n integrista que explicamos anteriormente. Nos consta que no es una visi\u00f3n \u00fanica, muchos otros t\u00e9cnicos tienen un criterio m\u00e1s amplio de la gesti\u00f3n medioambiental, .<\/p>\n<figure id=\"attachment_811\" aria-describedby=\"caption-attachment-811\" style=\"width: 370px\" class=\"wp-caption aligncenter\"><img data-recalc-dims=\"1\" loading=\"lazy\" decoding=\"async\" data-attachment-id=\"811\" data-permalink=\"https:\/\/elpicudonegro.com\/web\/2016\/07\/17\/especies-exoticas-invasoras\/maytenus-entre-pitas\/\" data-orig-file=\"https:\/\/i0.wp.com\/elpicudonegro.com\/web\/wp-content\/uploads\/2016\/07\/Maytenus-entre-pitas.jpg?fit=3072%2C1728&amp;ssl=1\" data-orig-size=\"3072,1728\" data-comments-opened=\"1\" data-image-meta=\"{&quot;aperture&quot;:&quot;0&quot;,&quot;credit&quot;:&quot;&quot;,&quot;camera&quot;:&quot;&quot;,&quot;caption&quot;:&quot;&quot;,&quot;created_timestamp&quot;:&quot;0&quot;,&quot;copyright&quot;:&quot;&quot;,&quot;focal_length&quot;:&quot;0&quot;,&quot;iso&quot;:&quot;0&quot;,&quot;shutter_speed&quot;:&quot;0&quot;,&quot;title&quot;:&quot;&quot;,&quot;orientation&quot;:&quot;0&quot;}\" data-image-title=\"Maytenus entre pitas\" data-image-description=\"\" data-image-caption=\"&lt;p&gt;Maytenus senegalensis (arto o arto negro) compariendo espacio con pitas&lt;\/p&gt;\n\" data-large-file=\"https:\/\/i0.wp.com\/elpicudonegro.com\/web\/wp-content\/uploads\/2016\/07\/Maytenus-entre-pitas.jpg?fit=474%2C267&amp;ssl=1\" class=\" wp-image-811\" src=\"https:\/\/i0.wp.com\/elpicudonegro.com\/web\/wp-content\/uploads\/2016\/07\/Maytenus-entre-pitas.jpg?resize=370%2C208\" alt=\"Maytenus senegalensis (arto o arto negro) compariendo espacio con pitas\" width=\"370\" height=\"208\" srcset=\"https:\/\/i0.wp.com\/elpicudonegro.com\/web\/wp-content\/uploads\/2016\/07\/Maytenus-entre-pitas.jpg?resize=300%2C169&amp;ssl=1 300w, https:\/\/i0.wp.com\/elpicudonegro.com\/web\/wp-content\/uploads\/2016\/07\/Maytenus-entre-pitas.jpg?resize=768%2C432&amp;ssl=1 768w, https:\/\/i0.wp.com\/elpicudonegro.com\/web\/wp-content\/uploads\/2016\/07\/Maytenus-entre-pitas.jpg?resize=1024%2C576&amp;ssl=1 1024w, https:\/\/i0.wp.com\/elpicudonegro.com\/web\/wp-content\/uploads\/2016\/07\/Maytenus-entre-pitas.jpg?w=948 948w, https:\/\/i0.wp.com\/elpicudonegro.com\/web\/wp-content\/uploads\/2016\/07\/Maytenus-entre-pitas.jpg?w=1422 1422w\" sizes=\"auto, (max-width: 370px) 100vw, 370px\" \/><figcaption id=\"caption-attachment-811\" class=\"wp-caption-text\"><em><span style=\"text-decoration: underline;\">Maytenus senegalensis<\/span><\/em> (arto o arto negro) compartiendo espacio con pitas<\/figcaption><\/figure>\n<p style=\"text-align: justify;\">Muy recientemente se ha publicado en \u201cEL ECO DEL PARQUE\u201d (revista de larga trayectoria conservacionista) promovida por la <strong>Asociaci\u00f3n de Amigos del P.N. de Cabo de Gata<\/strong>, una muestra muy interesante, de las diferentes l\u00edneas de trabajo que se proponen sobre nuestras PITAS.<\/p>\n<p style=\"text-align: justify;\"><a href=\"http:\/\/www.cabodegata.net\/eseco005b.html\" target=\"_blank\"><strong>La primera<\/strong> (pincha enlace)<\/a> es la defendida <strong>en este sitio,\u00a0<\/strong> que en una exposici\u00f3n muy breve, pues se remite a elpicudonegro.com, se resumen las propuestas de actuaci\u00f3n en defensa del patrimonio cultural y etnogr\u00e1fico que representan las pitas. Por mucho que se repita, las pitas en Almer\u00eda no son invasoras.<\/p>\n<p style=\"text-align: justify;\"><a href=\"http:\/\/www.cabodegata.net\/eseco005i.html\" target=\"_blank\"><strong>La segunda <\/strong>(pincha enlace)<\/a> es la defendida por la<strong> Administraci\u00f3n<\/strong>, donde se constata <em>la <\/em><em>\u201c<\/em><u><em>xenofobia<\/em> <em>bot\u00e1nica<\/em><\/u><em>\u201d<\/em> dirigida sobre unas especies (los agaves) que forman parte del coraz\u00f3n de Almer\u00eda y son una singularidad de primer orden en la provincia.<\/p>\n<figure id=\"attachment_812\" aria-describedby=\"caption-attachment-812\" style=\"width: 354px\" class=\"wp-caption aligncenter\"><img data-recalc-dims=\"1\" loading=\"lazy\" decoding=\"async\" data-attachment-id=\"812\" data-permalink=\"https:\/\/elpicudonegro.com\/web\/2016\/07\/17\/especies-exoticas-invasoras\/foto-consejeria-de-ma-parque-natural-cabo-de-gata\/\" data-orig-file=\"https:\/\/i0.wp.com\/elpicudonegro.com\/web\/wp-content\/uploads\/2016\/07\/foto-Consejeria-de-MA-Parque-natural-Cabo-de-Gata.jpg?fit=1024%2C683&amp;ssl=1\" data-orig-size=\"1024,683\" data-comments-opened=\"1\" data-image-meta=\"{&quot;aperture&quot;:&quot;0&quot;,&quot;credit&quot;:&quot;&quot;,&quot;camera&quot;:&quot;&quot;,&quot;caption&quot;:&quot;&quot;,&quot;created_timestamp&quot;:&quot;0&quot;,&quot;copyright&quot;:&quot;&quot;,&quot;focal_length&quot;:&quot;0&quot;,&quot;iso&quot;:&quot;0&quot;,&quot;shutter_speed&quot;:&quot;0&quot;,&quot;title&quot;:&quot;&quot;,&quot;orientation&quot;:&quot;0&quot;}\" data-image-title=\"foto Consejeria de MA Parque natural Cabo de Gata\" data-image-description=\"\" data-image-caption=\"&lt;p&gt;Foto extraida de la WEB de la Consejer\u00eda de Medio Ambiente&lt;\/p&gt;\n\" data-large-file=\"https:\/\/i0.wp.com\/elpicudonegro.com\/web\/wp-content\/uploads\/2016\/07\/foto-Consejeria-de-MA-Parque-natural-Cabo-de-Gata.jpg?fit=474%2C316&amp;ssl=1\" class=\" wp-image-812\" src=\"https:\/\/i0.wp.com\/elpicudonegro.com\/web\/wp-content\/uploads\/2016\/07\/foto-Consejeria-de-MA-Parque-natural-Cabo-de-Gata.jpg?resize=354%2C236\" alt=\"Foto extraida de la WEB de la Consejer\u00eda de Medio Ambiente\" width=\"354\" height=\"236\" srcset=\"https:\/\/i0.wp.com\/elpicudonegro.com\/web\/wp-content\/uploads\/2016\/07\/foto-Consejeria-de-MA-Parque-natural-Cabo-de-Gata.jpg?resize=300%2C200&amp;ssl=1 300w, https:\/\/i0.wp.com\/elpicudonegro.com\/web\/wp-content\/uploads\/2016\/07\/foto-Consejeria-de-MA-Parque-natural-Cabo-de-Gata.jpg?resize=768%2C512&amp;ssl=1 768w, https:\/\/i0.wp.com\/elpicudonegro.com\/web\/wp-content\/uploads\/2016\/07\/foto-Consejeria-de-MA-Parque-natural-Cabo-de-Gata.jpg?w=1024&amp;ssl=1 1024w, https:\/\/i0.wp.com\/elpicudonegro.com\/web\/wp-content\/uploads\/2016\/07\/foto-Consejeria-de-MA-Parque-natural-Cabo-de-Gata.jpg?w=948 948w\" sizes=\"auto, (max-width: 354px) 100vw, 354px\" \/><figcaption id=\"caption-attachment-812\" class=\"wp-caption-text\">Preciosa foto extraida de la WEB de la Consejer\u00eda de Medio Ambiente<\/figcaption><\/figure>\n<p style=\"text-align: justify;\">Volvemos a insistir en la necesidad de <strong>no generalizar<\/strong> cuando se hable de \u201cespecies invasoras\u201d. Pongamos un claro y cercano ejemplo: Es muy posible que si se plantaran pitas en un \u201cCANUTO\u201d gaditano se pudiera plantear un problema de competencia con las especies integrantes de esos ecosistemas. En Almer\u00eda? En un territorio con una precipitaci\u00f3n de apenas 200 mm\/a\u00f1o esa situaci\u00f3n es\u2026. Contesten ustedes.<\/p>\n<p style=\"text-align: justify;\">PARA TERMINAR RECORDAMOS NUESTRA 1\u00aa PROPUESTA PARA EL CONTROL DE LA PLAGA DE PICUDO NEGRO:<br \/>\n<strong>\u201cAGAVE AMERICANA L. (PITA O ALZABARA) FUERA DEL LISTADO DE INVASORAS EN ALMER\u00cdA<\/strong>\u201d<\/p>\n<p style=\"text-align: justify;\">GRACIAS<\/p>\n<p style=\"text-align: justify;\">Aut\u00f3ctono=nativo<br \/>\nEx\u00f3tico= al\u00f3ctono= for\u00e1neo<\/p>\n","protected":false},"excerpt":{"rendered":"<p>La generalizaci\u00f3n sobre el concepto de especies ex\u00f3ticas invasoras es uno de los problemas m\u00e1s importantes que tenemos en la actualidad de cara la gesti\u00f3n del medio natural y la conservaci\u00f3n de la Biodiversidad. Las especies al\u00f3ctonas (ex\u00f3ticas) no suponen la gran amenaza para la Biodiversidad mundial, antes nos encontramos con peores amenazas como la &hellip; <a href=\"https:\/\/elpicudonegro.com\/web\/2016\/07\/17\/especies-exoticas-invasoras\/\" class=\"more-link\">Seguir leyendo <span class=\"screen-reader-text\">Reflexi\u00f3n sobre especies ex\u00f3ticas invasoras<\/span> <span class=\"meta-nav\">&rarr;<\/span><\/a><\/p>\n","protected":false},"author":1,"featured_media":0,"comment_status":"open","ping_status":"open","sticky":false,"template":"","format":"standard","meta":{"jetpack_post_was_ever_published":false,"_jetpack_newsletter_access":"","_jetpack_dont_email_post_to_subs":false,"_jetpack_newsletter_tier_id":0,"_jetpack_memberships_contains_paywalled_content":false,"_jetpack_memberships_contains_paid_content":false,"footnotes":"","jetpack_publicize_message":"","jetpack_publicize_feature_enabled":true,"jetpack_social_post_already_shared":true,"jetpack_social_options":{"image_generator_settings":{"template":"highway","default_image_id":0,"font":"","enabled":false},"version":2}},"categories":[3],"tags":[11],"class_list":["post-806","post","type-post","status-publish","format-standard","hentry","category-notas-prensa-sobre-picudo-negro","tag-picudo-negro-en-prensa"],"yoast_head":"<!-- This site is optimized with the Yoast SEO plugin v27.5 - https:\/\/yoast.com\/product\/yoast-seo-wordpress\/ -->\n<title>Reflexi\u00f3n sobre exoticas invasoras<\/title>\n<meta name=\"description\" content=\"La mayor amenaza para la Biodiversidad, no son las especies invasoras, si lo son el cambio clim\u00e1tico, el desarrollo industrial los cambios de uso del suelo\" \/>\n<meta name=\"robots\" content=\"index, follow, max-snippet:-1, max-image-preview:large, max-video-preview:-1\" \/>\n<link rel=\"canonical\" href=\"https:\/\/elpicudonegro.com\/web\/2016\/07\/17\/especies-exoticas-invasoras\/\" \/>\n<meta property=\"og:locale\" content=\"es_ES\" \/>\n<meta property=\"og:type\" content=\"article\" \/>\n<meta property=\"og:title\" content=\"Reflexi\u00f3n sobre exoticas invasoras\" \/>\n<meta property=\"og:description\" content=\"La mayor amenaza para la Biodiversidad, no son las especies invasoras, si lo son el cambio clim\u00e1tico, el desarrollo industrial los cambios de uso del suelo\" \/>\n<meta property=\"og:url\" content=\"https:\/\/elpicudonegro.com\/web\/2016\/07\/17\/especies-exoticas-invasoras\/\" \/>\n<meta property=\"og:site_name\" content=\"EL PICUDO NEGRO\" \/>\n<meta property=\"article:published_time\" content=\"2016-07-17T11:08:36+00:00\" \/>\n<meta property=\"article:modified_time\" content=\"2016-07-21T22:15:12+00:00\" \/>\n<meta property=\"og:image\" content=\"http:\/\/elpicudonegro.com\/web\/wp-content\/uploads\/2016\/07\/Arto-blanco-frente-invernadero-300x169.jpg\" \/>\n<meta name=\"author\" content=\"administrador\" \/>\n<meta name=\"twitter:card\" content=\"summary_large_image\" \/>\n<meta name=\"twitter:label1\" content=\"Escrito por\" \/>\n\t<meta name=\"twitter:data1\" content=\"administrador\" \/>\n\t<meta name=\"twitter:label2\" content=\"Tiempo de lectura\" \/>\n\t<meta name=\"twitter:data2\" content=\"3 minutos\" \/>\n<script type=\"application\/ld+json\" class=\"yoast-schema-graph\">{\"@context\":\"https:\\\/\\\/schema.org\",\"@graph\":[{\"@type\":\"Article\",\"@id\":\"https:\\\/\\\/elpicudonegro.com\\\/web\\\/2016\\\/07\\\/17\\\/especies-exoticas-invasoras\\\/#article\",\"isPartOf\":{\"@id\":\"https:\\\/\\\/elpicudonegro.com\\\/web\\\/2016\\\/07\\\/17\\\/especies-exoticas-invasoras\\\/\"},\"author\":{\"name\":\"administrador\",\"@id\":\"https:\\\/\\\/elpicudonegro.com\\\/web\\\/#\\\/schema\\\/person\\\/94d2eca306e3e8bd545803f8d23f19d1\"},\"headline\":\"Reflexi\u00f3n sobre especies ex\u00f3ticas invasoras\",\"datePublished\":\"2016-07-17T11:08:36+00:00\",\"dateModified\":\"2016-07-21T22:15:12+00:00\",\"mainEntityOfPage\":{\"@id\":\"https:\\\/\\\/elpicudonegro.com\\\/web\\\/2016\\\/07\\\/17\\\/especies-exoticas-invasoras\\\/\"},\"wordCount\":691,\"commentCount\":2,\"image\":{\"@id\":\"https:\\\/\\\/elpicudonegro.com\\\/web\\\/2016\\\/07\\\/17\\\/especies-exoticas-invasoras\\\/#primaryimage\"},\"thumbnailUrl\":\"http:\\\/\\\/elpicudonegro.com\\\/web\\\/wp-content\\\/uploads\\\/2016\\\/07\\\/Arto-blanco-frente-invernadero-300x169.jpg\",\"keywords\":[\"picudo negro en prensa\"],\"articleSection\":[\"Noticias en prensa sobre el PICUDO NEGRO\"],\"inLanguage\":\"es\",\"potentialAction\":[{\"@type\":\"CommentAction\",\"name\":\"Comment\",\"target\":[\"https:\\\/\\\/elpicudonegro.com\\\/web\\\/2016\\\/07\\\/17\\\/especies-exoticas-invasoras\\\/#respond\"]}]},{\"@type\":\"WebPage\",\"@id\":\"https:\\\/\\\/elpicudonegro.com\\\/web\\\/2016\\\/07\\\/17\\\/especies-exoticas-invasoras\\\/\",\"url\":\"https:\\\/\\\/elpicudonegro.com\\\/web\\\/2016\\\/07\\\/17\\\/especies-exoticas-invasoras\\\/\",\"name\":\"Reflexi\u00f3n sobre exoticas invasoras\",\"isPartOf\":{\"@id\":\"https:\\\/\\\/elpicudonegro.com\\\/web\\\/#website\"},\"primaryImageOfPage\":{\"@id\":\"https:\\\/\\\/elpicudonegro.com\\\/web\\\/2016\\\/07\\\/17\\\/especies-exoticas-invasoras\\\/#primaryimage\"},\"image\":{\"@id\":\"https:\\\/\\\/elpicudonegro.com\\\/web\\\/2016\\\/07\\\/17\\\/especies-exoticas-invasoras\\\/#primaryimage\"},\"thumbnailUrl\":\"http:\\\/\\\/elpicudonegro.com\\\/web\\\/wp-content\\\/uploads\\\/2016\\\/07\\\/Arto-blanco-frente-invernadero-300x169.jpg\",\"datePublished\":\"2016-07-17T11:08:36+00:00\",\"dateModified\":\"2016-07-21T22:15:12+00:00\",\"author\":{\"@id\":\"https:\\\/\\\/elpicudonegro.com\\\/web\\\/#\\\/schema\\\/person\\\/94d2eca306e3e8bd545803f8d23f19d1\"},\"description\":\"La mayor amenaza para la Biodiversidad, no son las especies invasoras, si lo son el cambio clim\u00e1tico, el desarrollo industrial los cambios de uso del suelo\",\"breadcrumb\":{\"@id\":\"https:\\\/\\\/elpicudonegro.com\\\/web\\\/2016\\\/07\\\/17\\\/especies-exoticas-invasoras\\\/#breadcrumb\"},\"inLanguage\":\"es\",\"potentialAction\":[{\"@type\":\"ReadAction\",\"target\":[\"https:\\\/\\\/elpicudonegro.com\\\/web\\\/2016\\\/07\\\/17\\\/especies-exoticas-invasoras\\\/\"]}]},{\"@type\":\"ImageObject\",\"inLanguage\":\"es\",\"@id\":\"https:\\\/\\\/elpicudonegro.com\\\/web\\\/2016\\\/07\\\/17\\\/especies-exoticas-invasoras\\\/#primaryimage\",\"url\":\"https:\\\/\\\/i0.wp.com\\\/elpicudonegro.com\\\/web\\\/wp-content\\\/uploads\\\/2016\\\/07\\\/Arto-blanco-frente-invernadero.jpg?fit=3072%2C1728&ssl=1\",\"contentUrl\":\"https:\\\/\\\/i0.wp.com\\\/elpicudonegro.com\\\/web\\\/wp-content\\\/uploads\\\/2016\\\/07\\\/Arto-blanco-frente-invernadero.jpg?fit=3072%2C1728&ssl=1\",\"width\":3072,\"height\":1728,\"caption\":\"Ziziphus lotus (arto blanco o azufaifo) testigo del desarrollo industrial\"},{\"@type\":\"BreadcrumbList\",\"@id\":\"https:\\\/\\\/elpicudonegro.com\\\/web\\\/2016\\\/07\\\/17\\\/especies-exoticas-invasoras\\\/#breadcrumb\",\"itemListElement\":[{\"@type\":\"ListItem\",\"position\":1,\"name\":\"Portada\",\"item\":\"https:\\\/\\\/elpicudonegro.com\\\/web\\\/\"},{\"@type\":\"ListItem\",\"position\":2,\"name\":\"Reflexi\u00f3n sobre especies ex\u00f3ticas invasoras\"}]},{\"@type\":\"WebSite\",\"@id\":\"https:\\\/\\\/elpicudonegro.com\\\/web\\\/#website\",\"url\":\"https:\\\/\\\/elpicudonegro.com\\\/web\\\/\",\"name\":\"EL PICUDO NEGRO\",\"description\":\"Control de la plaga de picudo negro en las pitas de Almeria\",\"potentialAction\":[{\"@type\":\"SearchAction\",\"target\":{\"@type\":\"EntryPoint\",\"urlTemplate\":\"https:\\\/\\\/elpicudonegro.com\\\/web\\\/?s={search_term_string}\"},\"query-input\":{\"@type\":\"PropertyValueSpecification\",\"valueRequired\":true,\"valueName\":\"search_term_string\"}}],\"inLanguage\":\"es\"},{\"@type\":\"Person\",\"@id\":\"https:\\\/\\\/elpicudonegro.com\\\/web\\\/#\\\/schema\\\/person\\\/94d2eca306e3e8bd545803f8d23f19d1\",\"name\":\"administrador\",\"image\":{\"@type\":\"ImageObject\",\"inLanguage\":\"es\",\"@id\":\"https:\\\/\\\/secure.gravatar.com\\\/avatar\\\/7a8b4df9d6c0d9e6ae7583f139d0d0dfea955d3a05ac5a6a6961b1a34334d20b?s=96&d=mm&r=g\",\"url\":\"https:\\\/\\\/secure.gravatar.com\\\/avatar\\\/7a8b4df9d6c0d9e6ae7583f139d0d0dfea955d3a05ac5a6a6961b1a34334d20b?s=96&d=mm&r=g\",\"contentUrl\":\"https:\\\/\\\/secure.gravatar.com\\\/avatar\\\/7a8b4df9d6c0d9e6ae7583f139d0d0dfea955d3a05ac5a6a6961b1a34334d20b?s=96&d=mm&r=g\",\"caption\":\"administrador\"},\"url\":\"https:\\\/\\\/elpicudonegro.com\\\/web\\\/author\\\/administrador\\\/\"}]}<\/script>\n<!-- \/ Yoast SEO plugin. -->","yoast_head_json":{"title":"Reflexi\u00f3n sobre exoticas invasoras","description":"La mayor amenaza para la Biodiversidad, no son las especies invasoras, si lo son el cambio clim\u00e1tico, el desarrollo industrial los cambios de uso del suelo","robots":{"index":"index","follow":"follow","max-snippet":"max-snippet:-1","max-image-preview":"max-image-preview:large","max-video-preview":"max-video-preview:-1"},"canonical":"https:\/\/elpicudonegro.com\/web\/2016\/07\/17\/especies-exoticas-invasoras\/","og_locale":"es_ES","og_type":"article","og_title":"Reflexi\u00f3n sobre exoticas invasoras","og_description":"La mayor amenaza para la Biodiversidad, no son las especies invasoras, si lo son el cambio clim\u00e1tico, el desarrollo industrial los cambios de uso del suelo","og_url":"https:\/\/elpicudonegro.com\/web\/2016\/07\/17\/especies-exoticas-invasoras\/","og_site_name":"EL PICUDO NEGRO","article_published_time":"2016-07-17T11:08:36+00:00","article_modified_time":"2016-07-21T22:15:12+00:00","og_image":[{"url":"http:\/\/elpicudonegro.com\/web\/wp-content\/uploads\/2016\/07\/Arto-blanco-frente-invernadero-300x169.jpg","type":"","width":"","height":""}],"author":"administrador","twitter_card":"summary_large_image","twitter_misc":{"Escrito por":"administrador","Tiempo de lectura":"3 minutos"},"schema":{"@context":"https:\/\/schema.org","@graph":[{"@type":"Article","@id":"https:\/\/elpicudonegro.com\/web\/2016\/07\/17\/especies-exoticas-invasoras\/#article","isPartOf":{"@id":"https:\/\/elpicudonegro.com\/web\/2016\/07\/17\/especies-exoticas-invasoras\/"},"author":{"name":"administrador","@id":"https:\/\/elpicudonegro.com\/web\/#\/schema\/person\/94d2eca306e3e8bd545803f8d23f19d1"},"headline":"Reflexi\u00f3n sobre especies ex\u00f3ticas invasoras","datePublished":"2016-07-17T11:08:36+00:00","dateModified":"2016-07-21T22:15:12+00:00","mainEntityOfPage":{"@id":"https:\/\/elpicudonegro.com\/web\/2016\/07\/17\/especies-exoticas-invasoras\/"},"wordCount":691,"commentCount":2,"image":{"@id":"https:\/\/elpicudonegro.com\/web\/2016\/07\/17\/especies-exoticas-invasoras\/#primaryimage"},"thumbnailUrl":"http:\/\/elpicudonegro.com\/web\/wp-content\/uploads\/2016\/07\/Arto-blanco-frente-invernadero-300x169.jpg","keywords":["picudo negro en prensa"],"articleSection":["Noticias en prensa sobre el PICUDO NEGRO"],"inLanguage":"es","potentialAction":[{"@type":"CommentAction","name":"Comment","target":["https:\/\/elpicudonegro.com\/web\/2016\/07\/17\/especies-exoticas-invasoras\/#respond"]}]},{"@type":"WebPage","@id":"https:\/\/elpicudonegro.com\/web\/2016\/07\/17\/especies-exoticas-invasoras\/","url":"https:\/\/elpicudonegro.com\/web\/2016\/07\/17\/especies-exoticas-invasoras\/","name":"Reflexi\u00f3n sobre exoticas invasoras","isPartOf":{"@id":"https:\/\/elpicudonegro.com\/web\/#website"},"primaryImageOfPage":{"@id":"https:\/\/elpicudonegro.com\/web\/2016\/07\/17\/especies-exoticas-invasoras\/#primaryimage"},"image":{"@id":"https:\/\/elpicudonegro.com\/web\/2016\/07\/17\/especies-exoticas-invasoras\/#primaryimage"},"thumbnailUrl":"http:\/\/elpicudonegro.com\/web\/wp-content\/uploads\/2016\/07\/Arto-blanco-frente-invernadero-300x169.jpg","datePublished":"2016-07-17T11:08:36+00:00","dateModified":"2016-07-21T22:15:12+00:00","author":{"@id":"https:\/\/elpicudonegro.com\/web\/#\/schema\/person\/94d2eca306e3e8bd545803f8d23f19d1"},"description":"La mayor amenaza para la Biodiversidad, no son las especies invasoras, si lo son el cambio clim\u00e1tico, el desarrollo industrial los cambios de uso del suelo","breadcrumb":{"@id":"https:\/\/elpicudonegro.com\/web\/2016\/07\/17\/especies-exoticas-invasoras\/#breadcrumb"},"inLanguage":"es","potentialAction":[{"@type":"ReadAction","target":["https:\/\/elpicudonegro.com\/web\/2016\/07\/17\/especies-exoticas-invasoras\/"]}]},{"@type":"ImageObject","inLanguage":"es","@id":"https:\/\/elpicudonegro.com\/web\/2016\/07\/17\/especies-exoticas-invasoras\/#primaryimage","url":"https:\/\/i0.wp.com\/elpicudonegro.com\/web\/wp-content\/uploads\/2016\/07\/Arto-blanco-frente-invernadero.jpg?fit=3072%2C1728&ssl=1","contentUrl":"https:\/\/i0.wp.com\/elpicudonegro.com\/web\/wp-content\/uploads\/2016\/07\/Arto-blanco-frente-invernadero.jpg?fit=3072%2C1728&ssl=1","width":3072,"height":1728,"caption":"Ziziphus lotus (arto blanco o azufaifo) testigo del desarrollo industrial"},{"@type":"BreadcrumbList","@id":"https:\/\/elpicudonegro.com\/web\/2016\/07\/17\/especies-exoticas-invasoras\/#breadcrumb","itemListElement":[{"@type":"ListItem","position":1,"name":"Portada","item":"https:\/\/elpicudonegro.com\/web\/"},{"@type":"ListItem","position":2,"name":"Reflexi\u00f3n sobre especies ex\u00f3ticas invasoras"}]},{"@type":"WebSite","@id":"https:\/\/elpicudonegro.com\/web\/#website","url":"https:\/\/elpicudonegro.com\/web\/","name":"EL PICUDO NEGRO","description":"Control de la plaga de picudo negro en las pitas de Almeria","potentialAction":[{"@type":"SearchAction","target":{"@type":"EntryPoint","urlTemplate":"https:\/\/elpicudonegro.com\/web\/?s={search_term_string}"},"query-input":{"@type":"PropertyValueSpecification","valueRequired":true,"valueName":"search_term_string"}}],"inLanguage":"es"},{"@type":"Person","@id":"https:\/\/elpicudonegro.com\/web\/#\/schema\/person\/94d2eca306e3e8bd545803f8d23f19d1","name":"administrador","image":{"@type":"ImageObject","inLanguage":"es","@id":"https:\/\/secure.gravatar.com\/avatar\/7a8b4df9d6c0d9e6ae7583f139d0d0dfea955d3a05ac5a6a6961b1a34334d20b?s=96&d=mm&r=g","url":"https:\/\/secure.gravatar.com\/avatar\/7a8b4df9d6c0d9e6ae7583f139d0d0dfea955d3a05ac5a6a6961b1a34334d20b?s=96&d=mm&r=g","contentUrl":"https:\/\/secure.gravatar.com\/avatar\/7a8b4df9d6c0d9e6ae7583f139d0d0dfea955d3a05ac5a6a6961b1a34334d20b?s=96&d=mm&r=g","caption":"administrador"},"url":"https:\/\/elpicudonegro.com\/web\/author\/administrador\/"}]}},"jetpack_publicize_connections":[],"jetpack_featured_media_url":"","jetpack_sharing_enabled":true,"jetpack_shortlink":"https:\/\/wp.me\/p7lxPt-d0","jetpack-related-posts":[],"_links":{"self":[{"href":"https:\/\/elpicudonegro.com\/web\/wp-json\/wp\/v2\/posts\/806","targetHints":{"allow":["GET"]}}],"collection":[{"href":"https:\/\/elpicudonegro.com\/web\/wp-json\/wp\/v2\/posts"}],"about":[{"href":"https:\/\/elpicudonegro.com\/web\/wp-json\/wp\/v2\/types\/post"}],"author":[{"embeddable":true,"href":"https:\/\/elpicudonegro.com\/web\/wp-json\/wp\/v2\/users\/1"}],"replies":[{"embeddable":true,"href":"https:\/\/elpicudonegro.com\/web\/wp-json\/wp\/v2\/comments?post=806"}],"version-history":[{"count":11,"href":"https:\/\/elpicudonegro.com\/web\/wp-json\/wp\/v2\/posts\/806\/revisions"}],"predecessor-version":[{"id":810,"href":"https:\/\/elpicudonegro.com\/web\/wp-json\/wp\/v2\/posts\/806\/revisions\/810"}],"wp:attachment":[{"href":"https:\/\/elpicudonegro.com\/web\/wp-json\/wp\/v2\/media?parent=806"}],"wp:term":[{"taxonomy":"category","embeddable":true,"href":"https:\/\/elpicudonegro.com\/web\/wp-json\/wp\/v2\/categories?post=806"},{"taxonomy":"post_tag","embeddable":true,"href":"https:\/\/elpicudonegro.com\/web\/wp-json\/wp\/v2\/tags?post=806"}],"curies":[{"name":"wp","href":"https:\/\/api.w.org\/{rel}","templated":true}]}}