{"id":824,"date":"2016-07-25T22:52:55","date_gmt":"2016-07-25T22:52:55","guid":{"rendered":"http:\/\/elpicudonegro.com\/web\/?p=824"},"modified":"2016-08-11T18:28:05","modified_gmt":"2016-08-11T18:28:05","slug":"nota-prensa-25072016","status":"publish","type":"post","link":"https:\/\/elpicudonegro.com\/web\/2016\/07\/25\/nota-prensa-25072016\/","title":{"rendered":"Nota de Prensa 25\/07\/2016"},"content":{"rendered":"<p>Hoy d\u00eda de Santiago, se env\u00eda a la prensa una nota con nuestras actuales demandas que ayuden en la lucha contra el PICUDO NEGRO.<\/p>\n<p>La primera y m\u00e1s importante sacar a Agave americana L. (pita\u00a0 o alzabara) del listado de invasoras en ALMER\u00cdA.\u00a0 Tal y como se viene repitiendo hace meses.<\/p>\n<p>Ya comenzamos a aparecer en los medios digitales, se\u00f1alamos solo uno y agradecemos a los dem\u00e1s sus publicaciones. Puede verse en:<\/p>\n<p><a href=\"http:\/\/www.ideal.es\/almeria\/201607\/25\/salvemos-pitas-almeria-exige-20160725141735.html\" target=\"_blank\">IDEAL ALMER\u00cdA Edici\u00f3n Digital 25\/07\/2016<\/a><\/p>\n<figure id=\"attachment_825\" aria-describedby=\"caption-attachment-825\" style=\"width: 343px\" class=\"wp-caption alignleft\"><img data-recalc-dims=\"1\" loading=\"lazy\" decoding=\"async\" data-attachment-id=\"825\" data-permalink=\"https:\/\/elpicudonegro.com\/web\/2016\/07\/25\/nota-prensa-25072016\/ideal-25-julio\/\" data-orig-file=\"https:\/\/i0.wp.com\/elpicudonegro.com\/web\/wp-content\/uploads\/2016\/07\/ideal-25-julio.jpg?fit=1359%2C598&amp;ssl=1\" data-orig-size=\"1359,598\" data-comments-opened=\"1\" data-image-meta=\"{&quot;aperture&quot;:&quot;0&quot;,&quot;credit&quot;:&quot;&quot;,&quot;camera&quot;:&quot;&quot;,&quot;caption&quot;:&quot;&quot;,&quot;created_timestamp&quot;:&quot;0&quot;,&quot;copyright&quot;:&quot;&quot;,&quot;focal_length&quot;:&quot;0&quot;,&quot;iso&quot;:&quot;0&quot;,&quot;shutter_speed&quot;:&quot;0&quot;,&quot;title&quot;:&quot;&quot;,&quot;orientation&quot;:&quot;0&quot;}\" data-image-title=\"ideal 25 julio\" data-image-description=\"\" data-image-caption=\"&lt;p&gt;Edici\u00f3n digital del 25 de Julio de 2016&lt;\/p&gt;\n\" data-large-file=\"https:\/\/i0.wp.com\/elpicudonegro.com\/web\/wp-content\/uploads\/2016\/07\/ideal-25-julio.jpg?fit=474%2C209&amp;ssl=1\" class=\" wp-image-825\" src=\"https:\/\/i0.wp.com\/elpicudonegro.com\/web\/wp-content\/uploads\/2016\/07\/ideal-25-julio.jpg?resize=343%2C151\" alt=\"Edici\u00f3n digital del 25 de Julio de 2016\" width=\"343\" height=\"151\" srcset=\"https:\/\/i0.wp.com\/elpicudonegro.com\/web\/wp-content\/uploads\/2016\/07\/ideal-25-julio.jpg?resize=300%2C132&amp;ssl=1 300w, https:\/\/i0.wp.com\/elpicudonegro.com\/web\/wp-content\/uploads\/2016\/07\/ideal-25-julio.jpg?resize=768%2C338&amp;ssl=1 768w, https:\/\/i0.wp.com\/elpicudonegro.com\/web\/wp-content\/uploads\/2016\/07\/ideal-25-julio.jpg?resize=1024%2C451&amp;ssl=1 1024w, https:\/\/i0.wp.com\/elpicudonegro.com\/web\/wp-content\/uploads\/2016\/07\/ideal-25-julio.jpg?w=1359&amp;ssl=1 1359w, https:\/\/i0.wp.com\/elpicudonegro.com\/web\/wp-content\/uploads\/2016\/07\/ideal-25-julio.jpg?w=948 948w\" sizes=\"auto, (max-width: 343px) 100vw, 343px\" \/><figcaption id=\"caption-attachment-825\" class=\"wp-caption-text\">Edici\u00f3n digital de IDEAL del 25 de Julio de 2016<\/figcaption><\/figure>\n<p>&nbsp;<\/p>\n<p>&nbsp;<\/p>\n<p>&nbsp;<\/p>\n<p>&nbsp;<\/p>\n<p>&nbsp;<\/p>\n<p>Gracias por su atenci\u00f3n<\/p>\n<p>&nbsp;<\/p>\n<p>&nbsp;<\/p>\n","protected":false},"excerpt":{"rendered":"<p>Hoy d\u00eda de Santiago, se env\u00eda a la prensa una nota con nuestras actuales demandas que ayuden en la lucha contra el PICUDO NEGRO. La primera y m\u00e1s importante sacar a Agave americana L. (pita\u00a0 o alzabara) del listado de invasoras en ALMER\u00cdA.\u00a0 Tal y como se viene repitiendo hace meses. Ya comenzamos a aparecer &hellip; <a href=\"https:\/\/elpicudonegro.com\/web\/2016\/07\/25\/nota-prensa-25072016\/\" class=\"more-link\">Seguir leyendo <span class=\"screen-reader-text\">Nota de Prensa 25\/07\/2016<\/span> <span class=\"meta-nav\">&rarr;<\/span><\/a><\/p>\n","protected":false},"author":1,"featured_media":0,"comment_status":"open","ping_status":"open","sticky":false,"template":"","format":"standard","meta":{"jetpack_post_was_ever_published":false,"_jetpack_newsletter_access":"","_jetpack_dont_email_post_to_subs":false,"_jetpack_newsletter_tier_id":0,"_jetpack_memberships_contains_paywalled_content":false,"_jetpack_memberships_contains_paid_content":false,"footnotes":"","jetpack_publicize_message":"","jetpack_publicize_feature_enabled":true,"jetpack_social_post_already_shared":true,"jetpack_social_options":{"image_generator_settings":{"template":"highway","default_image_id":0,"font":"","enabled":false},"version":2}},"categories":[3],"tags":[11],"class_list":["post-824","post","type-post","status-publish","format-standard","hentry","category-notas-prensa-sobre-picudo-negro","tag-picudo-negro-en-prensa"],"yoast_head":"<!-- This site is optimized with the Yoast SEO plugin v27.4 - https:\/\/yoast.com\/product\/yoast-seo-wordpress\/ -->\n<title>Lucha contra el PICUDO NEGRO<\/title>\n<meta name=\"description\" content=\"Agave americana L. (pita o alzabara) fuera del listado de invasoras en ALMER\u00cdA. Seguimos en lucha contra picudo negro. Nota de Prensa 25\/07\/2016\" \/>\n<meta name=\"robots\" content=\"index, follow, max-snippet:-1, max-image-preview:large, max-video-preview:-1\" \/>\n<link rel=\"canonical\" href=\"https:\/\/elpicudonegro.com\/web\/2016\/07\/25\/nota-prensa-25072016\/\" \/>\n<meta property=\"og:locale\" content=\"es_ES\" \/>\n<meta property=\"og:type\" content=\"article\" \/>\n<meta property=\"og:title\" content=\"Lucha contra el PICUDO NEGRO\" \/>\n<meta property=\"og:description\" content=\"Agave americana L. (pita o alzabara) fuera del listado de invasoras en ALMER\u00cdA. Seguimos en lucha contra picudo negro. Nota de Prensa 25\/07\/2016\" \/>\n<meta property=\"og:url\" content=\"https:\/\/elpicudonegro.com\/web\/2016\/07\/25\/nota-prensa-25072016\/\" \/>\n<meta property=\"og:site_name\" content=\"EL PICUDO NEGRO\" \/>\n<meta property=\"article:published_time\" content=\"2016-07-25T22:52:55+00:00\" \/>\n<meta property=\"article:modified_time\" content=\"2016-08-11T18:28:05+00:00\" \/>\n<meta property=\"og:image\" content=\"http:\/\/elpicudonegro.com\/web\/wp-content\/uploads\/2016\/07\/ideal-25-julio-300x132.jpg\" \/>\n<meta name=\"author\" content=\"administrador\" \/>\n<meta name=\"twitter:card\" content=\"summary_large_image\" \/>\n<meta name=\"twitter:label1\" content=\"Escrito por\" \/>\n\t<meta name=\"twitter:data1\" content=\"administrador\" \/>\n\t<meta name=\"twitter:label2\" content=\"Tiempo de lectura\" \/>\n\t<meta name=\"twitter:data2\" content=\"1 minuto\" \/>\n<script type=\"application\/ld+json\" class=\"yoast-schema-graph\">{\"@context\":\"https:\\\/\\\/schema.org\",\"@graph\":[{\"@type\":\"Article\",\"@id\":\"https:\\\/\\\/elpicudonegro.com\\\/web\\\/2016\\\/07\\\/25\\\/nota-prensa-25072016\\\/#article\",\"isPartOf\":{\"@id\":\"https:\\\/\\\/elpicudonegro.com\\\/web\\\/2016\\\/07\\\/25\\\/nota-prensa-25072016\\\/\"},\"author\":{\"name\":\"administrador\",\"@id\":\"https:\\\/\\\/elpicudonegro.com\\\/web\\\/#\\\/schema\\\/person\\\/94d2eca306e3e8bd545803f8d23f19d1\"},\"headline\":\"Nota de Prensa 25\\\/07\\\/2016\",\"datePublished\":\"2016-07-25T22:52:55+00:00\",\"dateModified\":\"2016-08-11T18:28:05+00:00\",\"mainEntityOfPage\":{\"@id\":\"https:\\\/\\\/elpicudonegro.com\\\/web\\\/2016\\\/07\\\/25\\\/nota-prensa-25072016\\\/\"},\"wordCount\":115,\"commentCount\":2,\"image\":{\"@id\":\"https:\\\/\\\/elpicudonegro.com\\\/web\\\/2016\\\/07\\\/25\\\/nota-prensa-25072016\\\/#primaryimage\"},\"thumbnailUrl\":\"http:\\\/\\\/elpicudonegro.com\\\/web\\\/wp-content\\\/uploads\\\/2016\\\/07\\\/ideal-25-julio-300x132.jpg\",\"keywords\":[\"picudo negro en prensa\"],\"articleSection\":[\"Noticias en prensa sobre el PICUDO NEGRO\"],\"inLanguage\":\"es\",\"potentialAction\":[{\"@type\":\"CommentAction\",\"name\":\"Comment\",\"target\":[\"https:\\\/\\\/elpicudonegro.com\\\/web\\\/2016\\\/07\\\/25\\\/nota-prensa-25072016\\\/#respond\"]}]},{\"@type\":\"WebPage\",\"@id\":\"https:\\\/\\\/elpicudonegro.com\\\/web\\\/2016\\\/07\\\/25\\\/nota-prensa-25072016\\\/\",\"url\":\"https:\\\/\\\/elpicudonegro.com\\\/web\\\/2016\\\/07\\\/25\\\/nota-prensa-25072016\\\/\",\"name\":\"Lucha contra el PICUDO NEGRO\",\"isPartOf\":{\"@id\":\"https:\\\/\\\/elpicudonegro.com\\\/web\\\/#website\"},\"primaryImageOfPage\":{\"@id\":\"https:\\\/\\\/elpicudonegro.com\\\/web\\\/2016\\\/07\\\/25\\\/nota-prensa-25072016\\\/#primaryimage\"},\"image\":{\"@id\":\"https:\\\/\\\/elpicudonegro.com\\\/web\\\/2016\\\/07\\\/25\\\/nota-prensa-25072016\\\/#primaryimage\"},\"thumbnailUrl\":\"http:\\\/\\\/elpicudonegro.com\\\/web\\\/wp-content\\\/uploads\\\/2016\\\/07\\\/ideal-25-julio-300x132.jpg\",\"datePublished\":\"2016-07-25T22:52:55+00:00\",\"dateModified\":\"2016-08-11T18:28:05+00:00\",\"author\":{\"@id\":\"https:\\\/\\\/elpicudonegro.com\\\/web\\\/#\\\/schema\\\/person\\\/94d2eca306e3e8bd545803f8d23f19d1\"},\"description\":\"Agave americana L. (pita o alzabara) fuera del listado de invasoras en ALMER\u00cdA. Seguimos en lucha contra picudo negro. Nota de Prensa 25\\\/07\\\/2016\",\"breadcrumb\":{\"@id\":\"https:\\\/\\\/elpicudonegro.com\\\/web\\\/2016\\\/07\\\/25\\\/nota-prensa-25072016\\\/#breadcrumb\"},\"inLanguage\":\"es\",\"potentialAction\":[{\"@type\":\"ReadAction\",\"target\":[\"https:\\\/\\\/elpicudonegro.com\\\/web\\\/2016\\\/07\\\/25\\\/nota-prensa-25072016\\\/\"]}]},{\"@type\":\"ImageObject\",\"inLanguage\":\"es\",\"@id\":\"https:\\\/\\\/elpicudonegro.com\\\/web\\\/2016\\\/07\\\/25\\\/nota-prensa-25072016\\\/#primaryimage\",\"url\":\"https:\\\/\\\/i0.wp.com\\\/elpicudonegro.com\\\/web\\\/wp-content\\\/uploads\\\/2016\\\/07\\\/ideal-25-julio.jpg?fit=1359%2C598&ssl=1\",\"contentUrl\":\"https:\\\/\\\/i0.wp.com\\\/elpicudonegro.com\\\/web\\\/wp-content\\\/uploads\\\/2016\\\/07\\\/ideal-25-julio.jpg?fit=1359%2C598&ssl=1\",\"width\":1359,\"height\":598,\"caption\":\"Edici\u00f3n digital del 25 de Julio de 2016\"},{\"@type\":\"BreadcrumbList\",\"@id\":\"https:\\\/\\\/elpicudonegro.com\\\/web\\\/2016\\\/07\\\/25\\\/nota-prensa-25072016\\\/#breadcrumb\",\"itemListElement\":[{\"@type\":\"ListItem\",\"position\":1,\"name\":\"Portada\",\"item\":\"https:\\\/\\\/elpicudonegro.com\\\/web\\\/\"},{\"@type\":\"ListItem\",\"position\":2,\"name\":\"Nota de Prensa 25\\\/07\\\/2016\"}]},{\"@type\":\"WebSite\",\"@id\":\"https:\\\/\\\/elpicudonegro.com\\\/web\\\/#website\",\"url\":\"https:\\\/\\\/elpicudonegro.com\\\/web\\\/\",\"name\":\"EL PICUDO NEGRO\",\"description\":\"Control de la plaga de picudo negro en las pitas de Almeria\",\"potentialAction\":[{\"@type\":\"SearchAction\",\"target\":{\"@type\":\"EntryPoint\",\"urlTemplate\":\"https:\\\/\\\/elpicudonegro.com\\\/web\\\/?s={search_term_string}\"},\"query-input\":{\"@type\":\"PropertyValueSpecification\",\"valueRequired\":true,\"valueName\":\"search_term_string\"}}],\"inLanguage\":\"es\"},{\"@type\":\"Person\",\"@id\":\"https:\\\/\\\/elpicudonegro.com\\\/web\\\/#\\\/schema\\\/person\\\/94d2eca306e3e8bd545803f8d23f19d1\",\"name\":\"administrador\",\"image\":{\"@type\":\"ImageObject\",\"inLanguage\":\"es\",\"@id\":\"https:\\\/\\\/secure.gravatar.com\\\/avatar\\\/7a8b4df9d6c0d9e6ae7583f139d0d0dfea955d3a05ac5a6a6961b1a34334d20b?s=96&d=mm&r=g\",\"url\":\"https:\\\/\\\/secure.gravatar.com\\\/avatar\\\/7a8b4df9d6c0d9e6ae7583f139d0d0dfea955d3a05ac5a6a6961b1a34334d20b?s=96&d=mm&r=g\",\"contentUrl\":\"https:\\\/\\\/secure.gravatar.com\\\/avatar\\\/7a8b4df9d6c0d9e6ae7583f139d0d0dfea955d3a05ac5a6a6961b1a34334d20b?s=96&d=mm&r=g\",\"caption\":\"administrador\"},\"url\":\"https:\\\/\\\/elpicudonegro.com\\\/web\\\/author\\\/administrador\\\/\"}]}<\/script>\n<!-- \/ Yoast SEO plugin. -->","yoast_head_json":{"title":"Lucha contra el PICUDO NEGRO","description":"Agave americana L. (pita o alzabara) fuera del listado de invasoras en ALMER\u00cdA. Seguimos en lucha contra picudo negro. Nota de Prensa 25\/07\/2016","robots":{"index":"index","follow":"follow","max-snippet":"max-snippet:-1","max-image-preview":"max-image-preview:large","max-video-preview":"max-video-preview:-1"},"canonical":"https:\/\/elpicudonegro.com\/web\/2016\/07\/25\/nota-prensa-25072016\/","og_locale":"es_ES","og_type":"article","og_title":"Lucha contra el PICUDO NEGRO","og_description":"Agave americana L. (pita o alzabara) fuera del listado de invasoras en ALMER\u00cdA. Seguimos en lucha contra picudo negro. Nota de Prensa 25\/07\/2016","og_url":"https:\/\/elpicudonegro.com\/web\/2016\/07\/25\/nota-prensa-25072016\/","og_site_name":"EL PICUDO NEGRO","article_published_time":"2016-07-25T22:52:55+00:00","article_modified_time":"2016-08-11T18:28:05+00:00","og_image":[{"url":"http:\/\/elpicudonegro.com\/web\/wp-content\/uploads\/2016\/07\/ideal-25-julio-300x132.jpg","type":"","width":"","height":""}],"author":"administrador","twitter_card":"summary_large_image","twitter_misc":{"Escrito por":"administrador","Tiempo de lectura":"1 minuto"},"schema":{"@context":"https:\/\/schema.org","@graph":[{"@type":"Article","@id":"https:\/\/elpicudonegro.com\/web\/2016\/07\/25\/nota-prensa-25072016\/#article","isPartOf":{"@id":"https:\/\/elpicudonegro.com\/web\/2016\/07\/25\/nota-prensa-25072016\/"},"author":{"name":"administrador","@id":"https:\/\/elpicudonegro.com\/web\/#\/schema\/person\/94d2eca306e3e8bd545803f8d23f19d1"},"headline":"Nota de Prensa 25\/07\/2016","datePublished":"2016-07-25T22:52:55+00:00","dateModified":"2016-08-11T18:28:05+00:00","mainEntityOfPage":{"@id":"https:\/\/elpicudonegro.com\/web\/2016\/07\/25\/nota-prensa-25072016\/"},"wordCount":115,"commentCount":2,"image":{"@id":"https:\/\/elpicudonegro.com\/web\/2016\/07\/25\/nota-prensa-25072016\/#primaryimage"},"thumbnailUrl":"http:\/\/elpicudonegro.com\/web\/wp-content\/uploads\/2016\/07\/ideal-25-julio-300x132.jpg","keywords":["picudo negro en prensa"],"articleSection":["Noticias en prensa sobre el PICUDO NEGRO"],"inLanguage":"es","potentialAction":[{"@type":"CommentAction","name":"Comment","target":["https:\/\/elpicudonegro.com\/web\/2016\/07\/25\/nota-prensa-25072016\/#respond"]}]},{"@type":"WebPage","@id":"https:\/\/elpicudonegro.com\/web\/2016\/07\/25\/nota-prensa-25072016\/","url":"https:\/\/elpicudonegro.com\/web\/2016\/07\/25\/nota-prensa-25072016\/","name":"Lucha contra el PICUDO NEGRO","isPartOf":{"@id":"https:\/\/elpicudonegro.com\/web\/#website"},"primaryImageOfPage":{"@id":"https:\/\/elpicudonegro.com\/web\/2016\/07\/25\/nota-prensa-25072016\/#primaryimage"},"image":{"@id":"https:\/\/elpicudonegro.com\/web\/2016\/07\/25\/nota-prensa-25072016\/#primaryimage"},"thumbnailUrl":"http:\/\/elpicudonegro.com\/web\/wp-content\/uploads\/2016\/07\/ideal-25-julio-300x132.jpg","datePublished":"2016-07-25T22:52:55+00:00","dateModified":"2016-08-11T18:28:05+00:00","author":{"@id":"https:\/\/elpicudonegro.com\/web\/#\/schema\/person\/94d2eca306e3e8bd545803f8d23f19d1"},"description":"Agave americana L. (pita o alzabara) fuera del listado de invasoras en ALMER\u00cdA. Seguimos en lucha contra picudo negro. Nota de Prensa 25\/07\/2016","breadcrumb":{"@id":"https:\/\/elpicudonegro.com\/web\/2016\/07\/25\/nota-prensa-25072016\/#breadcrumb"},"inLanguage":"es","potentialAction":[{"@type":"ReadAction","target":["https:\/\/elpicudonegro.com\/web\/2016\/07\/25\/nota-prensa-25072016\/"]}]},{"@type":"ImageObject","inLanguage":"es","@id":"https:\/\/elpicudonegro.com\/web\/2016\/07\/25\/nota-prensa-25072016\/#primaryimage","url":"https:\/\/i0.wp.com\/elpicudonegro.com\/web\/wp-content\/uploads\/2016\/07\/ideal-25-julio.jpg?fit=1359%2C598&ssl=1","contentUrl":"https:\/\/i0.wp.com\/elpicudonegro.com\/web\/wp-content\/uploads\/2016\/07\/ideal-25-julio.jpg?fit=1359%2C598&ssl=1","width":1359,"height":598,"caption":"Edici\u00f3n digital del 25 de Julio de 2016"},{"@type":"BreadcrumbList","@id":"https:\/\/elpicudonegro.com\/web\/2016\/07\/25\/nota-prensa-25072016\/#breadcrumb","itemListElement":[{"@type":"ListItem","position":1,"name":"Portada","item":"https:\/\/elpicudonegro.com\/web\/"},{"@type":"ListItem","position":2,"name":"Nota de Prensa 25\/07\/2016"}]},{"@type":"WebSite","@id":"https:\/\/elpicudonegro.com\/web\/#website","url":"https:\/\/elpicudonegro.com\/web\/","name":"EL PICUDO NEGRO","description":"Control de la plaga de picudo negro en las pitas de Almeria","potentialAction":[{"@type":"SearchAction","target":{"@type":"EntryPoint","urlTemplate":"https:\/\/elpicudonegro.com\/web\/?s={search_term_string}"},"query-input":{"@type":"PropertyValueSpecification","valueRequired":true,"valueName":"search_term_string"}}],"inLanguage":"es"},{"@type":"Person","@id":"https:\/\/elpicudonegro.com\/web\/#\/schema\/person\/94d2eca306e3e8bd545803f8d23f19d1","name":"administrador","image":{"@type":"ImageObject","inLanguage":"es","@id":"https:\/\/secure.gravatar.com\/avatar\/7a8b4df9d6c0d9e6ae7583f139d0d0dfea955d3a05ac5a6a6961b1a34334d20b?s=96&d=mm&r=g","url":"https:\/\/secure.gravatar.com\/avatar\/7a8b4df9d6c0d9e6ae7583f139d0d0dfea955d3a05ac5a6a6961b1a34334d20b?s=96&d=mm&r=g","contentUrl":"https:\/\/secure.gravatar.com\/avatar\/7a8b4df9d6c0d9e6ae7583f139d0d0dfea955d3a05ac5a6a6961b1a34334d20b?s=96&d=mm&r=g","caption":"administrador"},"url":"https:\/\/elpicudonegro.com\/web\/author\/administrador\/"}]}},"jetpack_publicize_connections":[],"jetpack_featured_media_url":"","jetpack_sharing_enabled":true,"jetpack_shortlink":"https:\/\/wp.me\/p7lxPt-di","jetpack-related-posts":[],"_links":{"self":[{"href":"https:\/\/elpicudonegro.com\/web\/wp-json\/wp\/v2\/posts\/824","targetHints":{"allow":["GET"]}}],"collection":[{"href":"https:\/\/elpicudonegro.com\/web\/wp-json\/wp\/v2\/posts"}],"about":[{"href":"https:\/\/elpicudonegro.com\/web\/wp-json\/wp\/v2\/types\/post"}],"author":[{"embeddable":true,"href":"https:\/\/elpicudonegro.com\/web\/wp-json\/wp\/v2\/users\/1"}],"replies":[{"embeddable":true,"href":"https:\/\/elpicudonegro.com\/web\/wp-json\/wp\/v2\/comments?post=824"}],"version-history":[{"count":6,"href":"https:\/\/elpicudonegro.com\/web\/wp-json\/wp\/v2\/posts\/824\/revisions"}],"predecessor-version":[{"id":831,"href":"https:\/\/elpicudonegro.com\/web\/wp-json\/wp\/v2\/posts\/824\/revisions\/831"}],"wp:attachment":[{"href":"https:\/\/elpicudonegro.com\/web\/wp-json\/wp\/v2\/media?parent=824"}],"wp:term":[{"taxonomy":"category","embeddable":true,"href":"https:\/\/elpicudonegro.com\/web\/wp-json\/wp\/v2\/categories?post=824"},{"taxonomy":"post_tag","embeddable":true,"href":"https:\/\/elpicudonegro.com\/web\/wp-json\/wp\/v2\/tags?post=824"}],"curies":[{"name":"wp","href":"https:\/\/api.w.org\/{rel}","templated":true}]}}