{"id":839,"date":"2016-08-11T18:12:43","date_gmt":"2016-08-11T18:12:43","guid":{"rendered":"http:\/\/elpicudonegro.com\/web\/?p=839"},"modified":"2016-08-11T18:24:39","modified_gmt":"2016-08-11T18:24:39","slug":"mas-sobre-especies-invasoras","status":"publish","type":"post","link":"https:\/\/elpicudonegro.com\/web\/2016\/08\/11\/mas-sobre-especies-invasoras\/","title":{"rendered":"M\u00e1s sobre especies invasoras"},"content":{"rendered":"<p style=\"text-align: justify;\">Como se dijo en post anterior <a href=\"http:\/\/elpicudonegro.com\/web\/2016\/07\/17\/especies-exoticas-invasoras\/\" target=\"_blank\">(17\/07\/2016 reflexiones sobre especies ex\u00f3ticas invasoras<\/a>), la generalizaci\u00f3n del concepto de \u00abespecies invasoras\u00bb impide realizar una razonable gesti\u00f3n del medio natural. Adem\u00e1s de tener en cuenta que ex\u00f3tico no es sin\u00f3nimo de maligno ni de perjudicial.<\/p>\n<p style=\"text-align: justify;\">Son los agaves invasores en ALMER\u00cdA?\u00a0 Afectan a la biodiversidad del territorio? Podemos encontrar una posible respuesta en reciente entrada en la comunidad de <a href=\"https:\/\/www.facebook.com\/SALVEMOSLASPITASDEALMERIA\/posts\/1205040689547853\" target=\"_blank\">SALVEMOS LAS PITAS DE ALMER\u00cdA en facebook.<\/a><\/p>\n<p style=\"text-align: justify;\">Y se expone a continuaci\u00f3n un extracto de un articulo del <a href=\"https:\/\/www.ahorasemanal.es\/el-ecologo-esceptico\" target=\"_blank\">peri\u00f3dico semanal AHORA<\/a>:<em><br \/>\n<em>\u00abLa <strong>ecolog\u00eda<\/strong> (a diferencia del ecologismo) es una <strong>ciencia<\/strong>, no una ideolog\u00eda, y no deber\u00eda actuar como una suerte de autoridad moral que fomente una visi\u00f3n de la naturaleza en detrimento de otras. Esta declaraci\u00f3n deber\u00eda ser innecesaria, pero es cada vez m\u00e1s pertinente en unos tiempos en los que el falaz argumento de autoridad se hace pasar por realidad incontrovertible, en la forma de \u201cconsenso cient\u00edfico mayoritario\u201d. <\/em><\/em><\/p>\n<p style=\"text-align: justify;\"><em>La apelaci\u00f3n al <strong>consenso cient\u00edfico<\/strong> siempre es sospechosa, porque implica la existencia de una minor\u00eda cr\u00edtica cuyos argumentos (cient\u00edficamente leg\u00edtimos) se ahogan bajo el peso de la opini\u00f3n mayoritaria. Pero las verdades cient\u00edficas establecidas no son (o no deber\u00edan ser) opinables. La ciencia es una empresa eminentemente \u201cantidemocr\u00e1tica\u201d, que busca la soluci\u00f3n \u00fanica, absoluta y definitiva de los problemas que se plantea. Las opiniones y escuelas alternativas solo tienen sentido cuando los problemas no est\u00e1n resueltos del todo, a falta de mejores datos o teor\u00edas que permitan descartar todas las opciones menos una. Y en esta situaci\u00f3n (habitual en filosof\u00eda, pero indeseable en ciencia) lo razonable es prestar atenci\u00f3n a todas las posturas, siempre que est\u00e9n cient\u00edficamente fundadas, en lugar de intentar acallarlas o descalificarlas\u00bb.\u00a0<a href=\"https:\/\/www.ahorasemanal.es\/el-ecologo-esceptico\" target=\"_blank\"> PINCHA PARA VER EL TEXTO COMPLETO<\/a><br \/>\n<\/em><\/p>\n<figure id=\"attachment_841\" aria-describedby=\"caption-attachment-841\" style=\"width: 268px\" class=\"wp-caption aligncenter\"><img data-recalc-dims=\"1\" loading=\"lazy\" decoding=\"async\" data-attachment-id=\"841\" data-permalink=\"https:\/\/elpicudonegro.com\/web\/2016\/08\/11\/mas-sobre-especies-invasoras\/de-donde-camellos\/\" data-orig-file=\"https:\/\/i0.wp.com\/elpicudonegro.com\/web\/wp-content\/uploads\/2016\/08\/de-donde-camellos.jpg?fit=373%2C543&amp;ssl=1\" data-orig-size=\"373,543\" data-comments-opened=\"1\" data-image-meta=\"{&quot;aperture&quot;:&quot;0&quot;,&quot;credit&quot;:&quot;&quot;,&quot;camera&quot;:&quot;&quot;,&quot;caption&quot;:&quot;&quot;,&quot;created_timestamp&quot;:&quot;0&quot;,&quot;copyright&quot;:&quot;&quot;,&quot;focal_length&quot;:&quot;0&quot;,&quot;iso&quot;:&quot;0&quot;,&quot;shutter_speed&quot;:&quot;0&quot;,&quot;title&quot;:&quot;&quot;,&quot;orientation&quot;:&quot;0&quot;}\" data-image-title=\"de donde camellos\" data-image-description=\"\" data-image-caption=\"&lt;p&gt;PORTADA DEL LIBRO&lt;\/p&gt;\n\" data-large-file=\"https:\/\/i0.wp.com\/elpicudonegro.com\/web\/wp-content\/uploads\/2016\/08\/de-donde-camellos.jpg?fit=373%2C543&amp;ssl=1\" class=\" wp-image-841\" src=\"https:\/\/i0.wp.com\/elpicudonegro.com\/web\/wp-content\/uploads\/2016\/08\/de-donde-camellos.jpg?resize=268%2C391\" alt=\"PORTADA DEL LIBRO\" width=\"268\" height=\"391\" srcset=\"https:\/\/i0.wp.com\/elpicudonegro.com\/web\/wp-content\/uploads\/2016\/08\/de-donde-camellos.jpg?resize=206%2C300&amp;ssl=1 206w, https:\/\/i0.wp.com\/elpicudonegro.com\/web\/wp-content\/uploads\/2016\/08\/de-donde-camellos.jpg?w=373&amp;ssl=1 373w\" sizes=\"auto, (max-width: 268px) 100vw, 268px\" \/><figcaption id=\"caption-attachment-841\" class=\"wp-caption-text\">PORTADA DEL LIBRO<\/figcaption><\/figure>\n<p style=\"text-align: justify;\">El articulo mencionado presenta el libro de la foto.<br \/>\n<strong>\u00bfDE DONDE SON LOS CAMELLOS?<\/strong><br \/>\nAutor: <strong>Ken Thompson<\/strong><br \/>\nTraducci\u00f3n de Dulcinea Otero-Pi\u00f1eiro<br \/>\nAlianza Editorial, Madrid, 2016, 360 p\u00e1gs.<\/p>\n<p style=\"text-align: justify;\">En esta publicaci\u00f3n, se critica la visi\u00f3n hegem\u00f3nica sobre el tema de las especies \u201c<strong>invasoras<\/strong>\u201d, esa que se ense\u00f1a en algunas facultades, leemos en los planes de conservaci\u00f3n o en la prensa sensacionalista, esa visi\u00f3n que dictamina y otorga derechos a las especies seg\u00fan su procedencia (algo que de hecho tambi\u00e9n se hace con los humanos).<br \/>\nLibro destinado a aquellos que a\u00fan tengan el suficiente <strong>esp\u00edritu cr\u00edtico<\/strong> como para no querer tragarse todo el discurso establecido sin m\u00e1s.<\/p>\n<p style=\"text-align: justify;\">Disfruten de su lectura es altamente recomendable. Gracias<\/p>\n","protected":false},"excerpt":{"rendered":"<p>Como se dijo en post anterior (17\/07\/2016 reflexiones sobre especies ex\u00f3ticas invasoras), la generalizaci\u00f3n del concepto de \u00abespecies invasoras\u00bb impide realizar una razonable gesti\u00f3n del medio natural. Adem\u00e1s de tener en cuenta que ex\u00f3tico no es sin\u00f3nimo de maligno ni de perjudicial. Son los agaves invasores en ALMER\u00cdA?\u00a0 Afectan a la biodiversidad del territorio? Podemos &hellip; <a href=\"https:\/\/elpicudonegro.com\/web\/2016\/08\/11\/mas-sobre-especies-invasoras\/\" class=\"more-link\">Seguir leyendo <span class=\"screen-reader-text\">M\u00e1s sobre especies invasoras<\/span> <span class=\"meta-nav\">&rarr;<\/span><\/a><\/p>\n","protected":false},"author":1,"featured_media":0,"comment_status":"open","ping_status":"open","sticky":false,"template":"","format":"standard","meta":{"jetpack_post_was_ever_published":false,"_jetpack_newsletter_access":"","_jetpack_dont_email_post_to_subs":false,"_jetpack_newsletter_tier_id":0,"_jetpack_memberships_contains_paywalled_content":false,"_jetpack_memberships_contains_paid_content":false,"footnotes":"","jetpack_publicize_message":"","jetpack_publicize_feature_enabled":true,"jetpack_social_post_already_shared":true,"jetpack_social_options":{"image_generator_settings":{"template":"highway","default_image_id":0,"font":"","enabled":false},"version":2}},"categories":[4],"tags":[14],"class_list":["post-839","post","type-post","status-publish","format-standard","hentry","category-tratamientos-lucha-contra-el-picudo-negro","tag-tratamientos-picudo-negro"],"yoast_head":"<!-- This site is optimized with the Yoast SEO plugin v27.5 - https:\/\/yoast.com\/product\/yoast-seo-wordpress\/ -->\n<title>M\u00e1s sobre especies invasoras - EL PICUDO NEGRO<\/title>\n<meta name=\"description\" content=\"\u00bfDe donde son los camellos? Libro destinado a aquellos con el suficiente esp\u00edritu cr\u00edtico como para no querer tragarse todo el discurso establecido sin m\u00e1s.\" \/>\n<meta name=\"robots\" content=\"index, follow, max-snippet:-1, max-image-preview:large, max-video-preview:-1\" \/>\n<link rel=\"canonical\" href=\"https:\/\/elpicudonegro.com\/web\/2016\/08\/11\/mas-sobre-especies-invasoras\/\" \/>\n<meta property=\"og:locale\" content=\"es_ES\" \/>\n<meta property=\"og:type\" content=\"article\" \/>\n<meta property=\"og:title\" content=\"M\u00e1s sobre especies invasoras - EL PICUDO NEGRO\" \/>\n<meta property=\"og:description\" content=\"\u00bfDe donde son los camellos? Libro destinado a aquellos con el suficiente esp\u00edritu cr\u00edtico como para no querer tragarse todo el discurso establecido sin m\u00e1s.\" \/>\n<meta property=\"og:url\" content=\"https:\/\/elpicudonegro.com\/web\/2016\/08\/11\/mas-sobre-especies-invasoras\/\" \/>\n<meta property=\"og:site_name\" content=\"EL PICUDO NEGRO\" \/>\n<meta property=\"article:published_time\" content=\"2016-08-11T18:12:43+00:00\" \/>\n<meta property=\"article:modified_time\" content=\"2016-08-11T18:24:39+00:00\" \/>\n<meta property=\"og:image\" content=\"http:\/\/elpicudonegro.com\/web\/wp-content\/uploads\/2016\/08\/de-donde-camellos-206x300.jpg\" \/>\n<meta name=\"author\" content=\"administrador\" \/>\n<meta name=\"twitter:card\" content=\"summary_large_image\" \/>\n<meta name=\"twitter:label1\" content=\"Escrito por\" \/>\n\t<meta name=\"twitter:data1\" content=\"administrador\" \/>\n\t<meta name=\"twitter:label2\" content=\"Tiempo de lectura\" \/>\n\t<meta name=\"twitter:data2\" content=\"2 minutos\" \/>\n<script type=\"application\/ld+json\" class=\"yoast-schema-graph\">{\"@context\":\"https:\\\/\\\/schema.org\",\"@graph\":[{\"@type\":\"Article\",\"@id\":\"https:\\\/\\\/elpicudonegro.com\\\/web\\\/2016\\\/08\\\/11\\\/mas-sobre-especies-invasoras\\\/#article\",\"isPartOf\":{\"@id\":\"https:\\\/\\\/elpicudonegro.com\\\/web\\\/2016\\\/08\\\/11\\\/mas-sobre-especies-invasoras\\\/\"},\"author\":{\"name\":\"administrador\",\"@id\":\"https:\\\/\\\/elpicudonegro.com\\\/web\\\/#\\\/schema\\\/person\\\/94d2eca306e3e8bd545803f8d23f19d1\"},\"headline\":\"M\u00e1s sobre especies invasoras\",\"datePublished\":\"2016-08-11T18:12:43+00:00\",\"dateModified\":\"2016-08-11T18:24:39+00:00\",\"mainEntityOfPage\":{\"@id\":\"https:\\\/\\\/elpicudonegro.com\\\/web\\\/2016\\\/08\\\/11\\\/mas-sobre-especies-invasoras\\\/\"},\"wordCount\":462,\"commentCount\":0,\"image\":{\"@id\":\"https:\\\/\\\/elpicudonegro.com\\\/web\\\/2016\\\/08\\\/11\\\/mas-sobre-especies-invasoras\\\/#primaryimage\"},\"thumbnailUrl\":\"http:\\\/\\\/elpicudonegro.com\\\/web\\\/wp-content\\\/uploads\\\/2016\\\/08\\\/de-donde-camellos-206x300.jpg\",\"keywords\":[\"tratamientos picudo negro\"],\"articleSection\":[\"TRATAMIENTOS contra el picudo negro\"],\"inLanguage\":\"es\",\"potentialAction\":[{\"@type\":\"CommentAction\",\"name\":\"Comment\",\"target\":[\"https:\\\/\\\/elpicudonegro.com\\\/web\\\/2016\\\/08\\\/11\\\/mas-sobre-especies-invasoras\\\/#respond\"]}]},{\"@type\":\"WebPage\",\"@id\":\"https:\\\/\\\/elpicudonegro.com\\\/web\\\/2016\\\/08\\\/11\\\/mas-sobre-especies-invasoras\\\/\",\"url\":\"https:\\\/\\\/elpicudonegro.com\\\/web\\\/2016\\\/08\\\/11\\\/mas-sobre-especies-invasoras\\\/\",\"name\":\"M\u00e1s sobre especies invasoras - EL PICUDO NEGRO\",\"isPartOf\":{\"@id\":\"https:\\\/\\\/elpicudonegro.com\\\/web\\\/#website\"},\"primaryImageOfPage\":{\"@id\":\"https:\\\/\\\/elpicudonegro.com\\\/web\\\/2016\\\/08\\\/11\\\/mas-sobre-especies-invasoras\\\/#primaryimage\"},\"image\":{\"@id\":\"https:\\\/\\\/elpicudonegro.com\\\/web\\\/2016\\\/08\\\/11\\\/mas-sobre-especies-invasoras\\\/#primaryimage\"},\"thumbnailUrl\":\"http:\\\/\\\/elpicudonegro.com\\\/web\\\/wp-content\\\/uploads\\\/2016\\\/08\\\/de-donde-camellos-206x300.jpg\",\"datePublished\":\"2016-08-11T18:12:43+00:00\",\"dateModified\":\"2016-08-11T18:24:39+00:00\",\"author\":{\"@id\":\"https:\\\/\\\/elpicudonegro.com\\\/web\\\/#\\\/schema\\\/person\\\/94d2eca306e3e8bd545803f8d23f19d1\"},\"description\":\"\u00bfDe donde son los camellos? Libro destinado a aquellos con el suficiente esp\u00edritu cr\u00edtico como para no querer tragarse todo el discurso establecido sin m\u00e1s.\",\"breadcrumb\":{\"@id\":\"https:\\\/\\\/elpicudonegro.com\\\/web\\\/2016\\\/08\\\/11\\\/mas-sobre-especies-invasoras\\\/#breadcrumb\"},\"inLanguage\":\"es\",\"potentialAction\":[{\"@type\":\"ReadAction\",\"target\":[\"https:\\\/\\\/elpicudonegro.com\\\/web\\\/2016\\\/08\\\/11\\\/mas-sobre-especies-invasoras\\\/\"]}]},{\"@type\":\"ImageObject\",\"inLanguage\":\"es\",\"@id\":\"https:\\\/\\\/elpicudonegro.com\\\/web\\\/2016\\\/08\\\/11\\\/mas-sobre-especies-invasoras\\\/#primaryimage\",\"url\":\"https:\\\/\\\/i0.wp.com\\\/elpicudonegro.com\\\/web\\\/wp-content\\\/uploads\\\/2016\\\/08\\\/de-donde-camellos.jpg?fit=373%2C543&ssl=1\",\"contentUrl\":\"https:\\\/\\\/i0.wp.com\\\/elpicudonegro.com\\\/web\\\/wp-content\\\/uploads\\\/2016\\\/08\\\/de-donde-camellos.jpg?fit=373%2C543&ssl=1\",\"width\":373,\"height\":543,\"caption\":\"PORTADA DEL LIBRO\"},{\"@type\":\"BreadcrumbList\",\"@id\":\"https:\\\/\\\/elpicudonegro.com\\\/web\\\/2016\\\/08\\\/11\\\/mas-sobre-especies-invasoras\\\/#breadcrumb\",\"itemListElement\":[{\"@type\":\"ListItem\",\"position\":1,\"name\":\"Portada\",\"item\":\"https:\\\/\\\/elpicudonegro.com\\\/web\\\/\"},{\"@type\":\"ListItem\",\"position\":2,\"name\":\"M\u00e1s sobre especies invasoras\"}]},{\"@type\":\"WebSite\",\"@id\":\"https:\\\/\\\/elpicudonegro.com\\\/web\\\/#website\",\"url\":\"https:\\\/\\\/elpicudonegro.com\\\/web\\\/\",\"name\":\"EL PICUDO NEGRO\",\"description\":\"Control de la plaga de picudo negro en las pitas de Almeria\",\"potentialAction\":[{\"@type\":\"SearchAction\",\"target\":{\"@type\":\"EntryPoint\",\"urlTemplate\":\"https:\\\/\\\/elpicudonegro.com\\\/web\\\/?s={search_term_string}\"},\"query-input\":{\"@type\":\"PropertyValueSpecification\",\"valueRequired\":true,\"valueName\":\"search_term_string\"}}],\"inLanguage\":\"es\"},{\"@type\":\"Person\",\"@id\":\"https:\\\/\\\/elpicudonegro.com\\\/web\\\/#\\\/schema\\\/person\\\/94d2eca306e3e8bd545803f8d23f19d1\",\"name\":\"administrador\",\"image\":{\"@type\":\"ImageObject\",\"inLanguage\":\"es\",\"@id\":\"https:\\\/\\\/secure.gravatar.com\\\/avatar\\\/7a8b4df9d6c0d9e6ae7583f139d0d0dfea955d3a05ac5a6a6961b1a34334d20b?s=96&d=mm&r=g\",\"url\":\"https:\\\/\\\/secure.gravatar.com\\\/avatar\\\/7a8b4df9d6c0d9e6ae7583f139d0d0dfea955d3a05ac5a6a6961b1a34334d20b?s=96&d=mm&r=g\",\"contentUrl\":\"https:\\\/\\\/secure.gravatar.com\\\/avatar\\\/7a8b4df9d6c0d9e6ae7583f139d0d0dfea955d3a05ac5a6a6961b1a34334d20b?s=96&d=mm&r=g\",\"caption\":\"administrador\"},\"url\":\"https:\\\/\\\/elpicudonegro.com\\\/web\\\/author\\\/administrador\\\/\"}]}<\/script>\n<!-- \/ Yoast SEO plugin. -->","yoast_head_json":{"title":"M\u00e1s sobre especies invasoras - EL PICUDO NEGRO","description":"\u00bfDe donde son los camellos? Libro destinado a aquellos con el suficiente esp\u00edritu cr\u00edtico como para no querer tragarse todo el discurso establecido sin m\u00e1s.","robots":{"index":"index","follow":"follow","max-snippet":"max-snippet:-1","max-image-preview":"max-image-preview:large","max-video-preview":"max-video-preview:-1"},"canonical":"https:\/\/elpicudonegro.com\/web\/2016\/08\/11\/mas-sobre-especies-invasoras\/","og_locale":"es_ES","og_type":"article","og_title":"M\u00e1s sobre especies invasoras - EL PICUDO NEGRO","og_description":"\u00bfDe donde son los camellos? Libro destinado a aquellos con el suficiente esp\u00edritu cr\u00edtico como para no querer tragarse todo el discurso establecido sin m\u00e1s.","og_url":"https:\/\/elpicudonegro.com\/web\/2016\/08\/11\/mas-sobre-especies-invasoras\/","og_site_name":"EL PICUDO NEGRO","article_published_time":"2016-08-11T18:12:43+00:00","article_modified_time":"2016-08-11T18:24:39+00:00","og_image":[{"url":"http:\/\/elpicudonegro.com\/web\/wp-content\/uploads\/2016\/08\/de-donde-camellos-206x300.jpg","type":"","width":"","height":""}],"author":"administrador","twitter_card":"summary_large_image","twitter_misc":{"Escrito por":"administrador","Tiempo de lectura":"2 minutos"},"schema":{"@context":"https:\/\/schema.org","@graph":[{"@type":"Article","@id":"https:\/\/elpicudonegro.com\/web\/2016\/08\/11\/mas-sobre-especies-invasoras\/#article","isPartOf":{"@id":"https:\/\/elpicudonegro.com\/web\/2016\/08\/11\/mas-sobre-especies-invasoras\/"},"author":{"name":"administrador","@id":"https:\/\/elpicudonegro.com\/web\/#\/schema\/person\/94d2eca306e3e8bd545803f8d23f19d1"},"headline":"M\u00e1s sobre especies invasoras","datePublished":"2016-08-11T18:12:43+00:00","dateModified":"2016-08-11T18:24:39+00:00","mainEntityOfPage":{"@id":"https:\/\/elpicudonegro.com\/web\/2016\/08\/11\/mas-sobre-especies-invasoras\/"},"wordCount":462,"commentCount":0,"image":{"@id":"https:\/\/elpicudonegro.com\/web\/2016\/08\/11\/mas-sobre-especies-invasoras\/#primaryimage"},"thumbnailUrl":"http:\/\/elpicudonegro.com\/web\/wp-content\/uploads\/2016\/08\/de-donde-camellos-206x300.jpg","keywords":["tratamientos picudo negro"],"articleSection":["TRATAMIENTOS contra el picudo negro"],"inLanguage":"es","potentialAction":[{"@type":"CommentAction","name":"Comment","target":["https:\/\/elpicudonegro.com\/web\/2016\/08\/11\/mas-sobre-especies-invasoras\/#respond"]}]},{"@type":"WebPage","@id":"https:\/\/elpicudonegro.com\/web\/2016\/08\/11\/mas-sobre-especies-invasoras\/","url":"https:\/\/elpicudonegro.com\/web\/2016\/08\/11\/mas-sobre-especies-invasoras\/","name":"M\u00e1s sobre especies invasoras - EL PICUDO NEGRO","isPartOf":{"@id":"https:\/\/elpicudonegro.com\/web\/#website"},"primaryImageOfPage":{"@id":"https:\/\/elpicudonegro.com\/web\/2016\/08\/11\/mas-sobre-especies-invasoras\/#primaryimage"},"image":{"@id":"https:\/\/elpicudonegro.com\/web\/2016\/08\/11\/mas-sobre-especies-invasoras\/#primaryimage"},"thumbnailUrl":"http:\/\/elpicudonegro.com\/web\/wp-content\/uploads\/2016\/08\/de-donde-camellos-206x300.jpg","datePublished":"2016-08-11T18:12:43+00:00","dateModified":"2016-08-11T18:24:39+00:00","author":{"@id":"https:\/\/elpicudonegro.com\/web\/#\/schema\/person\/94d2eca306e3e8bd545803f8d23f19d1"},"description":"\u00bfDe donde son los camellos? Libro destinado a aquellos con el suficiente esp\u00edritu cr\u00edtico como para no querer tragarse todo el discurso establecido sin m\u00e1s.","breadcrumb":{"@id":"https:\/\/elpicudonegro.com\/web\/2016\/08\/11\/mas-sobre-especies-invasoras\/#breadcrumb"},"inLanguage":"es","potentialAction":[{"@type":"ReadAction","target":["https:\/\/elpicudonegro.com\/web\/2016\/08\/11\/mas-sobre-especies-invasoras\/"]}]},{"@type":"ImageObject","inLanguage":"es","@id":"https:\/\/elpicudonegro.com\/web\/2016\/08\/11\/mas-sobre-especies-invasoras\/#primaryimage","url":"https:\/\/i0.wp.com\/elpicudonegro.com\/web\/wp-content\/uploads\/2016\/08\/de-donde-camellos.jpg?fit=373%2C543&ssl=1","contentUrl":"https:\/\/i0.wp.com\/elpicudonegro.com\/web\/wp-content\/uploads\/2016\/08\/de-donde-camellos.jpg?fit=373%2C543&ssl=1","width":373,"height":543,"caption":"PORTADA DEL LIBRO"},{"@type":"BreadcrumbList","@id":"https:\/\/elpicudonegro.com\/web\/2016\/08\/11\/mas-sobre-especies-invasoras\/#breadcrumb","itemListElement":[{"@type":"ListItem","position":1,"name":"Portada","item":"https:\/\/elpicudonegro.com\/web\/"},{"@type":"ListItem","position":2,"name":"M\u00e1s sobre especies invasoras"}]},{"@type":"WebSite","@id":"https:\/\/elpicudonegro.com\/web\/#website","url":"https:\/\/elpicudonegro.com\/web\/","name":"EL PICUDO NEGRO","description":"Control de la plaga de picudo negro en las pitas de Almeria","potentialAction":[{"@type":"SearchAction","target":{"@type":"EntryPoint","urlTemplate":"https:\/\/elpicudonegro.com\/web\/?s={search_term_string}"},"query-input":{"@type":"PropertyValueSpecification","valueRequired":true,"valueName":"search_term_string"}}],"inLanguage":"es"},{"@type":"Person","@id":"https:\/\/elpicudonegro.com\/web\/#\/schema\/person\/94d2eca306e3e8bd545803f8d23f19d1","name":"administrador","image":{"@type":"ImageObject","inLanguage":"es","@id":"https:\/\/secure.gravatar.com\/avatar\/7a8b4df9d6c0d9e6ae7583f139d0d0dfea955d3a05ac5a6a6961b1a34334d20b?s=96&d=mm&r=g","url":"https:\/\/secure.gravatar.com\/avatar\/7a8b4df9d6c0d9e6ae7583f139d0d0dfea955d3a05ac5a6a6961b1a34334d20b?s=96&d=mm&r=g","contentUrl":"https:\/\/secure.gravatar.com\/avatar\/7a8b4df9d6c0d9e6ae7583f139d0d0dfea955d3a05ac5a6a6961b1a34334d20b?s=96&d=mm&r=g","caption":"administrador"},"url":"https:\/\/elpicudonegro.com\/web\/author\/administrador\/"}]}},"jetpack_publicize_connections":[],"jetpack_featured_media_url":"","jetpack_sharing_enabled":true,"jetpack_shortlink":"https:\/\/wp.me\/p7lxPt-dx","jetpack-related-posts":[],"_links":{"self":[{"href":"https:\/\/elpicudonegro.com\/web\/wp-json\/wp\/v2\/posts\/839","targetHints":{"allow":["GET"]}}],"collection":[{"href":"https:\/\/elpicudonegro.com\/web\/wp-json\/wp\/v2\/posts"}],"about":[{"href":"https:\/\/elpicudonegro.com\/web\/wp-json\/wp\/v2\/types\/post"}],"author":[{"embeddable":true,"href":"https:\/\/elpicudonegro.com\/web\/wp-json\/wp\/v2\/users\/1"}],"replies":[{"embeddable":true,"href":"https:\/\/elpicudonegro.com\/web\/wp-json\/wp\/v2\/comments?post=839"}],"version-history":[{"count":6,"href":"https:\/\/elpicudonegro.com\/web\/wp-json\/wp\/v2\/posts\/839\/revisions"}],"predecessor-version":[{"id":847,"href":"https:\/\/elpicudonegro.com\/web\/wp-json\/wp\/v2\/posts\/839\/revisions\/847"}],"wp:attachment":[{"href":"https:\/\/elpicudonegro.com\/web\/wp-json\/wp\/v2\/media?parent=839"}],"wp:term":[{"taxonomy":"category","embeddable":true,"href":"https:\/\/elpicudonegro.com\/web\/wp-json\/wp\/v2\/categories?post=839"},{"taxonomy":"post_tag","embeddable":true,"href":"https:\/\/elpicudonegro.com\/web\/wp-json\/wp\/v2\/tags?post=839"}],"curies":[{"name":"wp","href":"https:\/\/api.w.org\/{rel}","templated":true}]}}