{"id":903,"date":"2016-11-26T17:58:57","date_gmt":"2016-11-26T17:58:57","guid":{"rendered":"http:\/\/elpicudonegro.com\/web\/?p=903"},"modified":"2016-11-26T18:25:25","modified_gmt":"2016-11-26T18:25:25","slug":"picudo-negro-yucas","status":"publish","type":"post","link":"https:\/\/elpicudonegro.com\/web\/2016\/11\/26\/picudo-negro-yucas\/","title":{"rendered":"Picudo Negro aparece sobre Yucas"},"content":{"rendered":"<p style=\"text-align: justify;\">Damos cita en Almer\u00eda de la presencia de picudo negro (<em>Scyphophorus acupunctatus<\/em>) sobre <strong>Yucas<\/strong>, ya conocemos que se considera la m\u00e1s significativa plaga de agaves del mundo (Ru\u00edz-Montiel et al., 2009). Pero&#8230;<\/p>\n<figure id=\"attachment_895\" aria-describedby=\"caption-attachment-895\" style=\"width: 193px\" class=\"wp-caption aligncenter\"><img data-recalc-dims=\"1\" loading=\"lazy\" decoding=\"async\" data-attachment-id=\"895\" data-permalink=\"https:\/\/elpicudonegro.com\/web\/2016\/11\/26\/picudo-negro-yucas\/img_20161120_123407\/\" data-orig-file=\"https:\/\/i0.wp.com\/elpicudonegro.com\/web\/wp-content\/uploads\/2016\/11\/IMG_20161120_123407.jpg?fit=1440%2C2560&amp;ssl=1\" data-orig-size=\"1440,2560\" data-comments-opened=\"1\" data-image-meta=\"{&quot;aperture&quot;:&quot;0&quot;,&quot;credit&quot;:&quot;&quot;,&quot;camera&quot;:&quot;&quot;,&quot;caption&quot;:&quot;&quot;,&quot;created_timestamp&quot;:&quot;0&quot;,&quot;copyright&quot;:&quot;&quot;,&quot;focal_length&quot;:&quot;0&quot;,&quot;iso&quot;:&quot;0&quot;,&quot;shutter_speed&quot;:&quot;0&quot;,&quot;title&quot;:&quot;&quot;,&quot;orientation&quot;:&quot;0&quot;}\" data-image-title=\"img_20161120_123407\" data-image-description=\"&lt;p&gt;Yucas&lt;\/p&gt;\n\" data-image-caption=\"\" data-large-file=\"https:\/\/i0.wp.com\/elpicudonegro.com\/web\/wp-content\/uploads\/2016\/11\/IMG_20161120_123407.jpg?fit=474%2C843&amp;ssl=1\" class=\"wp-image-895\" src=\"https:\/\/i0.wp.com\/elpicudonegro.com\/web\/wp-content\/uploads\/2016\/11\/IMG_20161120_123407.jpg?resize=193%2C343\" alt=\"img_20161120_123407\" width=\"193\" height=\"343\" srcset=\"https:\/\/i0.wp.com\/elpicudonegro.com\/web\/wp-content\/uploads\/2016\/11\/IMG_20161120_123407.jpg?resize=169%2C300&amp;ssl=1 169w, https:\/\/i0.wp.com\/elpicudonegro.com\/web\/wp-content\/uploads\/2016\/11\/IMG_20161120_123407.jpg?resize=768%2C1365&amp;ssl=1 768w, https:\/\/i0.wp.com\/elpicudonegro.com\/web\/wp-content\/uploads\/2016\/11\/IMG_20161120_123407.jpg?resize=576%2C1024&amp;ssl=1 576w, https:\/\/i0.wp.com\/elpicudonegro.com\/web\/wp-content\/uploads\/2016\/11\/IMG_20161120_123407.jpg?w=1440&amp;ssl=1 1440w, https:\/\/i0.wp.com\/elpicudonegro.com\/web\/wp-content\/uploads\/2016\/11\/IMG_20161120_123407.jpg?w=948 948w\" sizes=\"auto, (max-width: 193px) 100vw, 193px\" \/><figcaption id=\"caption-attachment-895\" class=\"wp-caption-text\">Yucca sp.<\/figcaption><\/figure>\n<p style=\"text-align: justify;\">Pero si consultamos la literatura al respecto tambien se le ha encontrado aliment\u00e1ndose de otros g\u00e9neros y especies de plantas como Dasyliriom spp., Dracaena draco, Furcraea cubensis, Furcraea gigantea, Furcraea tuberosa, Polianthes tuberosa, <strong>Yucca aloifolia, Yucca elephantipes, Y. glauca, Y. gloriosa, y Y. whipplei<\/strong> (CAB International, 2011; Gonz\u00e1lez et al., 2007; Pott, 1975; Vel\u00e1zquez et al., 2006).<\/p>\n<figure id=\"attachment_899\" aria-describedby=\"caption-attachment-899\" style=\"width: 306px\" class=\"wp-caption aligncenter\"><img data-recalc-dims=\"1\" loading=\"lazy\" decoding=\"async\" data-attachment-id=\"899\" data-permalink=\"https:\/\/elpicudonegro.com\/web\/2016\/11\/26\/picudo-negro-yucas\/img-20161120-wa0000\/\" data-orig-file=\"https:\/\/i0.wp.com\/elpicudonegro.com\/web\/wp-content\/uploads\/2016\/11\/IMG-20161120-WA0000.jpg?fit=1200%2C1600&amp;ssl=1\" data-orig-size=\"1200,1600\" data-comments-opened=\"1\" data-image-meta=\"{&quot;aperture&quot;:&quot;0&quot;,&quot;credit&quot;:&quot;&quot;,&quot;camera&quot;:&quot;&quot;,&quot;caption&quot;:&quot;&quot;,&quot;created_timestamp&quot;:&quot;0&quot;,&quot;copyright&quot;:&quot;&quot;,&quot;focal_length&quot;:&quot;0&quot;,&quot;iso&quot;:&quot;0&quot;,&quot;shutter_speed&quot;:&quot;0&quot;,&quot;title&quot;:&quot;&quot;,&quot;orientation&quot;:&quot;0&quot;}\" data-image-title=\"img-20161120-wa0000\" data-image-description=\"&lt;p&gt;Picudo Negro en yuca&lt;\/p&gt;\n\" data-image-caption=\"\" data-large-file=\"https:\/\/i0.wp.com\/elpicudonegro.com\/web\/wp-content\/uploads\/2016\/11\/IMG-20161120-WA0000.jpg?fit=474%2C632&amp;ssl=1\" class=\"wp-image-899\" src=\"https:\/\/i0.wp.com\/elpicudonegro.com\/web\/wp-content\/uploads\/2016\/11\/IMG-20161120-WA0000.jpg?resize=306%2C408\" alt=\"img-20161120-wa0000\" width=\"306\" height=\"408\" srcset=\"https:\/\/i0.wp.com\/elpicudonegro.com\/web\/wp-content\/uploads\/2016\/11\/IMG-20161120-WA0000.jpg?resize=225%2C300&amp;ssl=1 225w, https:\/\/i0.wp.com\/elpicudonegro.com\/web\/wp-content\/uploads\/2016\/11\/IMG-20161120-WA0000.jpg?resize=768%2C1024&amp;ssl=1 768w, https:\/\/i0.wp.com\/elpicudonegro.com\/web\/wp-content\/uploads\/2016\/11\/IMG-20161120-WA0000.jpg?w=1200&amp;ssl=1 1200w, https:\/\/i0.wp.com\/elpicudonegro.com\/web\/wp-content\/uploads\/2016\/11\/IMG-20161120-WA0000.jpg?w=948 948w\" sizes=\"auto, (max-width: 306px) 100vw, 306px\" \/><figcaption id=\"caption-attachment-899\" class=\"wp-caption-text\">Picudo Negro sobre g\u00e9nero Yucca<\/figcaption><\/figure>\n<p style=\"text-align: justify;\">La anterior fotograf\u00eda es tomada en un paraje de Las Negras (Almer\u00eda) dentro de una zona ajardinada, esta yuca se encuentra junto a otros ejemplares ya muertos. Seg\u00fan nos relatan los propietarios en el momento de \u00ablevantar\u00bb las yucas afectadas, aparecieron multitud de larvas y adultos en la base de la ra\u00edz.<\/p>\n<p style=\"text-align: justify;\">Sospechamos que la planta fotografiada tambi\u00e9n comienza a ser hospedante de picudo negro, no ya por la presencia de un picudo entre sus hojas, sino por las exudaciones de \u00abmelaza\u00bb observadas (la presencia de la bacteria Erwinia sp. es muy probable) y un leve decaimiento general. Comenzamos su observaci\u00f3n para tener la confirmaci\u00f3n.<\/p>\n<p style=\"text-align: justify;\">En la siguiente foto apreciamos el inicio del foco de picudo negro de este lugar, las pitas (Agave americana) tienen un nivel de de afecci\u00f3n muy alto.<\/p>\n<figure id=\"attachment_894\" aria-describedby=\"caption-attachment-894\" style=\"width: 344px\" class=\"wp-caption aligncenter\"><img data-recalc-dims=\"1\" loading=\"lazy\" decoding=\"async\" data-attachment-id=\"894\" data-permalink=\"https:\/\/elpicudonegro.com\/web\/2016\/11\/26\/picudo-negro-yucas\/img_20161120_122929\/\" data-orig-file=\"https:\/\/i0.wp.com\/elpicudonegro.com\/web\/wp-content\/uploads\/2016\/11\/IMG_20161120_122929.jpg?fit=2560%2C1440&amp;ssl=1\" data-orig-size=\"2560,1440\" data-comments-opened=\"1\" data-image-meta=\"{&quot;aperture&quot;:&quot;0&quot;,&quot;credit&quot;:&quot;&quot;,&quot;camera&quot;:&quot;&quot;,&quot;caption&quot;:&quot;&quot;,&quot;created_timestamp&quot;:&quot;0&quot;,&quot;copyright&quot;:&quot;&quot;,&quot;focal_length&quot;:&quot;0&quot;,&quot;iso&quot;:&quot;0&quot;,&quot;shutter_speed&quot;:&quot;0&quot;,&quot;title&quot;:&quot;&quot;,&quot;orientation&quot;:&quot;0&quot;}\" data-image-title=\"img_20161120_122929\" data-image-description=\"\" data-image-caption=\"&lt;p&gt;Pita junto a yucas&lt;\/p&gt;\n\" data-large-file=\"https:\/\/i0.wp.com\/elpicudonegro.com\/web\/wp-content\/uploads\/2016\/11\/IMG_20161120_122929.jpg?fit=474%2C267&amp;ssl=1\" class=\" wp-image-894\" src=\"https:\/\/i0.wp.com\/elpicudonegro.com\/web\/wp-content\/uploads\/2016\/11\/IMG_20161120_122929.jpg?resize=344%2C194\" alt=\"Pita junto a yucas\" width=\"344\" height=\"194\" srcset=\"https:\/\/i0.wp.com\/elpicudonegro.com\/web\/wp-content\/uploads\/2016\/11\/IMG_20161120_122929.jpg?resize=300%2C169&amp;ssl=1 300w, https:\/\/i0.wp.com\/elpicudonegro.com\/web\/wp-content\/uploads\/2016\/11\/IMG_20161120_122929.jpg?resize=768%2C432&amp;ssl=1 768w, https:\/\/i0.wp.com\/elpicudonegro.com\/web\/wp-content\/uploads\/2016\/11\/IMG_20161120_122929.jpg?resize=1024%2C576&amp;ssl=1 1024w, https:\/\/i0.wp.com\/elpicudonegro.com\/web\/wp-content\/uploads\/2016\/11\/IMG_20161120_122929.jpg?w=948 948w, https:\/\/i0.wp.com\/elpicudonegro.com\/web\/wp-content\/uploads\/2016\/11\/IMG_20161120_122929.jpg?w=1422 1422w\" sizes=\"auto, (max-width: 344px) 100vw, 344px\" \/><figcaption id=\"caption-attachment-894\" class=\"wp-caption-text\">Pita junto a yucas<\/figcaption><\/figure>\n<p style=\"text-align: justify;\">Seguiremos pues, en la observaci\u00f3n y dando la voz de alarma en la expansi\u00f3n de este gorgojo. Ya no solo tememos por especies del g\u00e9nero Agave, constatamos que el picudo negro comienza a alimentarse de otras especies.<\/p>\n<p style=\"text-align: justify;\">PUEDEN SER LOS DRAGOS LOS SIGUIENTES AFECTADOS?\u00a0 Confiemos controlar su avance cuanto antes.<\/p>\n<p style=\"text-align: justify;\">GRACIAS<\/p>\n","protected":false},"excerpt":{"rendered":"<p>Damos cita en Almer\u00eda de la presencia de picudo negro (Scyphophorus acupunctatus) sobre Yucas, ya conocemos que se considera la m\u00e1s significativa plaga de agaves del mundo (Ru\u00edz-Montiel et al., 2009). Pero&#8230; Pero si consultamos la literatura al respecto tambien se le ha encontrado aliment\u00e1ndose de otros g\u00e9neros y especies de plantas como Dasyliriom spp., &hellip; <a href=\"https:\/\/elpicudonegro.com\/web\/2016\/11\/26\/picudo-negro-yucas\/\" class=\"more-link\">Seguir leyendo <span class=\"screen-reader-text\">Picudo Negro aparece sobre Yucas<\/span> <span class=\"meta-nav\">&rarr;<\/span><\/a><\/p>\n","protected":false},"author":1,"featured_media":0,"comment_status":"open","ping_status":"open","sticky":false,"template":"","format":"standard","meta":{"jetpack_post_was_ever_published":false,"_jetpack_newsletter_access":"","_jetpack_dont_email_post_to_subs":true,"_jetpack_newsletter_tier_id":0,"_jetpack_memberships_contains_paywalled_content":false,"_jetpack_memberships_contains_paid_content":false,"footnotes":"","jetpack_publicize_message":"","jetpack_publicize_feature_enabled":true,"jetpack_social_post_already_shared":true,"jetpack_social_options":{"image_generator_settings":{"template":"highway","default_image_id":0,"font":"","enabled":false},"version":2}},"categories":[2],"tags":[6],"class_list":["post-903","post","type-post","status-publish","format-standard","hentry","category-vigilar-el-desarrollo-de-la-plaga-de-picudo-negro-almeria","tag-distribucion-picudo-negro"],"yoast_head":"<!-- This site is optimized with the Yoast SEO plugin v27.4 - https:\/\/yoast.com\/product\/yoast-seo-wordpress\/ -->\n<title>Picudo Negro aparece sobre Yucas<\/title>\n<meta name=\"description\" content=\"Damos cita en Almer\u00eda de la presencia de Picudo negro aliment\u00e1ndose de Yucas\" \/>\n<meta name=\"robots\" content=\"index, follow, max-snippet:-1, max-image-preview:large, max-video-preview:-1\" \/>\n<link rel=\"canonical\" href=\"https:\/\/elpicudonegro.com\/web\/2016\/11\/26\/picudo-negro-yucas\/\" \/>\n<meta property=\"og:locale\" content=\"es_ES\" \/>\n<meta property=\"og:type\" content=\"article\" \/>\n<meta property=\"og:title\" content=\"Picudo Negro aparece sobre Yucas\" \/>\n<meta property=\"og:description\" content=\"Damos cita en Almer\u00eda de la presencia de Picudo negro aliment\u00e1ndose de Yucas\" \/>\n<meta property=\"og:url\" content=\"https:\/\/elpicudonegro.com\/web\/2016\/11\/26\/picudo-negro-yucas\/\" \/>\n<meta property=\"og:site_name\" content=\"EL PICUDO NEGRO\" \/>\n<meta property=\"article:published_time\" content=\"2016-11-26T17:58:57+00:00\" \/>\n<meta property=\"article:modified_time\" content=\"2016-11-26T18:25:25+00:00\" \/>\n<meta property=\"og:image\" content=\"http:\/\/elpicudonegro.com\/web\/wp-content\/uploads\/2016\/11\/IMG_20161120_123407-169x300.jpg\" \/>\n<meta name=\"author\" content=\"administrador\" \/>\n<meta name=\"twitter:card\" content=\"summary_large_image\" \/>\n<meta name=\"twitter:label1\" content=\"Escrito por\" \/>\n\t<meta name=\"twitter:data1\" content=\"administrador\" \/>\n\t<meta name=\"twitter:label2\" content=\"Tiempo de lectura\" \/>\n\t<meta name=\"twitter:data2\" content=\"2 minutos\" \/>\n<script type=\"application\/ld+json\" class=\"yoast-schema-graph\">{\"@context\":\"https:\\\/\\\/schema.org\",\"@graph\":[{\"@type\":\"Article\",\"@id\":\"https:\\\/\\\/elpicudonegro.com\\\/web\\\/2016\\\/11\\\/26\\\/picudo-negro-yucas\\\/#article\",\"isPartOf\":{\"@id\":\"https:\\\/\\\/elpicudonegro.com\\\/web\\\/2016\\\/11\\\/26\\\/picudo-negro-yucas\\\/\"},\"author\":{\"name\":\"administrador\",\"@id\":\"https:\\\/\\\/elpicudonegro.com\\\/web\\\/#\\\/schema\\\/person\\\/94d2eca306e3e8bd545803f8d23f19d1\"},\"headline\":\"Picudo Negro aparece sobre Yucas\",\"datePublished\":\"2016-11-26T17:58:57+00:00\",\"dateModified\":\"2016-11-26T18:25:25+00:00\",\"mainEntityOfPage\":{\"@id\":\"https:\\\/\\\/elpicudonegro.com\\\/web\\\/2016\\\/11\\\/26\\\/picudo-negro-yucas\\\/\"},\"wordCount\":323,\"commentCount\":3,\"image\":{\"@id\":\"https:\\\/\\\/elpicudonegro.com\\\/web\\\/2016\\\/11\\\/26\\\/picudo-negro-yucas\\\/#primaryimage\"},\"thumbnailUrl\":\"http:\\\/\\\/elpicudonegro.com\\\/web\\\/wp-content\\\/uploads\\\/2016\\\/11\\\/IMG_20161120_123407-169x300.jpg\",\"keywords\":[\"distribucion picudo negro\"],\"articleSection\":[\"Avisos de su DISTRIBUCI\u00d3N en Almer\u00eda\"],\"inLanguage\":\"es\",\"potentialAction\":[{\"@type\":\"CommentAction\",\"name\":\"Comment\",\"target\":[\"https:\\\/\\\/elpicudonegro.com\\\/web\\\/2016\\\/11\\\/26\\\/picudo-negro-yucas\\\/#respond\"]}]},{\"@type\":\"WebPage\",\"@id\":\"https:\\\/\\\/elpicudonegro.com\\\/web\\\/2016\\\/11\\\/26\\\/picudo-negro-yucas\\\/\",\"url\":\"https:\\\/\\\/elpicudonegro.com\\\/web\\\/2016\\\/11\\\/26\\\/picudo-negro-yucas\\\/\",\"name\":\"Picudo Negro aparece sobre Yucas\",\"isPartOf\":{\"@id\":\"https:\\\/\\\/elpicudonegro.com\\\/web\\\/#website\"},\"primaryImageOfPage\":{\"@id\":\"https:\\\/\\\/elpicudonegro.com\\\/web\\\/2016\\\/11\\\/26\\\/picudo-negro-yucas\\\/#primaryimage\"},\"image\":{\"@id\":\"https:\\\/\\\/elpicudonegro.com\\\/web\\\/2016\\\/11\\\/26\\\/picudo-negro-yucas\\\/#primaryimage\"},\"thumbnailUrl\":\"http:\\\/\\\/elpicudonegro.com\\\/web\\\/wp-content\\\/uploads\\\/2016\\\/11\\\/IMG_20161120_123407-169x300.jpg\",\"datePublished\":\"2016-11-26T17:58:57+00:00\",\"dateModified\":\"2016-11-26T18:25:25+00:00\",\"author\":{\"@id\":\"https:\\\/\\\/elpicudonegro.com\\\/web\\\/#\\\/schema\\\/person\\\/94d2eca306e3e8bd545803f8d23f19d1\"},\"description\":\"Damos cita en Almer\u00eda de la presencia de Picudo negro aliment\u00e1ndose de Yucas\",\"breadcrumb\":{\"@id\":\"https:\\\/\\\/elpicudonegro.com\\\/web\\\/2016\\\/11\\\/26\\\/picudo-negro-yucas\\\/#breadcrumb\"},\"inLanguage\":\"es\",\"potentialAction\":[{\"@type\":\"ReadAction\",\"target\":[\"https:\\\/\\\/elpicudonegro.com\\\/web\\\/2016\\\/11\\\/26\\\/picudo-negro-yucas\\\/\"]}]},{\"@type\":\"ImageObject\",\"inLanguage\":\"es\",\"@id\":\"https:\\\/\\\/elpicudonegro.com\\\/web\\\/2016\\\/11\\\/26\\\/picudo-negro-yucas\\\/#primaryimage\",\"url\":\"https:\\\/\\\/i0.wp.com\\\/elpicudonegro.com\\\/web\\\/wp-content\\\/uploads\\\/2016\\\/11\\\/IMG_20161120_123407.jpg?fit=1440%2C2560&ssl=1\",\"contentUrl\":\"https:\\\/\\\/i0.wp.com\\\/elpicudonegro.com\\\/web\\\/wp-content\\\/uploads\\\/2016\\\/11\\\/IMG_20161120_123407.jpg?fit=1440%2C2560&ssl=1\",\"width\":1440,\"height\":2560},{\"@type\":\"BreadcrumbList\",\"@id\":\"https:\\\/\\\/elpicudonegro.com\\\/web\\\/2016\\\/11\\\/26\\\/picudo-negro-yucas\\\/#breadcrumb\",\"itemListElement\":[{\"@type\":\"ListItem\",\"position\":1,\"name\":\"Portada\",\"item\":\"https:\\\/\\\/elpicudonegro.com\\\/web\\\/\"},{\"@type\":\"ListItem\",\"position\":2,\"name\":\"Picudo Negro aparece sobre Yucas\"}]},{\"@type\":\"WebSite\",\"@id\":\"https:\\\/\\\/elpicudonegro.com\\\/web\\\/#website\",\"url\":\"https:\\\/\\\/elpicudonegro.com\\\/web\\\/\",\"name\":\"EL PICUDO NEGRO\",\"description\":\"Control de la plaga de picudo negro en las pitas de Almeria\",\"potentialAction\":[{\"@type\":\"SearchAction\",\"target\":{\"@type\":\"EntryPoint\",\"urlTemplate\":\"https:\\\/\\\/elpicudonegro.com\\\/web\\\/?s={search_term_string}\"},\"query-input\":{\"@type\":\"PropertyValueSpecification\",\"valueRequired\":true,\"valueName\":\"search_term_string\"}}],\"inLanguage\":\"es\"},{\"@type\":\"Person\",\"@id\":\"https:\\\/\\\/elpicudonegro.com\\\/web\\\/#\\\/schema\\\/person\\\/94d2eca306e3e8bd545803f8d23f19d1\",\"name\":\"administrador\",\"image\":{\"@type\":\"ImageObject\",\"inLanguage\":\"es\",\"@id\":\"https:\\\/\\\/secure.gravatar.com\\\/avatar\\\/7a8b4df9d6c0d9e6ae7583f139d0d0dfea955d3a05ac5a6a6961b1a34334d20b?s=96&d=mm&r=g\",\"url\":\"https:\\\/\\\/secure.gravatar.com\\\/avatar\\\/7a8b4df9d6c0d9e6ae7583f139d0d0dfea955d3a05ac5a6a6961b1a34334d20b?s=96&d=mm&r=g\",\"contentUrl\":\"https:\\\/\\\/secure.gravatar.com\\\/avatar\\\/7a8b4df9d6c0d9e6ae7583f139d0d0dfea955d3a05ac5a6a6961b1a34334d20b?s=96&d=mm&r=g\",\"caption\":\"administrador\"},\"url\":\"https:\\\/\\\/elpicudonegro.com\\\/web\\\/author\\\/administrador\\\/\"}]}<\/script>\n<!-- \/ Yoast SEO plugin. -->","yoast_head_json":{"title":"Picudo Negro aparece sobre Yucas","description":"Damos cita en Almer\u00eda de la presencia de Picudo negro aliment\u00e1ndose de Yucas","robots":{"index":"index","follow":"follow","max-snippet":"max-snippet:-1","max-image-preview":"max-image-preview:large","max-video-preview":"max-video-preview:-1"},"canonical":"https:\/\/elpicudonegro.com\/web\/2016\/11\/26\/picudo-negro-yucas\/","og_locale":"es_ES","og_type":"article","og_title":"Picudo Negro aparece sobre Yucas","og_description":"Damos cita en Almer\u00eda de la presencia de Picudo negro aliment\u00e1ndose de Yucas","og_url":"https:\/\/elpicudonegro.com\/web\/2016\/11\/26\/picudo-negro-yucas\/","og_site_name":"EL PICUDO NEGRO","article_published_time":"2016-11-26T17:58:57+00:00","article_modified_time":"2016-11-26T18:25:25+00:00","og_image":[{"url":"http:\/\/elpicudonegro.com\/web\/wp-content\/uploads\/2016\/11\/IMG_20161120_123407-169x300.jpg","type":"","width":"","height":""}],"author":"administrador","twitter_card":"summary_large_image","twitter_misc":{"Escrito por":"administrador","Tiempo de lectura":"2 minutos"},"schema":{"@context":"https:\/\/schema.org","@graph":[{"@type":"Article","@id":"https:\/\/elpicudonegro.com\/web\/2016\/11\/26\/picudo-negro-yucas\/#article","isPartOf":{"@id":"https:\/\/elpicudonegro.com\/web\/2016\/11\/26\/picudo-negro-yucas\/"},"author":{"name":"administrador","@id":"https:\/\/elpicudonegro.com\/web\/#\/schema\/person\/94d2eca306e3e8bd545803f8d23f19d1"},"headline":"Picudo Negro aparece sobre Yucas","datePublished":"2016-11-26T17:58:57+00:00","dateModified":"2016-11-26T18:25:25+00:00","mainEntityOfPage":{"@id":"https:\/\/elpicudonegro.com\/web\/2016\/11\/26\/picudo-negro-yucas\/"},"wordCount":323,"commentCount":3,"image":{"@id":"https:\/\/elpicudonegro.com\/web\/2016\/11\/26\/picudo-negro-yucas\/#primaryimage"},"thumbnailUrl":"http:\/\/elpicudonegro.com\/web\/wp-content\/uploads\/2016\/11\/IMG_20161120_123407-169x300.jpg","keywords":["distribucion picudo negro"],"articleSection":["Avisos de su DISTRIBUCI\u00d3N en Almer\u00eda"],"inLanguage":"es","potentialAction":[{"@type":"CommentAction","name":"Comment","target":["https:\/\/elpicudonegro.com\/web\/2016\/11\/26\/picudo-negro-yucas\/#respond"]}]},{"@type":"WebPage","@id":"https:\/\/elpicudonegro.com\/web\/2016\/11\/26\/picudo-negro-yucas\/","url":"https:\/\/elpicudonegro.com\/web\/2016\/11\/26\/picudo-negro-yucas\/","name":"Picudo Negro aparece sobre Yucas","isPartOf":{"@id":"https:\/\/elpicudonegro.com\/web\/#website"},"primaryImageOfPage":{"@id":"https:\/\/elpicudonegro.com\/web\/2016\/11\/26\/picudo-negro-yucas\/#primaryimage"},"image":{"@id":"https:\/\/elpicudonegro.com\/web\/2016\/11\/26\/picudo-negro-yucas\/#primaryimage"},"thumbnailUrl":"http:\/\/elpicudonegro.com\/web\/wp-content\/uploads\/2016\/11\/IMG_20161120_123407-169x300.jpg","datePublished":"2016-11-26T17:58:57+00:00","dateModified":"2016-11-26T18:25:25+00:00","author":{"@id":"https:\/\/elpicudonegro.com\/web\/#\/schema\/person\/94d2eca306e3e8bd545803f8d23f19d1"},"description":"Damos cita en Almer\u00eda de la presencia de Picudo negro aliment\u00e1ndose de Yucas","breadcrumb":{"@id":"https:\/\/elpicudonegro.com\/web\/2016\/11\/26\/picudo-negro-yucas\/#breadcrumb"},"inLanguage":"es","potentialAction":[{"@type":"ReadAction","target":["https:\/\/elpicudonegro.com\/web\/2016\/11\/26\/picudo-negro-yucas\/"]}]},{"@type":"ImageObject","inLanguage":"es","@id":"https:\/\/elpicudonegro.com\/web\/2016\/11\/26\/picudo-negro-yucas\/#primaryimage","url":"https:\/\/i0.wp.com\/elpicudonegro.com\/web\/wp-content\/uploads\/2016\/11\/IMG_20161120_123407.jpg?fit=1440%2C2560&ssl=1","contentUrl":"https:\/\/i0.wp.com\/elpicudonegro.com\/web\/wp-content\/uploads\/2016\/11\/IMG_20161120_123407.jpg?fit=1440%2C2560&ssl=1","width":1440,"height":2560},{"@type":"BreadcrumbList","@id":"https:\/\/elpicudonegro.com\/web\/2016\/11\/26\/picudo-negro-yucas\/#breadcrumb","itemListElement":[{"@type":"ListItem","position":1,"name":"Portada","item":"https:\/\/elpicudonegro.com\/web\/"},{"@type":"ListItem","position":2,"name":"Picudo Negro aparece sobre Yucas"}]},{"@type":"WebSite","@id":"https:\/\/elpicudonegro.com\/web\/#website","url":"https:\/\/elpicudonegro.com\/web\/","name":"EL PICUDO NEGRO","description":"Control de la plaga de picudo negro en las pitas de Almeria","potentialAction":[{"@type":"SearchAction","target":{"@type":"EntryPoint","urlTemplate":"https:\/\/elpicudonegro.com\/web\/?s={search_term_string}"},"query-input":{"@type":"PropertyValueSpecification","valueRequired":true,"valueName":"search_term_string"}}],"inLanguage":"es"},{"@type":"Person","@id":"https:\/\/elpicudonegro.com\/web\/#\/schema\/person\/94d2eca306e3e8bd545803f8d23f19d1","name":"administrador","image":{"@type":"ImageObject","inLanguage":"es","@id":"https:\/\/secure.gravatar.com\/avatar\/7a8b4df9d6c0d9e6ae7583f139d0d0dfea955d3a05ac5a6a6961b1a34334d20b?s=96&d=mm&r=g","url":"https:\/\/secure.gravatar.com\/avatar\/7a8b4df9d6c0d9e6ae7583f139d0d0dfea955d3a05ac5a6a6961b1a34334d20b?s=96&d=mm&r=g","contentUrl":"https:\/\/secure.gravatar.com\/avatar\/7a8b4df9d6c0d9e6ae7583f139d0d0dfea955d3a05ac5a6a6961b1a34334d20b?s=96&d=mm&r=g","caption":"administrador"},"url":"https:\/\/elpicudonegro.com\/web\/author\/administrador\/"}]}},"jetpack_publicize_connections":[],"jetpack_featured_media_url":"","jetpack_sharing_enabled":true,"jetpack_shortlink":"https:\/\/wp.me\/p7lxPt-ez","jetpack-related-posts":[],"_links":{"self":[{"href":"https:\/\/elpicudonegro.com\/web\/wp-json\/wp\/v2\/posts\/903","targetHints":{"allow":["GET"]}}],"collection":[{"href":"https:\/\/elpicudonegro.com\/web\/wp-json\/wp\/v2\/posts"}],"about":[{"href":"https:\/\/elpicudonegro.com\/web\/wp-json\/wp\/v2\/types\/post"}],"author":[{"embeddable":true,"href":"https:\/\/elpicudonegro.com\/web\/wp-json\/wp\/v2\/users\/1"}],"replies":[{"embeddable":true,"href":"https:\/\/elpicudonegro.com\/web\/wp-json\/wp\/v2\/comments?post=903"}],"version-history":[{"count":11,"href":"https:\/\/elpicudonegro.com\/web\/wp-json\/wp\/v2\/posts\/903\/revisions"}],"predecessor-version":[{"id":914,"href":"https:\/\/elpicudonegro.com\/web\/wp-json\/wp\/v2\/posts\/903\/revisions\/914"}],"wp:attachment":[{"href":"https:\/\/elpicudonegro.com\/web\/wp-json\/wp\/v2\/media?parent=903"}],"wp:term":[{"taxonomy":"category","embeddable":true,"href":"https:\/\/elpicudonegro.com\/web\/wp-json\/wp\/v2\/categories?post=903"},{"taxonomy":"post_tag","embeddable":true,"href":"https:\/\/elpicudonegro.com\/web\/wp-json\/wp\/v2\/tags?post=903"}],"curies":[{"name":"wp","href":"https:\/\/api.w.org\/{rel}","templated":true}]}}