{"id":973,"date":"2017-04-17T11:05:08","date_gmt":"2017-04-17T11:05:08","guid":{"rendered":"http:\/\/elpicudonegro.com\/web\/?p=973"},"modified":"2017-04-17T11:31:16","modified_gmt":"2017-04-17T11:31:16","slug":"las-pitas-p-n-cabo-gata","status":"publish","type":"post","link":"https:\/\/elpicudonegro.com\/web\/2017\/04\/17\/las-pitas-p-n-cabo-gata\/","title":{"rendered":"Las pitas y el P.N. Cabo de Gata"},"content":{"rendered":"<p>Almer\u00eda en general y el P.N. Cabo de Gata en particular es dif\u00edcil entenderlo sin pitas ni pencas, a pesar de la opini\u00f3n de parte de muchos \u201cecologistas\u201d y \u201cgestores\u201d.<\/p>\n<p>En su \u00faltimo n\u00famero, la publicaci\u00f3n decana y de referencia en temas ambientales del Cabo de Gata,\u00a0 <strong>El Eco del Parque<\/strong> (AMIGOS del PN CABO DE GATA-N\u00cdJAR) hace una breve menci\u00f3n al trabajo que venimos desarrollando, desde aqu\u00ed nuestro agradecimiento. Puede verse en el siguiente enlace: <a href=\"http:\/\/www.cabodegata.net\/eseco007m.html\" target=\"_blank\"><strong>ECO DEL PARQUE 07 PRIMAVERA 17<\/strong><\/a><\/p>\n<p>Nos sentimos profundamente tristes y apenados por aquellas plantas que pusieron nuestros antepasados para proteger los cortijos, hacer lindes o sacar fibras&#8230;. En nuestra mano esta mantener este legado. La pitaca tuvo diversos usos como fue el forraje, para levantar \u201cchambaos\u201d, sus flores son mel\u00edferas (abejas), tambi\u00e9n utilizado como combustible cuando ya estaban secas, en fin un largo etc.<\/p>\n<p>Los usos descritos se abandonaron hace tiempo, actualmente el valor paisajistico, es sin duda el m\u00e1s apreciado <a href=\"http:\/\/www.fao.org\/ecosystem-services-biodiversity\/es\/\" target=\"_blank\"><strong>servicio ecosist\u00e9mico<\/strong><\/a> que nos proporcionan las pitacas. Prueba de ello son\u00a0 las innumerables REPRESENTACIONES EN EL ARTE Y LA CULTURA donde estas plantas son protagonistas.<\/p>\n<figure id=\"attachment_974\" aria-describedby=\"caption-attachment-974\" style=\"width: 352px\" class=\"wp-caption aligncenter\"><img data-recalc-dims=\"1\" loading=\"lazy\" decoding=\"async\" data-attachment-id=\"974\" data-permalink=\"https:\/\/elpicudonegro.com\/web\/2017\/04\/17\/las-pitas-p-n-cabo-gata\/pitas-en-las-cuevas\/\" data-orig-file=\"https:\/\/i0.wp.com\/elpicudonegro.com\/web\/wp-content\/uploads\/2017\/04\/pitas-en-LAS-CUEVAS.jpg?fit=1600%2C1200&amp;ssl=1\" data-orig-size=\"1600,1200\" data-comments-opened=\"1\" data-image-meta=\"{&quot;aperture&quot;:&quot;0&quot;,&quot;credit&quot;:&quot;&quot;,&quot;camera&quot;:&quot;&quot;,&quot;caption&quot;:&quot;&quot;,&quot;created_timestamp&quot;:&quot;0&quot;,&quot;copyright&quot;:&quot;&quot;,&quot;focal_length&quot;:&quot;0&quot;,&quot;iso&quot;:&quot;0&quot;,&quot;shutter_speed&quot;:&quot;0&quot;,&quot;title&quot;:&quot;&quot;,&quot;orientation&quot;:&quot;0&quot;}\" data-image-title=\"pitas en LAS CUEVAS\" data-image-description=\"&lt;p&gt;Grupo de pitas afectadas&lt;\/p&gt;\n\" data-image-caption=\"\" data-large-file=\"https:\/\/i0.wp.com\/elpicudonegro.com\/web\/wp-content\/uploads\/2017\/04\/pitas-en-LAS-CUEVAS.jpg?fit=474%2C356&amp;ssl=1\" class=\"wp-image-974\" src=\"https:\/\/i0.wp.com\/elpicudonegro.com\/web\/wp-content\/uploads\/2017\/04\/pitas-en-LAS-CUEVAS.jpg?resize=352%2C264\" alt=\"\" width=\"352\" height=\"264\" srcset=\"https:\/\/i0.wp.com\/elpicudonegro.com\/web\/wp-content\/uploads\/2017\/04\/pitas-en-LAS-CUEVAS.jpg?resize=300%2C225&amp;ssl=1 300w, https:\/\/i0.wp.com\/elpicudonegro.com\/web\/wp-content\/uploads\/2017\/04\/pitas-en-LAS-CUEVAS.jpg?resize=768%2C576&amp;ssl=1 768w, https:\/\/i0.wp.com\/elpicudonegro.com\/web\/wp-content\/uploads\/2017\/04\/pitas-en-LAS-CUEVAS.jpg?resize=1024%2C768&amp;ssl=1 1024w, https:\/\/i0.wp.com\/elpicudonegro.com\/web\/wp-content\/uploads\/2017\/04\/pitas-en-LAS-CUEVAS.jpg?w=1600&amp;ssl=1 1600w, https:\/\/i0.wp.com\/elpicudonegro.com\/web\/wp-content\/uploads\/2017\/04\/pitas-en-LAS-CUEVAS.jpg?w=948 948w, https:\/\/i0.wp.com\/elpicudonegro.com\/web\/wp-content\/uploads\/2017\/04\/pitas-en-LAS-CUEVAS.jpg?w=1422 1422w\" sizes=\"auto, (max-width: 352px) 100vw, 352px\" \/><figcaption id=\"caption-attachment-974\" class=\"wp-caption-text\">Grupo de pitas afectadas por PICUDO NEGRO<\/figcaption><\/figure>\n<p>El abandono y desentendimiento por parte de las <strong>instituciones p\u00fablicas<\/strong> acerca de la plaga que est\u00e1 afectando a la PITA esta provocando una p\u00e9rdida irreparable a parte de nuestra cultura tradicional, al paisaje y la etnograf\u00eda local.<\/p>\n<figure id=\"attachment_975\" aria-describedby=\"caption-attachment-975\" style=\"width: 436px\" class=\"wp-caption aligncenter\"><img data-recalc-dims=\"1\" loading=\"lazy\" decoding=\"async\" data-attachment-id=\"975\" data-permalink=\"https:\/\/elpicudonegro.com\/web\/2017\/04\/17\/las-pitas-p-n-cabo-gata\/gu_a_de_campo_picudo_del_agave_2016-005\/\" data-orig-file=\"https:\/\/i0.wp.com\/elpicudonegro.com\/web\/wp-content\/uploads\/2017\/04\/Gu_a_de_Campo_Picudo_del_agave_2016-005.jpg?fit=1440%2C1080&amp;ssl=1\" data-orig-size=\"1440,1080\" data-comments-opened=\"1\" data-image-meta=\"{&quot;aperture&quot;:&quot;0&quot;,&quot;credit&quot;:&quot;&quot;,&quot;camera&quot;:&quot;&quot;,&quot;caption&quot;:&quot;&quot;,&quot;created_timestamp&quot;:&quot;0&quot;,&quot;copyright&quot;:&quot;&quot;,&quot;focal_length&quot;:&quot;0&quot;,&quot;iso&quot;:&quot;0&quot;,&quot;shutter_speed&quot;:&quot;0&quot;,&quot;title&quot;:&quot;&quot;,&quot;orientation&quot;:&quot;0&quot;}\" data-image-title=\"Gu_a_de_Campo_Picudo_del_agave_2016-005\" data-image-description=\"\" data-image-caption=\"&lt;p&gt;APUNTES SOBRE LA MORFOLOG\u00cdA DEL PICUDO NEGRO&lt;\/p&gt;\n\" data-large-file=\"https:\/\/i0.wp.com\/elpicudonegro.com\/web\/wp-content\/uploads\/2017\/04\/Gu_a_de_Campo_Picudo_del_agave_2016-005.jpg?fit=474%2C356&amp;ssl=1\" class=\" wp-image-975\" src=\"https:\/\/i0.wp.com\/elpicudonegro.com\/web\/wp-content\/uploads\/2017\/04\/Gu_a_de_Campo_Picudo_del_agave_2016-005.jpg?resize=436%2C327\" alt=\"\" width=\"436\" height=\"327\" srcset=\"https:\/\/i0.wp.com\/elpicudonegro.com\/web\/wp-content\/uploads\/2017\/04\/Gu_a_de_Campo_Picudo_del_agave_2016-005.jpg?resize=300%2C225&amp;ssl=1 300w, https:\/\/i0.wp.com\/elpicudonegro.com\/web\/wp-content\/uploads\/2017\/04\/Gu_a_de_Campo_Picudo_del_agave_2016-005.jpg?resize=768%2C576&amp;ssl=1 768w, https:\/\/i0.wp.com\/elpicudonegro.com\/web\/wp-content\/uploads\/2017\/04\/Gu_a_de_Campo_Picudo_del_agave_2016-005.jpg?resize=1024%2C768&amp;ssl=1 1024w, https:\/\/i0.wp.com\/elpicudonegro.com\/web\/wp-content\/uploads\/2017\/04\/Gu_a_de_Campo_Picudo_del_agave_2016-005.jpg?w=1440&amp;ssl=1 1440w, https:\/\/i0.wp.com\/elpicudonegro.com\/web\/wp-content\/uploads\/2017\/04\/Gu_a_de_Campo_Picudo_del_agave_2016-005.jpg?w=948 948w\" sizes=\"auto, (max-width: 436px) 100vw, 436px\" \/><figcaption id=\"caption-attachment-975\" class=\"wp-caption-text\">APUNTES SOBRE LA MORFOLOG\u00cdA DEL PICUDO NEGRO<\/figcaption><\/figure>\n<p>Terminamos con un p\u00e1rrafo publicado en el ECO se\u00f1alado antes:\u00a0 <em>Solicitamos de nuevo la exclusi\u00f3n del Agave americana (la pita com\u00fan o alzabara) del listado de ex\u00f3ticas invasoras en Almer\u00eda, hace ya 500 a\u00f1os que nos acompa\u00f1a y todos queremos que as\u00ed siga siendo.<\/em><\/p>\n<p>NOTA: La detecci\u00f3n oportuna es fundamental para el manejo y control del insecto &#8211; Revisa peri\u00f3dicamente las pitas de tu entorno. GRACIAS<\/p>\n","protected":false},"excerpt":{"rendered":"<p>Almer\u00eda en general y el P.N. Cabo de Gata en particular es dif\u00edcil entenderlo sin pitas ni pencas, a pesar de la opini\u00f3n de parte de muchos \u201cecologistas\u201d y \u201cgestores\u201d. En su \u00faltimo n\u00famero, la publicaci\u00f3n decana y de referencia en temas ambientales del Cabo de Gata,\u00a0 El Eco del Parque (AMIGOS del PN CABO &hellip; <a href=\"https:\/\/elpicudonegro.com\/web\/2017\/04\/17\/las-pitas-p-n-cabo-gata\/\" class=\"more-link\">Seguir leyendo <span class=\"screen-reader-text\">Las pitas y el P.N. Cabo de Gata<\/span> <span class=\"meta-nav\">&rarr;<\/span><\/a><\/p>\n","protected":false},"author":1,"featured_media":812,"comment_status":"open","ping_status":"open","sticky":false,"template":"","format":"standard","meta":{"jetpack_post_was_ever_published":false,"_jetpack_newsletter_access":"","_jetpack_dont_email_post_to_subs":false,"_jetpack_newsletter_tier_id":0,"_jetpack_memberships_contains_paywalled_content":false,"_jetpack_memberships_contains_paid_content":false,"footnotes":"","jetpack_publicize_message":"","jetpack_publicize_feature_enabled":true,"jetpack_social_post_already_shared":true,"jetpack_social_options":{"image_generator_settings":{"template":"highway","default_image_id":0,"font":"","enabled":false},"version":2}},"categories":[3],"tags":[11],"class_list":["post-973","post","type-post","status-publish","format-standard","has-post-thumbnail","hentry","category-notas-prensa-sobre-picudo-negro","tag-picudo-negro-en-prensa"],"yoast_head":"<!-- This site is optimized with the Yoast SEO plugin v27.4 - https:\/\/yoast.com\/product\/yoast-seo-wordpress\/ -->\n<title>Las pitas y el P.N. Cabo de Gata<\/title>\n<meta name=\"description\" content=\"la publicaci\u00f3n decana en temas ambientales del Cabo de Gata, El Eco del Parque (AMIGOS del PN CABO DE GATA-N\u00cdJAR) hace una breve menci\u00f3n a nuestro trabajo\" \/>\n<meta name=\"robots\" content=\"index, follow, max-snippet:-1, max-image-preview:large, max-video-preview:-1\" \/>\n<link rel=\"canonical\" href=\"https:\/\/elpicudonegro.com\/web\/2017\/04\/17\/las-pitas-p-n-cabo-gata\/\" \/>\n<meta property=\"og:locale\" content=\"es_ES\" \/>\n<meta property=\"og:type\" content=\"article\" \/>\n<meta property=\"og:title\" content=\"Las pitas y el P.N. Cabo de Gata\" \/>\n<meta property=\"og:description\" content=\"la publicaci\u00f3n decana en temas ambientales del Cabo de Gata, El Eco del Parque (AMIGOS del PN CABO DE GATA-N\u00cdJAR) hace una breve menci\u00f3n a nuestro trabajo\" \/>\n<meta property=\"og:url\" content=\"https:\/\/elpicudonegro.com\/web\/2017\/04\/17\/las-pitas-p-n-cabo-gata\/\" \/>\n<meta property=\"og:site_name\" content=\"EL PICUDO NEGRO\" \/>\n<meta property=\"article:published_time\" content=\"2017-04-17T11:05:08+00:00\" \/>\n<meta property=\"article:modified_time\" content=\"2017-04-17T11:31:16+00:00\" \/>\n<meta property=\"og:image\" content=\"https:\/\/i0.wp.com\/elpicudonegro.com\/web\/wp-content\/uploads\/2016\/07\/foto-Consejeria-de-MA-Parque-natural-Cabo-de-Gata.jpg?fit=1024%2C683&ssl=1\" \/>\n\t<meta property=\"og:image:width\" content=\"1024\" \/>\n\t<meta property=\"og:image:height\" content=\"683\" \/>\n\t<meta property=\"og:image:type\" content=\"image\/jpeg\" \/>\n<meta name=\"author\" content=\"administrador\" \/>\n<meta name=\"twitter:card\" content=\"summary_large_image\" \/>\n<meta name=\"twitter:label1\" content=\"Escrito por\" \/>\n\t<meta name=\"twitter:data1\" content=\"administrador\" \/>\n\t<meta name=\"twitter:label2\" content=\"Tiempo de lectura\" \/>\n\t<meta name=\"twitter:data2\" content=\"2 minutos\" \/>\n<script type=\"application\/ld+json\" class=\"yoast-schema-graph\">{\"@context\":\"https:\\\/\\\/schema.org\",\"@graph\":[{\"@type\":\"Article\",\"@id\":\"https:\\\/\\\/elpicudonegro.com\\\/web\\\/2017\\\/04\\\/17\\\/las-pitas-p-n-cabo-gata\\\/#article\",\"isPartOf\":{\"@id\":\"https:\\\/\\\/elpicudonegro.com\\\/web\\\/2017\\\/04\\\/17\\\/las-pitas-p-n-cabo-gata\\\/\"},\"author\":{\"name\":\"administrador\",\"@id\":\"https:\\\/\\\/elpicudonegro.com\\\/web\\\/#\\\/schema\\\/person\\\/94d2eca306e3e8bd545803f8d23f19d1\"},\"headline\":\"Las pitas y el P.N. Cabo de Gata\",\"datePublished\":\"2017-04-17T11:05:08+00:00\",\"dateModified\":\"2017-04-17T11:31:16+00:00\",\"mainEntityOfPage\":{\"@id\":\"https:\\\/\\\/elpicudonegro.com\\\/web\\\/2017\\\/04\\\/17\\\/las-pitas-p-n-cabo-gata\\\/\"},\"wordCount\":346,\"commentCount\":0,\"image\":{\"@id\":\"https:\\\/\\\/elpicudonegro.com\\\/web\\\/2017\\\/04\\\/17\\\/las-pitas-p-n-cabo-gata\\\/#primaryimage\"},\"thumbnailUrl\":\"https:\\\/\\\/i0.wp.com\\\/elpicudonegro.com\\\/web\\\/wp-content\\\/uploads\\\/2016\\\/07\\\/foto-Consejeria-de-MA-Parque-natural-Cabo-de-Gata.jpg?fit=1024%2C683&ssl=1\",\"keywords\":[\"picudo negro en prensa\"],\"articleSection\":[\"Noticias en prensa sobre el PICUDO NEGRO\"],\"inLanguage\":\"es\",\"potentialAction\":[{\"@type\":\"CommentAction\",\"name\":\"Comment\",\"target\":[\"https:\\\/\\\/elpicudonegro.com\\\/web\\\/2017\\\/04\\\/17\\\/las-pitas-p-n-cabo-gata\\\/#respond\"]}]},{\"@type\":\"WebPage\",\"@id\":\"https:\\\/\\\/elpicudonegro.com\\\/web\\\/2017\\\/04\\\/17\\\/las-pitas-p-n-cabo-gata\\\/\",\"url\":\"https:\\\/\\\/elpicudonegro.com\\\/web\\\/2017\\\/04\\\/17\\\/las-pitas-p-n-cabo-gata\\\/\",\"name\":\"Las pitas y el P.N. Cabo de Gata\",\"isPartOf\":{\"@id\":\"https:\\\/\\\/elpicudonegro.com\\\/web\\\/#website\"},\"primaryImageOfPage\":{\"@id\":\"https:\\\/\\\/elpicudonegro.com\\\/web\\\/2017\\\/04\\\/17\\\/las-pitas-p-n-cabo-gata\\\/#primaryimage\"},\"image\":{\"@id\":\"https:\\\/\\\/elpicudonegro.com\\\/web\\\/2017\\\/04\\\/17\\\/las-pitas-p-n-cabo-gata\\\/#primaryimage\"},\"thumbnailUrl\":\"https:\\\/\\\/i0.wp.com\\\/elpicudonegro.com\\\/web\\\/wp-content\\\/uploads\\\/2016\\\/07\\\/foto-Consejeria-de-MA-Parque-natural-Cabo-de-Gata.jpg?fit=1024%2C683&ssl=1\",\"datePublished\":\"2017-04-17T11:05:08+00:00\",\"dateModified\":\"2017-04-17T11:31:16+00:00\",\"author\":{\"@id\":\"https:\\\/\\\/elpicudonegro.com\\\/web\\\/#\\\/schema\\\/person\\\/94d2eca306e3e8bd545803f8d23f19d1\"},\"description\":\"la publicaci\u00f3n decana en temas ambientales del Cabo de Gata, El Eco del Parque (AMIGOS del PN CABO DE GATA-N\u00cdJAR) hace una breve menci\u00f3n a nuestro trabajo\",\"breadcrumb\":{\"@id\":\"https:\\\/\\\/elpicudonegro.com\\\/web\\\/2017\\\/04\\\/17\\\/las-pitas-p-n-cabo-gata\\\/#breadcrumb\"},\"inLanguage\":\"es\",\"potentialAction\":[{\"@type\":\"ReadAction\",\"target\":[\"https:\\\/\\\/elpicudonegro.com\\\/web\\\/2017\\\/04\\\/17\\\/las-pitas-p-n-cabo-gata\\\/\"]}]},{\"@type\":\"ImageObject\",\"inLanguage\":\"es\",\"@id\":\"https:\\\/\\\/elpicudonegro.com\\\/web\\\/2017\\\/04\\\/17\\\/las-pitas-p-n-cabo-gata\\\/#primaryimage\",\"url\":\"https:\\\/\\\/i0.wp.com\\\/elpicudonegro.com\\\/web\\\/wp-content\\\/uploads\\\/2016\\\/07\\\/foto-Consejeria-de-MA-Parque-natural-Cabo-de-Gata.jpg?fit=1024%2C683&ssl=1\",\"contentUrl\":\"https:\\\/\\\/i0.wp.com\\\/elpicudonegro.com\\\/web\\\/wp-content\\\/uploads\\\/2016\\\/07\\\/foto-Consejeria-de-MA-Parque-natural-Cabo-de-Gata.jpg?fit=1024%2C683&ssl=1\",\"width\":1024,\"height\":683,\"caption\":\"Foto extraida de la WEB de la Consejer\u00eda de Medio Ambiente\"},{\"@type\":\"BreadcrumbList\",\"@id\":\"https:\\\/\\\/elpicudonegro.com\\\/web\\\/2017\\\/04\\\/17\\\/las-pitas-p-n-cabo-gata\\\/#breadcrumb\",\"itemListElement\":[{\"@type\":\"ListItem\",\"position\":1,\"name\":\"Portada\",\"item\":\"https:\\\/\\\/elpicudonegro.com\\\/web\\\/\"},{\"@type\":\"ListItem\",\"position\":2,\"name\":\"Las pitas y el P.N. Cabo de Gata\"}]},{\"@type\":\"WebSite\",\"@id\":\"https:\\\/\\\/elpicudonegro.com\\\/web\\\/#website\",\"url\":\"https:\\\/\\\/elpicudonegro.com\\\/web\\\/\",\"name\":\"EL PICUDO NEGRO\",\"description\":\"Control de la plaga de picudo negro en las pitas de Almeria\",\"potentialAction\":[{\"@type\":\"SearchAction\",\"target\":{\"@type\":\"EntryPoint\",\"urlTemplate\":\"https:\\\/\\\/elpicudonegro.com\\\/web\\\/?s={search_term_string}\"},\"query-input\":{\"@type\":\"PropertyValueSpecification\",\"valueRequired\":true,\"valueName\":\"search_term_string\"}}],\"inLanguage\":\"es\"},{\"@type\":\"Person\",\"@id\":\"https:\\\/\\\/elpicudonegro.com\\\/web\\\/#\\\/schema\\\/person\\\/94d2eca306e3e8bd545803f8d23f19d1\",\"name\":\"administrador\",\"image\":{\"@type\":\"ImageObject\",\"inLanguage\":\"es\",\"@id\":\"https:\\\/\\\/secure.gravatar.com\\\/avatar\\\/7a8b4df9d6c0d9e6ae7583f139d0d0dfea955d3a05ac5a6a6961b1a34334d20b?s=96&d=mm&r=g\",\"url\":\"https:\\\/\\\/secure.gravatar.com\\\/avatar\\\/7a8b4df9d6c0d9e6ae7583f139d0d0dfea955d3a05ac5a6a6961b1a34334d20b?s=96&d=mm&r=g\",\"contentUrl\":\"https:\\\/\\\/secure.gravatar.com\\\/avatar\\\/7a8b4df9d6c0d9e6ae7583f139d0d0dfea955d3a05ac5a6a6961b1a34334d20b?s=96&d=mm&r=g\",\"caption\":\"administrador\"},\"url\":\"https:\\\/\\\/elpicudonegro.com\\\/web\\\/author\\\/administrador\\\/\"}]}<\/script>\n<!-- \/ Yoast SEO plugin. -->","yoast_head_json":{"title":"Las pitas y el P.N. Cabo de Gata","description":"la publicaci\u00f3n decana en temas ambientales del Cabo de Gata, El Eco del Parque (AMIGOS del PN CABO DE GATA-N\u00cdJAR) hace una breve menci\u00f3n a nuestro trabajo","robots":{"index":"index","follow":"follow","max-snippet":"max-snippet:-1","max-image-preview":"max-image-preview:large","max-video-preview":"max-video-preview:-1"},"canonical":"https:\/\/elpicudonegro.com\/web\/2017\/04\/17\/las-pitas-p-n-cabo-gata\/","og_locale":"es_ES","og_type":"article","og_title":"Las pitas y el P.N. Cabo de Gata","og_description":"la publicaci\u00f3n decana en temas ambientales del Cabo de Gata, El Eco del Parque (AMIGOS del PN CABO DE GATA-N\u00cdJAR) hace una breve menci\u00f3n a nuestro trabajo","og_url":"https:\/\/elpicudonegro.com\/web\/2017\/04\/17\/las-pitas-p-n-cabo-gata\/","og_site_name":"EL PICUDO NEGRO","article_published_time":"2017-04-17T11:05:08+00:00","article_modified_time":"2017-04-17T11:31:16+00:00","og_image":[{"width":1024,"height":683,"url":"https:\/\/i0.wp.com\/elpicudonegro.com\/web\/wp-content\/uploads\/2016\/07\/foto-Consejeria-de-MA-Parque-natural-Cabo-de-Gata.jpg?fit=1024%2C683&ssl=1","type":"image\/jpeg"}],"author":"administrador","twitter_card":"summary_large_image","twitter_misc":{"Escrito por":"administrador","Tiempo de lectura":"2 minutos"},"schema":{"@context":"https:\/\/schema.org","@graph":[{"@type":"Article","@id":"https:\/\/elpicudonegro.com\/web\/2017\/04\/17\/las-pitas-p-n-cabo-gata\/#article","isPartOf":{"@id":"https:\/\/elpicudonegro.com\/web\/2017\/04\/17\/las-pitas-p-n-cabo-gata\/"},"author":{"name":"administrador","@id":"https:\/\/elpicudonegro.com\/web\/#\/schema\/person\/94d2eca306e3e8bd545803f8d23f19d1"},"headline":"Las pitas y el P.N. Cabo de Gata","datePublished":"2017-04-17T11:05:08+00:00","dateModified":"2017-04-17T11:31:16+00:00","mainEntityOfPage":{"@id":"https:\/\/elpicudonegro.com\/web\/2017\/04\/17\/las-pitas-p-n-cabo-gata\/"},"wordCount":346,"commentCount":0,"image":{"@id":"https:\/\/elpicudonegro.com\/web\/2017\/04\/17\/las-pitas-p-n-cabo-gata\/#primaryimage"},"thumbnailUrl":"https:\/\/i0.wp.com\/elpicudonegro.com\/web\/wp-content\/uploads\/2016\/07\/foto-Consejeria-de-MA-Parque-natural-Cabo-de-Gata.jpg?fit=1024%2C683&ssl=1","keywords":["picudo negro en prensa"],"articleSection":["Noticias en prensa sobre el PICUDO NEGRO"],"inLanguage":"es","potentialAction":[{"@type":"CommentAction","name":"Comment","target":["https:\/\/elpicudonegro.com\/web\/2017\/04\/17\/las-pitas-p-n-cabo-gata\/#respond"]}]},{"@type":"WebPage","@id":"https:\/\/elpicudonegro.com\/web\/2017\/04\/17\/las-pitas-p-n-cabo-gata\/","url":"https:\/\/elpicudonegro.com\/web\/2017\/04\/17\/las-pitas-p-n-cabo-gata\/","name":"Las pitas y el P.N. Cabo de Gata","isPartOf":{"@id":"https:\/\/elpicudonegro.com\/web\/#website"},"primaryImageOfPage":{"@id":"https:\/\/elpicudonegro.com\/web\/2017\/04\/17\/las-pitas-p-n-cabo-gata\/#primaryimage"},"image":{"@id":"https:\/\/elpicudonegro.com\/web\/2017\/04\/17\/las-pitas-p-n-cabo-gata\/#primaryimage"},"thumbnailUrl":"https:\/\/i0.wp.com\/elpicudonegro.com\/web\/wp-content\/uploads\/2016\/07\/foto-Consejeria-de-MA-Parque-natural-Cabo-de-Gata.jpg?fit=1024%2C683&ssl=1","datePublished":"2017-04-17T11:05:08+00:00","dateModified":"2017-04-17T11:31:16+00:00","author":{"@id":"https:\/\/elpicudonegro.com\/web\/#\/schema\/person\/94d2eca306e3e8bd545803f8d23f19d1"},"description":"la publicaci\u00f3n decana en temas ambientales del Cabo de Gata, El Eco del Parque (AMIGOS del PN CABO DE GATA-N\u00cdJAR) hace una breve menci\u00f3n a nuestro trabajo","breadcrumb":{"@id":"https:\/\/elpicudonegro.com\/web\/2017\/04\/17\/las-pitas-p-n-cabo-gata\/#breadcrumb"},"inLanguage":"es","potentialAction":[{"@type":"ReadAction","target":["https:\/\/elpicudonegro.com\/web\/2017\/04\/17\/las-pitas-p-n-cabo-gata\/"]}]},{"@type":"ImageObject","inLanguage":"es","@id":"https:\/\/elpicudonegro.com\/web\/2017\/04\/17\/las-pitas-p-n-cabo-gata\/#primaryimage","url":"https:\/\/i0.wp.com\/elpicudonegro.com\/web\/wp-content\/uploads\/2016\/07\/foto-Consejeria-de-MA-Parque-natural-Cabo-de-Gata.jpg?fit=1024%2C683&ssl=1","contentUrl":"https:\/\/i0.wp.com\/elpicudonegro.com\/web\/wp-content\/uploads\/2016\/07\/foto-Consejeria-de-MA-Parque-natural-Cabo-de-Gata.jpg?fit=1024%2C683&ssl=1","width":1024,"height":683,"caption":"Foto extraida de la WEB de la Consejer\u00eda de Medio Ambiente"},{"@type":"BreadcrumbList","@id":"https:\/\/elpicudonegro.com\/web\/2017\/04\/17\/las-pitas-p-n-cabo-gata\/#breadcrumb","itemListElement":[{"@type":"ListItem","position":1,"name":"Portada","item":"https:\/\/elpicudonegro.com\/web\/"},{"@type":"ListItem","position":2,"name":"Las pitas y el P.N. Cabo de Gata"}]},{"@type":"WebSite","@id":"https:\/\/elpicudonegro.com\/web\/#website","url":"https:\/\/elpicudonegro.com\/web\/","name":"EL PICUDO NEGRO","description":"Control de la plaga de picudo negro en las pitas de Almeria","potentialAction":[{"@type":"SearchAction","target":{"@type":"EntryPoint","urlTemplate":"https:\/\/elpicudonegro.com\/web\/?s={search_term_string}"},"query-input":{"@type":"PropertyValueSpecification","valueRequired":true,"valueName":"search_term_string"}}],"inLanguage":"es"},{"@type":"Person","@id":"https:\/\/elpicudonegro.com\/web\/#\/schema\/person\/94d2eca306e3e8bd545803f8d23f19d1","name":"administrador","image":{"@type":"ImageObject","inLanguage":"es","@id":"https:\/\/secure.gravatar.com\/avatar\/7a8b4df9d6c0d9e6ae7583f139d0d0dfea955d3a05ac5a6a6961b1a34334d20b?s=96&d=mm&r=g","url":"https:\/\/secure.gravatar.com\/avatar\/7a8b4df9d6c0d9e6ae7583f139d0d0dfea955d3a05ac5a6a6961b1a34334d20b?s=96&d=mm&r=g","contentUrl":"https:\/\/secure.gravatar.com\/avatar\/7a8b4df9d6c0d9e6ae7583f139d0d0dfea955d3a05ac5a6a6961b1a34334d20b?s=96&d=mm&r=g","caption":"administrador"},"url":"https:\/\/elpicudonegro.com\/web\/author\/administrador\/"}]}},"jetpack_publicize_connections":[],"jetpack_featured_media_url":"https:\/\/i0.wp.com\/elpicudonegro.com\/web\/wp-content\/uploads\/2016\/07\/foto-Consejeria-de-MA-Parque-natural-Cabo-de-Gata.jpg?fit=1024%2C683&ssl=1","jetpack_sharing_enabled":true,"jetpack_shortlink":"https:\/\/wp.me\/p7lxPt-fH","jetpack-related-posts":[],"_links":{"self":[{"href":"https:\/\/elpicudonegro.com\/web\/wp-json\/wp\/v2\/posts\/973","targetHints":{"allow":["GET"]}}],"collection":[{"href":"https:\/\/elpicudonegro.com\/web\/wp-json\/wp\/v2\/posts"}],"about":[{"href":"https:\/\/elpicudonegro.com\/web\/wp-json\/wp\/v2\/types\/post"}],"author":[{"embeddable":true,"href":"https:\/\/elpicudonegro.com\/web\/wp-json\/wp\/v2\/users\/1"}],"replies":[{"embeddable":true,"href":"https:\/\/elpicudonegro.com\/web\/wp-json\/wp\/v2\/comments?post=973"}],"version-history":[{"count":8,"href":"https:\/\/elpicudonegro.com\/web\/wp-json\/wp\/v2\/posts\/973\/revisions"}],"predecessor-version":[{"id":983,"href":"https:\/\/elpicudonegro.com\/web\/wp-json\/wp\/v2\/posts\/973\/revisions\/983"}],"wp:featuredmedia":[{"embeddable":true,"href":"https:\/\/elpicudonegro.com\/web\/wp-json\/wp\/v2\/media\/812"}],"wp:attachment":[{"href":"https:\/\/elpicudonegro.com\/web\/wp-json\/wp\/v2\/media?parent=973"}],"wp:term":[{"taxonomy":"category","embeddable":true,"href":"https:\/\/elpicudonegro.com\/web\/wp-json\/wp\/v2\/categories?post=973"},{"taxonomy":"post_tag","embeddable":true,"href":"https:\/\/elpicudonegro.com\/web\/wp-json\/wp\/v2\/tags?post=973"}],"curies":[{"name":"wp","href":"https:\/\/api.w.org\/{rel}","templated":true}]}}