{"id":99,"date":"2016-02-29T12:02:12","date_gmt":"2016-02-29T12:02:12","guid":{"rendered":"http:\/\/practicasemprendeweb.com\/alumno05\/?p=99"},"modified":"2016-04-16T16:28:24","modified_gmt":"2016-04-16T16:28:24","slug":"huelva-picudo","status":"publish","type":"post","link":"https:\/\/elpicudonegro.com\/web\/2016\/02\/29\/huelva-picudo\/","title":{"rendered":"Andaluc\u00eda informaci\u00f3n"},"content":{"rendered":"<p>Buenos d\u00edas<\/p>\n<p>Adjuntamos enlace a una nota de prensa sobre picudo negro en Huelva. Ya tiene tiempo, aunque hace una buena descripci\u00f3n de la situaci\u00f3n.<\/p>\n<p><a href=\"http:\/\/andaluciainformacion.es\/andalucia\/323050\/el-picudo-negro-arrasa-ya-pitas-y-aloes-de-matalascaas\/\" target=\"_blank\">ANDALUC\u00cdA INFORMACI\u00d3N \u00a0M.J.\u00a0Florencio\u00a009\/07\/2013<\/a><\/p>\n","protected":false},"excerpt":{"rendered":"<p>Buenos d\u00edas Adjuntamos enlace a una nota de prensa sobre picudo negro en Huelva. Ya tiene tiempo, aunque hace una buena descripci\u00f3n de la situaci\u00f3n. ANDALUC\u00cdA INFORMACI\u00d3N \u00a0M.J.\u00a0Florencio\u00a009\/07\/2013<\/p>\n","protected":false},"author":1,"featured_media":0,"comment_status":"open","ping_status":"open","sticky":false,"template":"","format":"standard","meta":{"jetpack_post_was_ever_published":false,"_jetpack_newsletter_access":"","_jetpack_dont_email_post_to_subs":false,"_jetpack_newsletter_tier_id":0,"_jetpack_memberships_contains_paywalled_content":false,"_jetpack_memberships_contains_paid_content":false,"footnotes":"","jetpack_publicize_message":"","jetpack_publicize_feature_enabled":true,"jetpack_social_post_already_shared":false,"jetpack_social_options":{"image_generator_settings":{"template":"highway","default_image_id":0,"font":"","enabled":false},"version":2}},"categories":[3],"tags":[12],"class_list":["post-99","post","type-post","status-publish","format-standard","hentry","category-notas-prensa-sobre-picudo-negro","tag-prensa-picudo-negro"],"yoast_head":"<!-- This site is optimized with the Yoast SEO plugin v27.4 - https:\/\/yoast.com\/product\/yoast-seo-wordpress\/ -->\n<title>Andaluc\u00eda informaci\u00f3n - EL PICUDO NEGRO<\/title>\n<meta name=\"description\" content=\"Adjuntamos enlace a una nota de prensa sobre picudo negro en Huelva. Ya tiene tiempo, aunque hace una buena descripci\u00f3n de la situaci\u00f3n.\" \/>\n<meta name=\"robots\" content=\"index, follow, max-snippet:-1, max-image-preview:large, max-video-preview:-1\" \/>\n<link rel=\"canonical\" href=\"https:\/\/elpicudonegro.com\/web\/2016\/02\/29\/huelva-picudo\/\" \/>\n<meta property=\"og:locale\" content=\"es_ES\" \/>\n<meta property=\"og:type\" content=\"article\" \/>\n<meta property=\"og:title\" content=\"Andaluc\u00eda informaci\u00f3n - EL PICUDO NEGRO\" \/>\n<meta property=\"og:description\" content=\"Adjuntamos enlace a una nota de prensa sobre picudo negro en Huelva. Ya tiene tiempo, aunque hace una buena descripci\u00f3n de la situaci\u00f3n.\" \/>\n<meta property=\"og:url\" content=\"https:\/\/elpicudonegro.com\/web\/2016\/02\/29\/huelva-picudo\/\" \/>\n<meta property=\"og:site_name\" content=\"EL PICUDO NEGRO\" \/>\n<meta property=\"article:published_time\" content=\"2016-02-29T12:02:12+00:00\" \/>\n<meta property=\"article:modified_time\" content=\"2016-04-16T16:28:24+00:00\" \/>\n<meta name=\"author\" content=\"administrador\" \/>\n<meta name=\"twitter:card\" content=\"summary_large_image\" \/>\n<meta name=\"twitter:label1\" content=\"Escrito por\" \/>\n\t<meta name=\"twitter:data1\" content=\"administrador\" \/>\n<script type=\"application\/ld+json\" class=\"yoast-schema-graph\">{\"@context\":\"https:\\\/\\\/schema.org\",\"@graph\":[{\"@type\":\"Article\",\"@id\":\"https:\\\/\\\/elpicudonegro.com\\\/web\\\/2016\\\/02\\\/29\\\/huelva-picudo\\\/#article\",\"isPartOf\":{\"@id\":\"https:\\\/\\\/elpicudonegro.com\\\/web\\\/2016\\\/02\\\/29\\\/huelva-picudo\\\/\"},\"author\":{\"name\":\"administrador\",\"@id\":\"https:\\\/\\\/elpicudonegro.com\\\/web\\\/#\\\/schema\\\/person\\\/94d2eca306e3e8bd545803f8d23f19d1\"},\"headline\":\"Andaluc\u00eda informaci\u00f3n\",\"datePublished\":\"2016-02-29T12:02:12+00:00\",\"dateModified\":\"2016-04-16T16:28:24+00:00\",\"mainEntityOfPage\":{\"@id\":\"https:\\\/\\\/elpicudonegro.com\\\/web\\\/2016\\\/02\\\/29\\\/huelva-picudo\\\/\"},\"wordCount\":39,\"commentCount\":0,\"keywords\":[\"prensa picudo negro\"],\"articleSection\":[\"Noticias en prensa sobre el PICUDO NEGRO\"],\"inLanguage\":\"es\",\"potentialAction\":[{\"@type\":\"CommentAction\",\"name\":\"Comment\",\"target\":[\"https:\\\/\\\/elpicudonegro.com\\\/web\\\/2016\\\/02\\\/29\\\/huelva-picudo\\\/#respond\"]}]},{\"@type\":\"WebPage\",\"@id\":\"https:\\\/\\\/elpicudonegro.com\\\/web\\\/2016\\\/02\\\/29\\\/huelva-picudo\\\/\",\"url\":\"https:\\\/\\\/elpicudonegro.com\\\/web\\\/2016\\\/02\\\/29\\\/huelva-picudo\\\/\",\"name\":\"Andaluc\u00eda informaci\u00f3n - EL PICUDO NEGRO\",\"isPartOf\":{\"@id\":\"https:\\\/\\\/elpicudonegro.com\\\/web\\\/#website\"},\"datePublished\":\"2016-02-29T12:02:12+00:00\",\"dateModified\":\"2016-04-16T16:28:24+00:00\",\"author\":{\"@id\":\"https:\\\/\\\/elpicudonegro.com\\\/web\\\/#\\\/schema\\\/person\\\/94d2eca306e3e8bd545803f8d23f19d1\"},\"description\":\"Adjuntamos enlace a una nota de prensa sobre picudo negro en Huelva. Ya tiene tiempo, aunque hace una buena descripci\u00f3n de la situaci\u00f3n.\",\"breadcrumb\":{\"@id\":\"https:\\\/\\\/elpicudonegro.com\\\/web\\\/2016\\\/02\\\/29\\\/huelva-picudo\\\/#breadcrumb\"},\"inLanguage\":\"es\",\"potentialAction\":[{\"@type\":\"ReadAction\",\"target\":[\"https:\\\/\\\/elpicudonegro.com\\\/web\\\/2016\\\/02\\\/29\\\/huelva-picudo\\\/\"]}]},{\"@type\":\"BreadcrumbList\",\"@id\":\"https:\\\/\\\/elpicudonegro.com\\\/web\\\/2016\\\/02\\\/29\\\/huelva-picudo\\\/#breadcrumb\",\"itemListElement\":[{\"@type\":\"ListItem\",\"position\":1,\"name\":\"Portada\",\"item\":\"https:\\\/\\\/elpicudonegro.com\\\/web\\\/\"},{\"@type\":\"ListItem\",\"position\":2,\"name\":\"Andaluc\u00eda informaci\u00f3n\"}]},{\"@type\":\"WebSite\",\"@id\":\"https:\\\/\\\/elpicudonegro.com\\\/web\\\/#website\",\"url\":\"https:\\\/\\\/elpicudonegro.com\\\/web\\\/\",\"name\":\"EL PICUDO NEGRO\",\"description\":\"Control de la plaga de picudo negro en las pitas de Almeria\",\"potentialAction\":[{\"@type\":\"SearchAction\",\"target\":{\"@type\":\"EntryPoint\",\"urlTemplate\":\"https:\\\/\\\/elpicudonegro.com\\\/web\\\/?s={search_term_string}\"},\"query-input\":{\"@type\":\"PropertyValueSpecification\",\"valueRequired\":true,\"valueName\":\"search_term_string\"}}],\"inLanguage\":\"es\"},{\"@type\":\"Person\",\"@id\":\"https:\\\/\\\/elpicudonegro.com\\\/web\\\/#\\\/schema\\\/person\\\/94d2eca306e3e8bd545803f8d23f19d1\",\"name\":\"administrador\",\"image\":{\"@type\":\"ImageObject\",\"inLanguage\":\"es\",\"@id\":\"https:\\\/\\\/secure.gravatar.com\\\/avatar\\\/7a8b4df9d6c0d9e6ae7583f139d0d0dfea955d3a05ac5a6a6961b1a34334d20b?s=96&d=mm&r=g\",\"url\":\"https:\\\/\\\/secure.gravatar.com\\\/avatar\\\/7a8b4df9d6c0d9e6ae7583f139d0d0dfea955d3a05ac5a6a6961b1a34334d20b?s=96&d=mm&r=g\",\"contentUrl\":\"https:\\\/\\\/secure.gravatar.com\\\/avatar\\\/7a8b4df9d6c0d9e6ae7583f139d0d0dfea955d3a05ac5a6a6961b1a34334d20b?s=96&d=mm&r=g\",\"caption\":\"administrador\"},\"url\":\"https:\\\/\\\/elpicudonegro.com\\\/web\\\/author\\\/administrador\\\/\"}]}<\/script>\n<!-- \/ Yoast SEO plugin. -->","yoast_head_json":{"title":"Andaluc\u00eda informaci\u00f3n - EL PICUDO NEGRO","description":"Adjuntamos enlace a una nota de prensa sobre picudo negro en Huelva. Ya tiene tiempo, aunque hace una buena descripci\u00f3n de la situaci\u00f3n.","robots":{"index":"index","follow":"follow","max-snippet":"max-snippet:-1","max-image-preview":"max-image-preview:large","max-video-preview":"max-video-preview:-1"},"canonical":"https:\/\/elpicudonegro.com\/web\/2016\/02\/29\/huelva-picudo\/","og_locale":"es_ES","og_type":"article","og_title":"Andaluc\u00eda informaci\u00f3n - EL PICUDO NEGRO","og_description":"Adjuntamos enlace a una nota de prensa sobre picudo negro en Huelva. Ya tiene tiempo, aunque hace una buena descripci\u00f3n de la situaci\u00f3n.","og_url":"https:\/\/elpicudonegro.com\/web\/2016\/02\/29\/huelva-picudo\/","og_site_name":"EL PICUDO NEGRO","article_published_time":"2016-02-29T12:02:12+00:00","article_modified_time":"2016-04-16T16:28:24+00:00","author":"administrador","twitter_card":"summary_large_image","twitter_misc":{"Escrito por":"administrador"},"schema":{"@context":"https:\/\/schema.org","@graph":[{"@type":"Article","@id":"https:\/\/elpicudonegro.com\/web\/2016\/02\/29\/huelva-picudo\/#article","isPartOf":{"@id":"https:\/\/elpicudonegro.com\/web\/2016\/02\/29\/huelva-picudo\/"},"author":{"name":"administrador","@id":"https:\/\/elpicudonegro.com\/web\/#\/schema\/person\/94d2eca306e3e8bd545803f8d23f19d1"},"headline":"Andaluc\u00eda informaci\u00f3n","datePublished":"2016-02-29T12:02:12+00:00","dateModified":"2016-04-16T16:28:24+00:00","mainEntityOfPage":{"@id":"https:\/\/elpicudonegro.com\/web\/2016\/02\/29\/huelva-picudo\/"},"wordCount":39,"commentCount":0,"keywords":["prensa picudo negro"],"articleSection":["Noticias en prensa sobre el PICUDO NEGRO"],"inLanguage":"es","potentialAction":[{"@type":"CommentAction","name":"Comment","target":["https:\/\/elpicudonegro.com\/web\/2016\/02\/29\/huelva-picudo\/#respond"]}]},{"@type":"WebPage","@id":"https:\/\/elpicudonegro.com\/web\/2016\/02\/29\/huelva-picudo\/","url":"https:\/\/elpicudonegro.com\/web\/2016\/02\/29\/huelva-picudo\/","name":"Andaluc\u00eda informaci\u00f3n - EL PICUDO NEGRO","isPartOf":{"@id":"https:\/\/elpicudonegro.com\/web\/#website"},"datePublished":"2016-02-29T12:02:12+00:00","dateModified":"2016-04-16T16:28:24+00:00","author":{"@id":"https:\/\/elpicudonegro.com\/web\/#\/schema\/person\/94d2eca306e3e8bd545803f8d23f19d1"},"description":"Adjuntamos enlace a una nota de prensa sobre picudo negro en Huelva. Ya tiene tiempo, aunque hace una buena descripci\u00f3n de la situaci\u00f3n.","breadcrumb":{"@id":"https:\/\/elpicudonegro.com\/web\/2016\/02\/29\/huelva-picudo\/#breadcrumb"},"inLanguage":"es","potentialAction":[{"@type":"ReadAction","target":["https:\/\/elpicudonegro.com\/web\/2016\/02\/29\/huelva-picudo\/"]}]},{"@type":"BreadcrumbList","@id":"https:\/\/elpicudonegro.com\/web\/2016\/02\/29\/huelva-picudo\/#breadcrumb","itemListElement":[{"@type":"ListItem","position":1,"name":"Portada","item":"https:\/\/elpicudonegro.com\/web\/"},{"@type":"ListItem","position":2,"name":"Andaluc\u00eda informaci\u00f3n"}]},{"@type":"WebSite","@id":"https:\/\/elpicudonegro.com\/web\/#website","url":"https:\/\/elpicudonegro.com\/web\/","name":"EL PICUDO NEGRO","description":"Control de la plaga de picudo negro en las pitas de Almeria","potentialAction":[{"@type":"SearchAction","target":{"@type":"EntryPoint","urlTemplate":"https:\/\/elpicudonegro.com\/web\/?s={search_term_string}"},"query-input":{"@type":"PropertyValueSpecification","valueRequired":true,"valueName":"search_term_string"}}],"inLanguage":"es"},{"@type":"Person","@id":"https:\/\/elpicudonegro.com\/web\/#\/schema\/person\/94d2eca306e3e8bd545803f8d23f19d1","name":"administrador","image":{"@type":"ImageObject","inLanguage":"es","@id":"https:\/\/secure.gravatar.com\/avatar\/7a8b4df9d6c0d9e6ae7583f139d0d0dfea955d3a05ac5a6a6961b1a34334d20b?s=96&d=mm&r=g","url":"https:\/\/secure.gravatar.com\/avatar\/7a8b4df9d6c0d9e6ae7583f139d0d0dfea955d3a05ac5a6a6961b1a34334d20b?s=96&d=mm&r=g","contentUrl":"https:\/\/secure.gravatar.com\/avatar\/7a8b4df9d6c0d9e6ae7583f139d0d0dfea955d3a05ac5a6a6961b1a34334d20b?s=96&d=mm&r=g","caption":"administrador"},"url":"https:\/\/elpicudonegro.com\/web\/author\/administrador\/"}]}},"jetpack_publicize_connections":[],"jetpack_featured_media_url":"","jetpack_sharing_enabled":true,"jetpack_shortlink":"https:\/\/wp.me\/p7lxPt-1B","jetpack-related-posts":[],"_links":{"self":[{"href":"https:\/\/elpicudonegro.com\/web\/wp-json\/wp\/v2\/posts\/99","targetHints":{"allow":["GET"]}}],"collection":[{"href":"https:\/\/elpicudonegro.com\/web\/wp-json\/wp\/v2\/posts"}],"about":[{"href":"https:\/\/elpicudonegro.com\/web\/wp-json\/wp\/v2\/types\/post"}],"author":[{"embeddable":true,"href":"https:\/\/elpicudonegro.com\/web\/wp-json\/wp\/v2\/users\/1"}],"replies":[{"embeddable":true,"href":"https:\/\/elpicudonegro.com\/web\/wp-json\/wp\/v2\/comments?post=99"}],"version-history":[{"count":4,"href":"https:\/\/elpicudonegro.com\/web\/wp-json\/wp\/v2\/posts\/99\/revisions"}],"predecessor-version":[{"id":242,"href":"https:\/\/elpicudonegro.com\/web\/wp-json\/wp\/v2\/posts\/99\/revisions\/242"}],"wp:attachment":[{"href":"https:\/\/elpicudonegro.com\/web\/wp-json\/wp\/v2\/media?parent=99"}],"wp:term":[{"taxonomy":"category","embeddable":true,"href":"https:\/\/elpicudonegro.com\/web\/wp-json\/wp\/v2\/categories?post=99"},{"taxonomy":"post_tag","embeddable":true,"href":"https:\/\/elpicudonegro.com\/web\/wp-json\/wp\/v2\/tags?post=99"}],"curies":[{"name":"wp","href":"https:\/\/api.w.org\/{rel}","templated":true}]}}